{"id":197731,"date":"2026-09-02T14:26:41","date_gmt":"2026-09-02T14:26:41","guid":{"rendered":"https:\/\/somoscordobeses.com\/2026\/09\/02\/de-maradona-a-messi-pedido-hinchas-retirar-10-seleccion\/"},"modified":"2026-09-02T14:26:41","modified_gmt":"2026-09-02T14:26:41","slug":"de-maradona-a-messi-el-pedido-de-los-hinchas-de-retirar-la-10-de-la-seleccion","status":"publish","type":"post","link":"http:\/\/cordobainforma.info\/index.php\/2026\/09\/02\/de-maradona-a-messi-el-pedido-de-los-hinchas-de-retirar-la-10-de-la-seleccion\/","title":{"rendered":"De Maradona a Messi: el pedido de los hinchas de retirar la 10 de la Selecci\u00f3n"},"content":{"rendered":"<div><img src=\"http:\/\/cordobainforma.info\/wp-content\/uploads\/2026\/09\/de-maradona-a-messi-el-pedido-de-los-hinchas-de-retirar-la-10-de-la-seleccion.jpg\" class=\"ff-og-image-inserted\"><\/div>\n<p><strong>El retiro de Lionel Messi reactiv\u00f3 la propuesta de retirar la camiseta n\u00famero 10 de la Selecci\u00f3n Argentina. En 2002, la AFA intent\u00f3 lo mismo con Diego Maradona y obtuvo una autorizaci\u00f3n inicial de la FIFA, que luego fue revertida.<\/strong><\/p>\n<p>El retiro de Lionel Messi de la Selecci\u00f3n Argentina volvi\u00f3 a poner sobre la mesa una propuesta: retirar la camiseta n\u00famero 10 en homenaje al capit\u00e1n. La idea no es nueva. En 2002, la AFA de Julio Grondona intent\u00f3 hacer lo mismo con Diego Maradona y consigui\u00f3 el visto bueno inicial para que Argentina disputara el Mundial de Corea-Jap\u00f3n sin utilizar la hist\u00f3rica 10. Sin embargo, a pocos d\u00edas del comienzo del torneo, la FIFA dio marcha atr\u00e1s y oblig\u00f3 a mantener la numeraci\u00f3n tradicional.<\/p>\n<p>El 25 de septiembre de 2001, el Comit\u00e9 Ejecutivo de la AFA, bajo la conducci\u00f3n de Grondona, decidi\u00f3 retirar la camiseta n\u00famero 10 de la Selecci\u00f3n Argentina como tributo a Diego Maradona. La iniciativa gener\u00f3 orgullo en el propio Maradona y abri\u00f3 un debate entre futbolistas que hab\u00edan utilizado ese dorsal.<\/p>\n<p>Maradona expres\u00f3: \u201cQue yo sea el due\u00f1o de la camiseta significa much\u00edsimo para m\u00ed, con todos los grandes que hubo, que hay y que habr\u00e1 en la Argentina. Que retiren la 10 en mi honor es hermoso, porque la celeste y blanca es lo m\u00e1s grande que hay. Es como la vieja\u201d.<\/p>\n<p>Mario Kempes, campe\u00f3n del Mundial de 1978, fue uno de los detractores. En una columna publicada en el diario Ol\u00e9, sostuvo: \u201cPara m\u00ed la camiseta no se tendr\u00eda que retirar, porque no es la camiseta de una persona, sino la del f\u00fatbol argentino\u201d.<\/p>\n<p>La AFA comenz\u00f3 a aplicar la decisi\u00f3n en amistosos y partidos de Eliminatorias. Ariel Ortega fue el \u00faltimo en usar la n\u00famero 10 en ese camino clasificatorio, el 8 de noviembre, en la victoria 2-0 ante Per\u00fa en el Monumental. Seis d\u00edas despu\u00e9s, en el empate 1-1 frente a Uruguay en Montevideo, Ortega us\u00f3 la camiseta n\u00famero 23.<\/p>\n<p>Con Argentina clasificada al Mundial de Corea-Jap\u00f3n 2002, Grondona propuso que la Selecci\u00f3n viajara sin la 10, reemplaz\u00e1ndola por la n\u00famero 24. La iniciativa recibi\u00f3 inicialmente el visto bueno del Comit\u00e9 Organizador del Mundial. Joseph Blatter, entonces presidente de la FIFA, hab\u00eda dado se\u00f1ales favorables. La FIFA calific\u00f3 el gesto hacia Maradona como \u201cuna excepci\u00f3n \u00fanica\u201d.<\/p>\n<p>El plan establec\u00eda que Roberto Bonano, tercer arquero del equipo dirigido por Marcelo Bielsa, llevar\u00eda la camiseta n\u00famero 24. Sin embargo, el 26 de mayo, cinco d\u00edas antes del inicio del Mundial, el Comit\u00e9 Ejecutivo de la FIFA se reuni\u00f3 en Se\u00fal y decidi\u00f3 no ratificar la autorizaci\u00f3n. El organismo consider\u00f3 que modificar la numeraci\u00f3n a pocos d\u00edas del torneo no era conveniente. Ortega us\u00f3 la 10 en la Copa asi\u00e1tica.<\/p>\n<p>Blatter defendi\u00f3 la decisi\u00f3n y record\u00f3 que exist\u00eda un reglamento. Argument\u00f3: \u201cHubo un 6 como Beckenbauer, un 7 como Gento, un 9 como Di Stefano\u201d. Adem\u00e1s, hizo un comentario sobre Bonano: \u201cPuede ser muy divertido que el n\u00famero 10 de la Selecci\u00f3n Argentina pueda utilizar sus manos para agarrar el bal\u00f3n\u201d.<\/p>\n<p>Seg\u00fan una reconstrucci\u00f3n publicada por el diario espa\u00f1ol El Mundo, representantes de Camer\u00fan, entre ellos Issa Hayatou, se habr\u00edan opuesto a la excepci\u00f3n. Hayatou era entonces rival de Blatter en la carrera por la presidencia de la FIFA. Permitir que Argentina retirara la 10 podr\u00eda abrir la puerta a reclamos similares de otras selecciones y generar un costo pol\u00edtico para Blatter.<\/p>\n<p>Grondona, tras la decisi\u00f3n de la FIFA, asegur\u00f3 que el tema quedaba \u201cen suspenso\u201d y anticip\u00f3 que volver\u00eda a discutirse. Plante\u00f3 que para el siguiente Mundial la numeraci\u00f3n podr\u00eda ampliarse y que Argentina mantendr\u00eda su decisi\u00f3n de descartar la 10 en homenaje a Maradona. Esa promesa no se concret\u00f3 en una Copa del Mundo.<\/p>\n<p>M\u00e1s de dos d\u00e9cadas despu\u00e9s, la discusi\u00f3n vuelve a aparecer alrededor de Lionel Messi. La posibilidad de retirar la n\u00famero 10 de la Selecci\u00f3n vuelve a despertar el debate sobre si un dorsal hist\u00f3rico debe permanecer en la cancha o convertirse en un s\u00edmbolo reservado para una leyenda. La AFA ya intent\u00f3 retirar la camiseta m\u00e1s emblem\u00e1tica del f\u00fatbol argentino por Maradona, obtuvo una autorizaci\u00f3n inicial y estuvo a punto de llevar el homenaje al Mundial. La FIFA, finalmente, dijo que no.<\/p>\n","protected":false},"excerpt":{"rendered":"<p>El retiro de Lionel Messi reactiv\u00f3 la propuesta de retirar la camiseta n\u00famero 10 de la Selecci\u00f3n Argentina. En 2002, la AFA intent\u00f3 lo mismo con Diego Maradona y obtuvo una autorizaci\u00f3n inicial de la FIFA, que luego fue revertida. El retiro de Lionel Messi de la Selecci\u00f3n Argentina volvi\u00f3 a poner sobre la mesa [&hellip;]<\/p>\n","protected":false},"author":1,"featured_media":197732,"comment_status":"closed","ping_status":"closed","sticky":false,"template":"","format":"standard","meta":[],"categories":[20,2],"tags":[],"_links":{"self":[{"href":"http:\/\/cordobainforma.info\/index.php\/wp-json\/wp\/v2\/posts\/197731"}],"collection":[{"href":"http:\/\/cordobainforma.info\/index.php\/wp-json\/wp\/v2\/posts"}],"about":[{"href":"http:\/\/cordobainforma.info\/index.php\/wp-json\/wp\/v2\/types\/post"}],"author":[{"embeddable":true,"href":"http:\/\/cordobainforma.info\/index.php\/wp-json\/wp\/v2\/users\/1"}],"replies":[{"embeddable":true,"href":"http:\/\/cordobainforma.info\/index.php\/wp-json\/wp\/v2\/comments?post=197731"}],"version-history":[{"count":0,"href":"http:\/\/cordobainforma.info\/index.php\/wp-json\/wp\/v2\/posts\/197731\/revisions"}],"wp:featuredmedia":[{"embeddable":true,"href":"http:\/\/cordobainforma.info\/index.php\/wp-json\/wp\/v2\/media\/197732"}],"wp:attachment":[{"href":"http:\/\/cordobainforma.info\/index.php\/wp-json\/wp\/v2\/media?parent=197731"}],"wp:term":[{"taxonomy":"category","embeddable":true,"href":"http:\/\/cordobainforma.info\/index.php\/wp-json\/wp\/v2\/categories?post=197731"},{"taxonomy":"post_tag","embeddable":true,"href":"http:\/\/cordobainforma.info\/index.php\/wp-json\/wp\/v2\/tags?post=197731"}],"curies":[{"name":"wp","href":"https:\/\/api.w.org\/{rel}","templated":true}]}}