{"id":197723,"date":"2026-09-01T21:35:58","date_gmt":"2026-09-01T21:35:58","guid":{"rendered":"https:\/\/somoscordobeses.com\/2026\/09\/01\/ferrari-tributo-michael-schumacher-gp-italia-monza\/"},"modified":"2026-09-01T21:35:58","modified_gmt":"2026-09-01T21:35:58","slug":"ferrari-presento-un-tributo-a-michael-schumacher-para-el-gp-de-italia-en-monza","status":"publish","type":"post","link":"http:\/\/cordobainforma.info\/index.php\/2026\/09\/01\/ferrari-presento-un-tributo-a-michael-schumacher-para-el-gp-de-italia-en-monza\/","title":{"rendered":"Ferrari present\u00f3 un tributo a Michael Schumacher para el GP de Italia en Monza"},"content":{"rendered":"<div><img src=\"http:\/\/cordobainforma.info\/wp-content\/uploads\/2026\/09\/ferrari-presento-un-tributo-a-michael-schumacher-para-el-gp-de-italia-en-monza.jpg\" class=\"ff-og-image-inserted\"><\/div>\n<div class=\"tdb-block-inner td-fix-index\" readability=\"42\">\n<p><strong>La escuder\u00eda italiana confirm\u00f3 el dise\u00f1o conmemorativo de los monoplazas y la indumentaria de Charles Leclerc y Lewis Hamilton para el Gran Premio de Italia, que se disputar\u00e1 entre el 4 y el 6 de septiembre en Monza.<\/strong><\/p>\n<p>Ferrari confirm\u00f3 que los monoplazas SF-26 de Charles Leclerc y Lewis Hamilton lucir\u00e1n un dise\u00f1o conmemorativo durante el Gran Premio de Italia, que se celebrar\u00e1 en el Autodromo Nazionale di Monza entre el viernes 4 y el domingo 6 de septiembre. El homenaje se realiza en el marco de los 30 a\u00f1os de la llegada de Michael Schumacher a la escuder\u00eda y las dos d\u00e9cadas de su \u00faltima victoria con el equipo.<\/p>\n<p>El dise\u00f1o de los autos abandona el esquema habitual de la temporada y recupera el rojo como color dominante, con llantas doradas que evocan las piezas de magnesio de los monoplazas de mediados de los a\u00f1os 90. En el chasis se incluyen siete estrellas blancas, en referencia a los siete t\u00edtulos mundiales del piloto alem\u00e1n, junto con su firma cerca del cockpit y la inscripci\u00f3n \u201c3\/72\u201d en el aler\u00f3n trasero, que recuerda sus tres primeras victorias de un total de 72 logradas con Ferrari.<\/p>\n<p>Adem\u00e1s, la escuder\u00eda anunci\u00f3 la presencia de tres monoplazas hist\u00f3ricos asociados a la carrera de Schumacher: el F310 de 1996, el 248 F1 de 2006 y el F2002. Este \u00faltimo ser\u00e1 utilizado en una exhibici\u00f3n el s\u00e1bado por Rubens Barrichello y el domingo, antes de la carrera, por Sebastian Vettel.<\/p>\n<p>La indumentaria de Leclerc y Hamilton para esta fecha mantiene el rojo cl\u00e1sico de Ferrari e incorpora franjas blancas horizontales en hombros y brazos, siete estrellas en la parte alta de la espalda, la firma de Schumacher bordada en la cadera y los n\u00fameros de cada piloto (44 y 16). Los calzados de competici\u00f3n Puma siguen la misma est\u00e9tica.<\/p>\n<p>El cronograma oficial del Gran Premio de Italia es el siguiente:<\/p>\n<ul>\n<li>Viernes 4 de septiembre: Pr\u00e1ctica Libre 1 (07:30 hs) y Pr\u00e1ctica Libre 2 (11:00 hs).<\/li>\n<li>S\u00e1bado 5 de septiembre: Pr\u00e1ctica Libre 3 (07:00 hs) y Clasificaci\u00f3n (11:00 hs).<\/li>\n<li>Domingo 6 de septiembre: Carrera (10:00 hs).<\/li>\n<\/ul>\n<\/div>\n","protected":false},"excerpt":{"rendered":"<p>La escuder\u00eda italiana confirm\u00f3 el dise\u00f1o conmemorativo de los monoplazas y la indumentaria de Charles Leclerc y Lewis Hamilton para el Gran Premio de Italia, que se disputar\u00e1 entre el 4 y el 6 de septiembre en Monza. Ferrari confirm\u00f3 que los monoplazas SF-26 de Charles Leclerc y Lewis Hamilton lucir\u00e1n un dise\u00f1o conmemorativo durante [&hellip;]<\/p>\n","protected":false},"author":1,"featured_media":197724,"comment_status":"closed","ping_status":"closed","sticky":false,"template":"","format":"standard","meta":[],"categories":[20,2],"tags":[],"_links":{"self":[{"href":"http:\/\/cordobainforma.info\/index.php\/wp-json\/wp\/v2\/posts\/197723"}],"collection":[{"href":"http:\/\/cordobainforma.info\/index.php\/wp-json\/wp\/v2\/posts"}],"about":[{"href":"http:\/\/cordobainforma.info\/index.php\/wp-json\/wp\/v2\/types\/post"}],"author":[{"embeddable":true,"href":"http:\/\/cordobainforma.info\/index.php\/wp-json\/wp\/v2\/users\/1"}],"replies":[{"embeddable":true,"href":"http:\/\/cordobainforma.info\/index.php\/wp-json\/wp\/v2\/comments?post=197723"}],"version-history":[{"count":0,"href":"http:\/\/cordobainforma.info\/index.php\/wp-json\/wp\/v2\/posts\/197723\/revisions"}],"wp:featuredmedia":[{"embeddable":true,"href":"http:\/\/cordobainforma.info\/index.php\/wp-json\/wp\/v2\/media\/197724"}],"wp:attachment":[{"href":"http:\/\/cordobainforma.info\/index.php\/wp-json\/wp\/v2\/media?parent=197723"}],"wp:term":[{"taxonomy":"category","embeddable":true,"href":"http:\/\/cordobainforma.info\/index.php\/wp-json\/wp\/v2\/categories?post=197723"},{"taxonomy":"post_tag","embeddable":true,"href":"http:\/\/cordobainforma.info\/index.php\/wp-json\/wp\/v2\/tags?post=197723"}],"curies":[{"name":"wp","href":"https:\/\/api.w.org\/{rel}","templated":true}]}}