{"id":197717,"date":"2026-09-01T20:26:28","date_gmt":"2026-09-01T20:26:28","guid":{"rendered":"https:\/\/www.escribiendocine.com\/noticias\/2026\/09\/01\/24754-murio-eduardo-calcagno-director-de-yepeto-y-referente-del-cine-argentino"},"modified":"2026-09-01T20:26:28","modified_gmt":"2026-09-01T20:26:28","slug":"murio-eduardo-calcagno-director-de-yepeto-y-referente-del-cine-argentino","status":"publish","type":"post","link":"http:\/\/cordobainforma.info\/index.php\/2026\/09\/01\/murio-eduardo-calcagno-director-de-yepeto-y-referente-del-cine-argentino\/","title":{"rendered":"Muri\u00f3 Eduardo Calcagno, director de \u201cYepeto\u201d y referente del cine argentino"},"content":{"rendered":"<div class=\"media_block\"><\/div>\n<div><img src=\"http:\/\/cordobainforma.info\/wp-content\/uploads\/2026\/09\/murio-eduardo-calcagno-director-de-yepeto-y-referente-del-cine-argentino.jpg\" class=\"ff-og-image-inserted\"><\/div>\n<div readability=\"24.19512195122\">\n<div class=\"col-xs-12 col-sm-6 col-md-12 col-lg-3 no-padding col-der\" readability=\"7\">\n<p> <span class=\"fecha\">martes 01 de septiembre de 2026 <\/span> <\/p>\n<\/p><\/div><\/div>\n<div readability=\"76\">\n<p class=\"isSelectedEnd\">Nacido en 1941, Calcagno era hijo del cr\u00edtico cinematogr\u00e1fico Raymundo Calcagno, conocido por el seud\u00f3nimo Calki. Durante la d\u00e9cada de 1960 comenz\u00f3 su recorrido profesional siguiendo el trabajo de su padre: ejerci\u00f3 la cr\u00edtica en el diario <em>El Mundo<\/em>, Radio Splendid y Canal 13.<\/p>\n<p class=\"isSelectedEnd\">Luego pas\u00f3 al terreno de la realizaci\u00f3n. Trabaj\u00f3 como camar\u00f3grafo de Manuel Ant\u00edn en <strong>Los argentinos<\/strong>, ciclo dedicado a diferentes personalidades del pa\u00eds. Tambi\u00e9n se desempe\u00f1\u00f3 como jefe de producci\u00f3n, asistente de direcci\u00f3n y director de cine publicitario.<\/p>\n<h2>De \u201cFuiste m\u00eda un verano\u201d a \u201cYepeto\u201d<\/h2>\n<p class=\"isSelectedEnd\">Su debut en el largometraje se produjo en 1969 con <strong>Fuiste m\u00eda un verano<\/strong>, proyecto surgido a partir del alcance popular de la canci\u00f3n interpretada por Leonardo Favio. Fue el propio Favio quien lo convoc\u00f3 para dirigir la pel\u00edcula, protagonizada por \u00e9l junto con Susana Gim\u00e9nez.<\/p>\n<p class=\"isSelectedEnd\">A partir de ese trabajo, Calcagno construy\u00f3 una filmograf\u00eda atravesada por diferentes g\u00e9neros, formatos y momentos del cine argentino. Entre sus realizaciones se encuentran el cortometraje <strong>El diablo sin dama<\/strong> (1970), la pel\u00edcula epis\u00f3dica <strong>Cuatr\u00f3nicas<\/strong> (1971), el mediometraje <strong>Nunca dejes de empujar, Antonio<\/strong> (1978), <strong>La conquista del para\u00edso<\/strong> (1980), <strong>Los enemigos<\/strong> (1983) y <strong>Te amo<\/strong> (1986).<\/p>\n<p class=\"isSelectedEnd\">En 1995 estren\u00f3 <strong>El censor<\/strong>, una pel\u00edcula protagonizada por Ulises Dumont y Patricio Contreras que abord\u00f3 los mecanismos de control ejercidos sobre el cine durante la \u00faltima dictadura militar argentina.<\/p>\n<p class=\"isSelectedEnd\">Cuatro a\u00f1os despu\u00e9s lleg\u00f3 <strong>Yepeto<\/strong> (1999), adaptaci\u00f3n de la obra teatral de Roberto Cossa, con Ulises Dumont, Nicol\u00e1s Cabr\u00e9 y Alejandra Flechner. La pel\u00edcula obtuvo reconocimientos en los festivales de Biarritz, Friburgo, La Habana, Madrid, Miami, Santo Domingo y Santa Cruz de la Sierra. Tambi\u00e9n fue premiada por la Asociaci\u00f3n de Cronistas Cinematogr\u00e1ficos de la Argentina.<\/p>\n<p class=\"isSelectedEnd\">Su producci\u00f3n posterior incluy\u00f3 <strong>El salto de Cristian<\/strong> (2007) y <strong>Ulises, un alma desbordada<\/strong> (2014), documental centrado en la vida y el trabajo de Ulises Dumont. Esta \u00faltima obra retom\u00f3 una relaci\u00f3n art\u00edstica sostenida durante d\u00e9cadas y registr\u00f3 el lugar del actor dentro del cine y el teatro argentinos.<\/p>\n<p class=\"isSelectedEnd\">Durante los \u00faltimos a\u00f1os de su trayectoria, su nombre estuvo vinculado con <strong>Historias Breves<\/strong>, el concurso de cortometrajes impulsado por el INCAA desde la d\u00e9cada de 1990, que abri\u00f3 un espacio de producci\u00f3n y difusi\u00f3n para distintas generaciones de cineastas argentinos.<\/p>\n<h2>Cu\u00e1ndo ser\u00e1 despedido Eduardo Calcagno<\/h2>\n<p class=\"isSelectedEnd\">El velatorio de Eduardo Calcagno se realizar\u00e1 el mi\u00e9rcoles 2 de septiembre, desde las 10, en el Jard\u00edn de Paz, ubicado en el kil\u00f3metro 32,5 del ramal Pilar de la autopista Panamericana. La cremaci\u00f3n tendr\u00e1 lugar a las 11.30 en el mismo cementerio.<\/p>\n<\/p><\/div>\n","protected":false},"excerpt":{"rendered":"<p>martes 01 de septiembre de 2026 Nacido en 1941, Calcagno era hijo del cr\u00edtico cinematogr\u00e1fico Raymundo Calcagno, conocido por el seud\u00f3nimo Calki. Durante la d\u00e9cada de 1960 comenz\u00f3 su recorrido profesional siguiendo el trabajo de su padre: ejerci\u00f3 la cr\u00edtica en el diario El Mundo, Radio Splendid y Canal 13. Luego pas\u00f3 al terreno de [&hellip;]<\/p>\n","protected":false},"author":1,"featured_media":197718,"comment_status":"open","ping_status":"closed","sticky":false,"template":"","format":"standard","meta":[],"categories":[21],"tags":[],"_links":{"self":[{"href":"http:\/\/cordobainforma.info\/index.php\/wp-json\/wp\/v2\/posts\/197717"}],"collection":[{"href":"http:\/\/cordobainforma.info\/index.php\/wp-json\/wp\/v2\/posts"}],"about":[{"href":"http:\/\/cordobainforma.info\/index.php\/wp-json\/wp\/v2\/types\/post"}],"author":[{"embeddable":true,"href":"http:\/\/cordobainforma.info\/index.php\/wp-json\/wp\/v2\/users\/1"}],"replies":[{"embeddable":true,"href":"http:\/\/cordobainforma.info\/index.php\/wp-json\/wp\/v2\/comments?post=197717"}],"version-history":[{"count":0,"href":"http:\/\/cordobainforma.info\/index.php\/wp-json\/wp\/v2\/posts\/197717\/revisions"}],"wp:featuredmedia":[{"embeddable":true,"href":"http:\/\/cordobainforma.info\/index.php\/wp-json\/wp\/v2\/media\/197718"}],"wp:attachment":[{"href":"http:\/\/cordobainforma.info\/index.php\/wp-json\/wp\/v2\/media?parent=197717"}],"wp:term":[{"taxonomy":"category","embeddable":true,"href":"http:\/\/cordobainforma.info\/index.php\/wp-json\/wp\/v2\/categories?post=197717"},{"taxonomy":"post_tag","embeddable":true,"href":"http:\/\/cordobainforma.info\/index.php\/wp-json\/wp\/v2\/tags?post=197717"}],"curies":[{"name":"wp","href":"https:\/\/api.w.org\/{rel}","templated":true}]}}