{"id":197715,"date":"2026-09-01T20:23:47","date_gmt":"2026-09-01T20:23:47","guid":{"rendered":"http:\/\/cordobainforma.info\/index.php\/2026\/09\/01\/putin-sobre-amenazas-de-zelenski-no-se-negocia-con-terroristas\/"},"modified":"2026-09-01T20:23:47","modified_gmt":"2026-09-01T20:23:47","slug":"putin-sobre-amenazas-de-zelenski-no-se-negocia-con-terroristas","status":"publish","type":"post","link":"http:\/\/cordobainforma.info\/index.php\/2026\/09\/01\/putin-sobre-amenazas-de-zelenski-no-se-negocia-con-terroristas\/","title":{"rendered":"Putin sobre amenazas de Zelenski: \u00abNo se negocia con terroristas\u00bb"},"content":{"rendered":"<p><img src=\"http:\/\/cordobainforma.info\/wp-content\/uploads\/2026\/09\/putin-sobre-amenazas-de-zelenski-no-se-negocia-con-terroristas.jpg\"><\/p>\n<div><img src=\"http:\/\/cordobainforma.info\/wp-content\/uploads\/2026\/09\/putin-sobre-amenazas-de-zelenski-no-se-negocia-con-terroristas-2.jpg\" class=\"ff-og-image-inserted\"><\/div>\n<div class=\"Text-root Text-type_5 ArticleView-text ViewText-root \">\n<p>El presidente ruso, Vlad\u00edmir Putin, coment\u00f3 las amenazas de Zelenski de realizar ataques&nbsp;contra el tr\u00e1fico&nbsp;a\u00e9reo ruso.<\/p>\n<p>\u00abSi esto se dice en voz alta, es simplemente el terrorismo de Estado. Y quisiera se\u00f1alar que nos piden que reanudemos las negociaciones, que solicitemos reuniones personales. No negociamos con terroristas. Y en segundo lugar, en ese mismo sentido, si ocurrieran tales tragedias, encontraremos la manera de responder. Que nadie lo dude\u00bb, afirm\u00f3 Putin.<\/p>\n<p><strong><em>M\u00e1s informaci\u00f3n, en breve.<\/em><\/strong><\/p>\n<\/div>\n","protected":false},"excerpt":{"rendered":"<p>El presidente ruso, Vlad\u00edmir Putin, coment\u00f3 las amenazas de Zelenski de realizar ataques&nbsp;contra el tr\u00e1fico&nbsp;a\u00e9reo ruso. \u00abSi esto se dice en voz alta, es simplemente el terrorismo de Estado. Y quisiera se\u00f1alar que nos piden que reanudemos las negociaciones, que solicitemos reuniones personales. No negociamos con terroristas. Y en segundo lugar, en ese mismo sentido, [&hellip;]<\/p>\n","protected":false},"author":1,"featured_media":197716,"comment_status":"closed","ping_status":"closed","sticky":false,"template":"","format":"standard","meta":[],"categories":[22],"tags":[],"_links":{"self":[{"href":"http:\/\/cordobainforma.info\/index.php\/wp-json\/wp\/v2\/posts\/197715"}],"collection":[{"href":"http:\/\/cordobainforma.info\/index.php\/wp-json\/wp\/v2\/posts"}],"about":[{"href":"http:\/\/cordobainforma.info\/index.php\/wp-json\/wp\/v2\/types\/post"}],"author":[{"embeddable":true,"href":"http:\/\/cordobainforma.info\/index.php\/wp-json\/wp\/v2\/users\/1"}],"replies":[{"embeddable":true,"href":"http:\/\/cordobainforma.info\/index.php\/wp-json\/wp\/v2\/comments?post=197715"}],"version-history":[{"count":0,"href":"http:\/\/cordobainforma.info\/index.php\/wp-json\/wp\/v2\/posts\/197715\/revisions"}],"wp:featuredmedia":[{"embeddable":true,"href":"http:\/\/cordobainforma.info\/index.php\/wp-json\/wp\/v2\/media\/197716"}],"wp:attachment":[{"href":"http:\/\/cordobainforma.info\/index.php\/wp-json\/wp\/v2\/media?parent=197715"}],"wp:term":[{"taxonomy":"category","embeddable":true,"href":"http:\/\/cordobainforma.info\/index.php\/wp-json\/wp\/v2\/categories?post=197715"},{"taxonomy":"post_tag","embeddable":true,"href":"http:\/\/cordobainforma.info\/index.php\/wp-json\/wp\/v2\/tags?post=197715"}],"curies":[{"name":"wp","href":"https:\/\/api.w.org\/{rel}","templated":true}]}}