{"id":197711,"date":"2026-09-01T05:52:11","date_gmt":"2026-09-01T05:52:11","guid":{"rendered":"https:\/\/www.mujerhoy.com\/vivir\/fitness\/anakarina-balza-master-trainer-por-que-empezar-pilates-septiembre-habito-constante-20260901135543-nt.html"},"modified":"2026-09-01T05:52:11","modified_gmt":"2026-09-01T05:52:11","slug":"anakarina-balza-master-trainer-si-empiezas-en-septiembre-y-eres-constante-llegaras-al-invierno-con-una-buena-base-tecnica","status":"publish","type":"post","link":"http:\/\/cordobainforma.info\/index.php\/2026\/09\/01\/anakarina-balza-master-trainer-si-empiezas-en-septiembre-y-eres-constante-llegaras-al-invierno-con-una-buena-base-tecnica\/","title":{"rendered":"Anakarina Balza, Master Trainer: \u00abSi empiezas en septiembre y eres constante, llegar\u00e1s al invierno con una buena base t\u00e9cnica\u00bb"},"content":{"rendered":"<div class=\"media_block\"><\/div>\n<p><!-- AUTHOR --><\/p>\n<div class=\"voc-author-timesocial \">\n<!-- AUTHOR --><\/p>\n<div class=\"voc-author-timesocial__signature \">\n<!-- IMAGE AUTHOR -->\n<picture class=\"voc-image-signature\">\n<img class=\"voc-image-signature__img\" src=\"http:\/\/cordobainforma.info\/wp-content\/uploads\/2026\/09\/anakarina-balza-master-trainer-si-empiezas-en-septiembre-y-eres-constante-llegaras-al-invierno-con-una-buena-base-tecnica.png\" alt=\"Sandra Hern\u00e1ndez\">\n<\/picture>\n<!-- INFO AUTHOR --> <\/div><\/div>\n<p> <!-- COMPONENTS --><\/p>\n<p class=\"voc-paragraph\">Cada septiembre pasa lo mismo: se recuperan horarios y se reorganiza la semana entera. <strong>Anakarina Balza, instructora de pilates con 25 a\u00f1os de experiencia y Master Trainer de Club Pilates Espa\u00f1a<\/strong>, ve en ese reinicio la verdadera raz\u00f3n por la que este mes funciona bien para dar el salto al reformer. \u00abM\u00e1s que por el mes en s\u00ed, porque septiembre suele ser el momento en el que recuperamos horarios y volvemos a organizar nuestra semana. Es una buena oportunidad para crear un h\u00e1bito estable y mantenerlo durante los meses siguientes\u00bb, explica.<\/p>\n<p class=\"voc-paragraph\">No hace falta haber pisado antes una esterilla de pilates para subirse <a href=\"https:\/\/www.mujerhoy.com\/vivir\/fitness\/metodo-bajo-impacto-esculpe-corrige-postura-cuida-20260407062817-nt.html\" target=\"_self\" data-voc-vtm-id=\"in-text-traffic\" data-mrf-link=\"www.mujerhoy.com\" rel=\"noopener noreferrer\">al reformer<\/a>. \u00ab<strong>No hace falta haber practicado pilates en esterilla para empezar<\/strong><a href=\"https:\/\/www.mujerhoy.com\/vivir\/bienestar\/pilates-reformer-ejercicio-mayores-50-anos-ganar-fuerza-adelgazar-20250428074659-nt.html\" target=\"_self\" data-voc-vtm-id=\"in-text-traffic\" data-mrf-link=\"www.mujerhoy.com\" rel=\"noopener noreferrer\">en reformer.<\/a> Cualquier persona puede iniciarse en una clase introductoria\u00bb, se\u00f1ala Balza. Haber trabajado antes en suelo ayuda a conocer los principios del m\u00e9todo, pero no es un requisito para dar el paso.<\/p>\n<div class=\"v-c-cmp v-c-cmp--t1 \">\n<div class=\"v-cmp-rld v-cmp-rld--2 \">\n<div class=\"v-cnt-m v-cnt-m--m\">\n<div class=\"v-cnt-m__c\">\n<div class=\"v-cnt-m__w v-cnt-m__w--1\">\n<p class=\"v-cnt-m__t\">\nTAMBI\u00c9N TE INTERESA\n<\/p>\n<\/div>\n<\/div>\n<\/div>\n<div class=\"v-g v-g--2-c v-g--bdr-min-xs\">\n<div class=\"v-g__c \">\n<article class=\"v-a v-a--cmp-rld v-a--cmp-rld-2 v-a--p-l\">\n<div class=\"v-a-img-c\">\n<figure class=\"v-a-fig\">\n<a href=\"https:\/\/www.mujerhoy.com\/vivir\/fitness\/laura-cabral-maestra-pilates-roll-down-reformer-20260822085746-nt.html#vtm_modulosEngag=mod-rel:vivir:noticia:1:cmp:2-not\" class=\"v-a-link\" title=\"Laura Cabral, maestra en Pilates: \u00abEl roll down en reformer parece una simple flexi\u00f3n, pero moviliza la columna v\u00e9rtebra a v\u00e9rtebra\u00bb\"><br \/>\n<img loading=\"lazy\" class=\"v-a-img\" src=\"http:\/\/cordobainforma.info\/wp-content\/uploads\/2026\/09\/anakarina-balza-master-trainer-si-empiezas-en-septiembre-y-eres-constante-llegaras-al-invierno-con-una-buena-base-tecnica.jpg\" alt=\"Laura Cabral, maestra en Pilates: \u00abEl roll down en reformer parece una simple flexi\u00f3n, pero moviliza la columna v\u00e9rtebra a v\u00e9rtebra\u00bb\"><br \/>\n<\/a><br \/>\n<\/figure>\n<\/div>\n<\/article>\n<\/div>\n<div class=\"v-g__c \">\n<article class=\"v-a v-a--cmp-rld v-a--cmp-rld-2 v-a--p-l\">\n<div class=\"v-a-img-c\">\n<figure class=\"v-a-fig\">\n<a href=\"https:\/\/www.mujerhoy.com\/vivir\/bienestar\/sandra-lorden-nutricionista-deportiva-snack-verano-ideal-20260821114512-nt.html#vtm_modulosEngag=mod-rel:vivir:noticia:2:cmp:2-not\" class=\"v-a-link\" title=\"Sandra Lord\u00e9n, nutricionista deportiva: \u00abEl snack de verano ideal no es el que tiene menos calor\u00edas, es el que controla el apetito\u00bb\"><br \/>\n<img loading=\"lazy\" class=\"v-a-img\" src=\"http:\/\/cordobainforma.info\/wp-content\/uploads\/2026\/09\/anakarina-balza-master-trainer-si-empiezas-en-septiembre-y-eres-constante-llegaras-al-invierno-con-una-buena-base-tecnica-1.jpg\" alt=\"Sandra Lord\u00e9n, nutricionista deportiva: \u00abEl snack de verano ideal no es el que tiene menos calor\u00edas, es el que controla el apetito\u00bb\"><br \/>\n<\/a><br \/>\n<\/figure>\n<\/div>\n<\/article>\n<\/div>\n<\/div>\n<\/div>\n<\/div>\n<p class=\"voc-paragraph\">Lo que m\u00e1s sorprende al principio son los muelles. \u00abLo que m\u00e1s suele sorprender es el trabajo con <strong>los muelles, que ofrecen resistencia y ayuda al mismo tiempo<\/strong>\u00bb, explica Balza. Al inicio exige m\u00e1s coordinaci\u00f3n de la esperada, pero muy pronto empieza a aportar algo que la esterilla no da con la misma inmediatez: conciencia de la postura y de c\u00f3mo se mueve el cuerpo en cada ejercicio.<\/p>\n<p class=\"voc-paragraph\">Esa doble funci\u00f3n de los muelles, resistir y ayudar a la vez, es justo lo que distingue al reformer de otros formatos <a href=\"https:\/\/www.mujerhoy.com\/vivir\/fitness\/rutina-pilates-pared-15-minutos-adelgazar-tonificar-cuerpo-20250407071956-nt.html\" target=\"_self\" data-voc-vtm-id=\"in-text-traffic\" data-mrf-link=\"www.mujerhoy.com\" rel=\"noopener noreferrer\">de pilates.<\/a> Al principio cuesta entender cu\u00e1ndo el muelle empuja y cu\u00e1ndo hay que oponerse a \u00e9l, pero esa misma confusi\u00f3n inicial es la que <strong>ense\u00f1a a moverse con m\u00e1s precisi\u00f3n<\/strong>. Con el tiempo, esa resistencia deja de sentirse como un obst\u00e1culo y empieza a percibirse como una gu\u00eda que corrige la t\u00e9cnica en tiempo real, algo que en la esterilla depende \u00fanicamente de la propia percepci\u00f3n corporal.<\/p>\n<p><h3 class=\"v-cmp-suh\">\nVentajas frente al pilates en esterilla<br \/>\n<\/h3>\n<\/p>\n<p class=\"voc-paragraph\">La resistencia ajustable es la gran diferencia. \u00abEl reformer permite adaptar la resistencia y progresar de forma muy personalizada. <strong>Ofrece un est\u00edmulo diferente para trabajar fuerza, estabilidad y coordinaci\u00f3n<\/strong>\u00bb, explica Balza. En la esterilla, el peso corporal es la \u00fanica resistencia disponible; en el reformer, esa variable se puede subir o bajar seg\u00fan el ejercicio y el nivel de cada persona.<\/p>\n<p class=\"voc-paragraph\">Esa capacidad de ajuste tiene un efecto directo sobre la progresi\u00f3n. Un mismo ejercicio puede resultar accesible para quien empieza y exigente para quien lleva meses practicando, simplemente cambiando la tensi\u00f3n de los muelles. Es una de las razones por las que <strong>el reformer suele generar m\u00e1s sensaci\u00f3n de avance que la esterilla en los primeros meses.<\/strong><\/p>\n<p class=\"voc-paragraph\">\u00bfEs septiembre, entonces, el mejor mes desde el punto de vista fisiol\u00f3gico? Balza matiza la pregunta. <strong>\u00abNo dir\u00eda que sea el mejor desde un punto de vista fisiol\u00f3gico, pero s\u00ed uno de los m\u00e1s f\u00e1ciles para adquirir el h\u00e1bito\u00bb, afirma.<\/strong> El cuerpo no responde de forma distinta al reformer en septiembre que en cualquier otro mes; lo que cambia es la disposici\u00f3n mental y la organizaci\u00f3n del tiempo.<\/p>\n<p class=\"voc-paragraph\">\u00abSi empiezas en septiembre y <strong>eres constante, llegar\u00e1s al invierno con una buena base t\u00e9cnica y mucha m\u00e1s confianza en el trabajo con el reformer<\/strong>\u00bb, resume Balza. La clave, otra vez, no est\u00e1 en el calendario sino en sostener el h\u00e1bito el tiempo suficiente para que el cuerpo aprenda a moverse con los muelles. <strong>Tres o cuatro meses de pr\u00e1ctica continuada<\/strong> suelen ser el margen en el que la mayor\u00eda de alumnas empieza a notar que los movimientos que al principio exig\u00edan tanta concentraci\u00f3n se vuelven mucho m\u00e1s naturales.<\/p>\n<p class=\"voc-paragraph\">Con m\u00e1s de dos d\u00e9cadas formando instructores en el programa Teacher Training de Club Pilates, Balza insiste en que <strong>el reformer no exige experiencia previa, solo la disposici\u00f3n a empezar por lo b\u00e1sico.<\/strong> Septiembre, con su promesa de rutina renovada, es simplemente el empuj\u00f3n que muchas personas necesitan para dar ese primer paso. No hace falta llegar con un nivel concreto ni con a\u00f1os de pr\u00e1ctica a la espalda: basta con presentarse a la primera clase introductoria y dejar que el propio m\u00e9todo marque el ritmo de aprendizaje.<\/p>\n<div class=\"v-c-cmp v-c-cmp--t1 \">\n<div class=\"v-cmp-rld v-cmp-rld--2 \">\n<div class=\"v-cnt-m v-cnt-m--m\">\n<div class=\"v-cnt-m__c\">\n<div class=\"v-cnt-m__w v-cnt-m__w--1\">\n<p class=\"v-cnt-m__t\">\nTAMBI\u00c9N TE INTERESA\n<\/p>\n<\/div>\n<\/div>\n<\/div>\n<div class=\"v-g v-g--2-c v-g--bdr-min-xs\">\n<div class=\"v-g__c \">\n<article class=\"v-a v-a--cmp-rld v-a--cmp-rld-2 v-a--p-l\">\n<div class=\"v-a-img-c\">\n<figure class=\"v-a-fig\">\n<a href=\"https:\/\/www.mujerhoy.com\/vivir\/fitness\/ale-llosa-fundadora-metodo-ko-experta-yoga-mejores-sitios-entrenar-20260814121630-nt.html#vtm_modulosEngag=mod-rel:vivir:noticia:1:cmp:1-not\" class=\"v-a-link\" title=\"Ale Llosa, fundadora del M\u00e9todo KO: \u00abLa arena amortigua las ca\u00eddas, por eso es el lugar perfecto para perderle el miedo a las invertidas\u00bb\"><br \/>\n<img loading=\"lazy\" class=\"v-a-img\" src=\"http:\/\/cordobainforma.info\/wp-content\/uploads\/2026\/09\/anakarina-balza-master-trainer-si-empiezas-en-septiembre-y-eres-constante-llegaras-al-invierno-con-una-buena-base-tecnica-2.jpg\" alt=\"Ale Llosa, fundadora del M\u00e9todo KO: \u00abLa arena amortigua las ca\u00eddas, por eso es el lugar perfecto para perderle el miedo a las invertidas\u00bb\"><br \/>\n<\/a><br \/>\n<\/figure>\n<\/div>\n<\/article>\n<\/div>\n<\/div>\n<\/div>\n<\/div>\n","protected":false},"excerpt":{"rendered":"<p>Cada septiembre pasa lo mismo: se recuperan horarios y se reorganiza la semana entera. Anakarina Balza, instructora de pilates con 25 a\u00f1os de experiencia y Master Trainer de Club Pilates Espa\u00f1a, ve en ese reinicio la verdadera raz\u00f3n por la que este mes funciona bien para dar el salto al reformer. \u00abM\u00e1s que por el [&hellip;]<\/p>\n","protected":false},"author":1,"featured_media":197712,"comment_status":"open","ping_status":"closed","sticky":false,"template":"","format":"standard","meta":[],"categories":[18],"tags":[],"_links":{"self":[{"href":"http:\/\/cordobainforma.info\/index.php\/wp-json\/wp\/v2\/posts\/197711"}],"collection":[{"href":"http:\/\/cordobainforma.info\/index.php\/wp-json\/wp\/v2\/posts"}],"about":[{"href":"http:\/\/cordobainforma.info\/index.php\/wp-json\/wp\/v2\/types\/post"}],"author":[{"embeddable":true,"href":"http:\/\/cordobainforma.info\/index.php\/wp-json\/wp\/v2\/users\/1"}],"replies":[{"embeddable":true,"href":"http:\/\/cordobainforma.info\/index.php\/wp-json\/wp\/v2\/comments?post=197711"}],"version-history":[{"count":0,"href":"http:\/\/cordobainforma.info\/index.php\/wp-json\/wp\/v2\/posts\/197711\/revisions"}],"wp:featuredmedia":[{"embeddable":true,"href":"http:\/\/cordobainforma.info\/index.php\/wp-json\/wp\/v2\/media\/197712"}],"wp:attachment":[{"href":"http:\/\/cordobainforma.info\/index.php\/wp-json\/wp\/v2\/media?parent=197711"}],"wp:term":[{"taxonomy":"category","embeddable":true,"href":"http:\/\/cordobainforma.info\/index.php\/wp-json\/wp\/v2\/categories?post=197711"},{"taxonomy":"post_tag","embeddable":true,"href":"http:\/\/cordobainforma.info\/index.php\/wp-json\/wp\/v2\/tags?post=197711"}],"curies":[{"name":"wp","href":"https:\/\/api.w.org\/{rel}","templated":true}]}}