{"id":197709,"date":"2026-09-01T12:55:13","date_gmt":"2026-09-01T12:55:13","guid":{"rendered":"https:\/\/www.mujerhoy.com\/vivir\/ocio\/nuevos-libros-septiembre-2026-recomendados-julia-navarro-rodrigo-cortes-20260901064700-nt.html"},"modified":"2026-09-01T12:55:13","modified_gmt":"2026-09-01T12:55:13","slug":"de-rodrigo-cortes-a-julia-navarro-los-22-libros-mas-esperados-de-las-novedades-editoriales-de-septiembre","status":"publish","type":"post","link":"http:\/\/cordobainforma.info\/index.php\/2026\/09\/01\/de-rodrigo-cortes-a-julia-navarro-los-22-libros-mas-esperados-de-las-novedades-editoriales-de-septiembre\/","title":{"rendered":"De Rodrigo Cort\u00e9s a Julia Navarro: los 22 libros m\u00e1s esperados de las novedades editoriales de septiembre"},"content":{"rendered":"<div class=\"media_block\"><\/div>\n<p><!-- AUTHOR --><\/p>\n<div class=\"voc-author-timesocial \">\n<!-- AUTHOR --><\/p>\n<div class=\"voc-author-timesocial__signature \">\n<!-- IMAGE AUTHOR -->\n<picture class=\"voc-image-signature\">\n<img class=\"voc-image-signature__img\" src=\"http:\/\/cordobainforma.info\/wp-content\/uploads\/2026\/09\/de-rodrigo-cortes-a-julia-navarro-los-22-libros-mas-esperados-de-las-novedades-editoriales-de-septiembre.jpg\" alt=\"Alo\u00f1a Fdez. Larrechi\">\n<\/picture>\n<!-- INFO AUTHOR --> <\/div><\/div>\n<p> <!-- COMPONENTS --><\/p>\n<p class=\"voc-paragraph\">Lo nuevo de Freida McFadden, la obra m\u00e1s personal de Elisabet Benavent o la \u00faltima investigaci\u00f3n del maestro del periodismo, <a href=\"https:\/\/www.mujerhoy.com\/actualidad\/patrick-radden-keefe-entrevista-cabeza-de-serpiente-no-digas-nada-periodismo-20240901135127-nt.html\" title data-voc-vtm-id=\"in-text-traffic\" data-mrf-link=\"www.mujerhoy.com\">Patrick Raddden Keefe<\/a>&#8230; Los <a href=\"https:\/\/www.mujerhoy.com\/vivir\/ocio\/novedades-libros-otono-2026-freida-mcfadden-carmen-mola-nuevas-novelas-20260824152856-nt.html\" title data-voc-vtm-id=\"in-text-traffic\" data-mrf-link=\"www.mujerhoy.com\">libros m\u00e1s esperados del oto\u00f1o<\/a> ya nos trajeron algunas <strong>novedades editoriales<\/strong> que no nos pod\u00edamos perder en septiembre. Pero nos hemos sumergido en profundidad en los lanzamientos que nos esperan este mes y hemos seleccionado 22 libros que van a dar que hablar, de Rodrigo Cort\u00e9s a Julia Navarro.<\/p>\n<p class=\"voc-paragraph\">El Romancero Gitano de <a href=\"https:\/\/www.mujerhoy.com\/actualidad\/federico-garcia-lorca-90-aniversario-muerte-peliculas-teatro-homenajes-20260818143508-nt.html\" title data-voc-vtm-id=\"in-text-traffic\" data-mrf-link=\"www.mujerhoy.com\">Lorca<\/a> ilustrado por la artista murciana Ilu Ros, un interesant\u00edsimo ensayo sobre la procrastinaci\u00f3n o el \u00faltimo libro de la exitosa serie de Rebecca Yarros, Emp\u00edreo, son otras de las nuevas propuestas literarias que vamos a encontrar <strong>en nuestra librer\u00eda favorita<\/strong> pr\u00f3ximamente. Lanzamientos que har\u00e1n el regreso a la rutina mucho m\u00e1s llevadera a trav\u00e9s de narraciones apasionantes, historias reales repletas de inter\u00e9s y novelas de nuestros escritores favoritos que siempre nos hacen disfrutar.<\/p>\n<div class=\"v-c-cmp v-c-cmp--t1 \">\n<div class=\"v-cmp-rld v-cmp-rld--2 \">\n<div class=\"v-cnt-m v-cnt-m--m\">\n<div class=\"v-cnt-m__c\">\n<div class=\"v-cnt-m__w v-cnt-m__w--1\">\n<p class=\"v-cnt-m__t\">\nTAMBI\u00c9N TE INTERESA\n<\/p>\n<\/div>\n<\/div>\n<\/div>\n<div class=\"v-g v-g--2-c v-g--bdr-min-xs\">\n<div class=\"v-g__c \">\n<article class=\"v-a v-a--cmp-rld v-a--cmp-rld-2 v-a--p-l\">\n<div class=\"v-a-img-c\">\n<figure class=\"v-a-fig\">\n<a href=\"https:\/\/www.mujerhoy.com\/actualidad\/shakira-conciertos-madrid-macondo-cien-anos-soledad-garcia-marquez-20260830114537-nt.html#vtm_modulosEngag=mod-rel:vivir:noticia:1:cmp:2-not\" class=\"v-a-link\" title=\"Por qu\u00e9 tienes que (re)leer Cien a\u00f1os de soledad, el libro de Garc\u00eda M\u00e1rquez en el que se inspiran los pr\u00f3ximos conciertos de Shakira en Madrid\"><br \/>\n<img loading=\"lazy\" class=\"v-a-img\" src=\"http:\/\/cordobainforma.info\/wp-content\/uploads\/2026\/09\/de-rodrigo-cortes-a-julia-navarro-los-22-libros-mas-esperados-de-las-novedades-editoriales-de-septiembre-1.jpg\" alt=\"Por qu\u00e9 tienes que (re)leer Cien a\u00f1os de soledad, el libro de Garc\u00eda M\u00e1rquez en el que se inspiran los pr\u00f3ximos conciertos de Shakira en Madrid\"><br \/>\n<\/a><br \/>\n<\/figure>\n<\/div>\n<\/article>\n<\/div>\n<div class=\"v-g__c \">\n<article class=\"v-a v-a--cmp-rld v-a--cmp-rld-2 v-a--p-l\">\n<div class=\"v-a-img-c\">\n<figure class=\"v-a-fig\">\n<a href=\"https:\/\/www.mujerhoy.com\/vivir\/ocio\/libre-novela-recomendada-club-lectura-dua-lipa-lea-ypi-20260817065500-nt.html#vtm_modulosEngag=mod-rel:vivir:noticia:2:cmp:2-not\" class=\"v-a-link\" title=\"La novela recomendada por el club de lectura de Dua Lipa que ya es uno de mis libros favoritos de este a\u00f1o\"><br \/>\n<img loading=\"lazy\" class=\"v-a-img\" src=\"http:\/\/cordobainforma.info\/wp-content\/uploads\/2026\/09\/de-rodrigo-cortes-a-julia-navarro-los-22-libros-mas-esperados-de-las-novedades-editoriales-de-septiembre-2.jpg\" alt=\"La novela recomendada por el club de lectura de Dua Lipa que ya es uno de mis libros favoritos de este a\u00f1o\"><br \/>\n<\/a><br \/>\n<\/figure>\n<\/div>\n<\/article>\n<\/div>\n<\/div>\n<\/div>\n<\/div>\n<p class=\"voc-paragraph\">As\u00ed que si t\u00fa tambi\u00e9n est\u00e1s deseando encontrar esa propuesta literaria con la que disfrutar de tu afici\u00f3n favorita este mes de <strong>septiembre<\/strong>, estos son los 22 libros m\u00e1s esperados de las novedades editoriales de las pr\u00f3ximas semanas.<\/p>\n<div class=\"v-c-cmp \">\n<div class=\"v-cmp-m v-cmp-m--t1\">\n<article class=\"v-a v-a--cmp-m v-c-cmp--m-p\">\n<div class=\"v-a-img-c v-a-img-c--fw-xs\">\n<div class=\"v-a-fig\">\n<div class=\"v-a-link\">\n<img loading=\"lazy\" src=\"http:\/\/cordobainforma.info\/wp-content\/uploads\/2026\/09\/de-rodrigo-cortes-a-julia-navarro-los-22-libros-mas-esperados-de-las-novedades-editoriales-de-septiembre-3.jpg\" class=\"v-a-img\" width=\"650\" height=\"975\" alt=\"Portada de la novela de Francesco Casolo, El estafador.\" data-voc-vtm-id=\"in-text-traffic\">\n<\/div><figcaption class=\"v-fc\">\n<span class=\"v-fc__t\"><br \/>\nPortada de la novela de Francesco Casolo, El estafador.<br \/>\n<\/span><br \/>\n<span class=\"v-fc__p\"><br \/>\nSeix Barral<br \/>\n<\/span><br \/>\n<\/figcaption><\/div>\n<\/div>\n<\/article>\n<\/div>\n<\/div>\n<p><h3 class=\"v-cmp-suh\">\nEl estafador. Francesco Casolo. Seix Barral.<br \/>\n<\/h3>\n<\/p>\n<p class=\"voc-paragraph\">Cuando Fabio Montari y Angelo Cantuzzi se conocen, el primero es un joven banquero reci\u00e9n separado; el segundo, un anciano empresario marcado por un drama familiar. Fabio gestiona las fortunas de <strong>ricos herederos del norte de Italia a los que desprecia<\/strong> y, sediento de revancha, comienza a estafar; al principio peque\u00f1as cantidades, luego el fraude se convierte en una fiebre. <\/p>\n<p class=\"voc-paragraph\">Entre los dos nace una amistad inesperada, pero ambos esconden secretos oscuros y en ese v\u00ednculo acabar\u00e1 gest\u00e1ndose <strong>la peor traici\u00f3n<\/strong>. El turbio mundo de las altas finanzas, unido a la radiograf\u00eda del sistema y los mecanismos que mueven y ocultan la riqueza, mientras compone un poderoso relato sobre la ambici\u00f3n y la b\u00fasqueda de la felicidad de los lugares equivocados. A la venta el 2 de septiembre.<\/p>\n<div class=\"v-c-cmp \">\n<div class=\"v-cmp-m v-cmp-m--t1\">\n<article class=\"v-a v-a--cmp-m v-c-cmp--m-p\">\n<div class=\"v-a-img-c v-a-img-c--fw-xs\">\n<div class=\"v-a-fig\">\n<div class=\"v-a-link\">\n<img loading=\"lazy\" src=\"http:\/\/cordobainforma.info\/wp-content\/uploads\/2026\/09\/de-rodrigo-cortes-a-julia-navarro-los-22-libros-mas-esperados-de-las-novedades-editoriales-de-septiembre-4.jpg\" class=\"v-a-img\" width=\"650\" height=\"975\" alt=\"Portada de Agente Rossini, el libro sobre la investigaci\u00f3n en torno al 11-S de \u00c1lvaro Soto.\" data-voc-vtm-id=\"in-text-traffic\">\n<\/div><figcaption class=\"v-fc\">\n<span class=\"v-fc__t\"><br \/>\nPortada de Agente Rossini, el libro sobre la investigaci\u00f3n en torno al 11-S de \u00c1lvaro Soto.<br \/>\n<\/span><br \/>\n<span class=\"v-fc__p\"><br \/>\nEdiciones B<br \/>\n<\/span><br \/>\n<\/figcaption><\/div>\n<\/div>\n<\/article>\n<\/div>\n<\/div>\n<p><h3 class=\"v-cmp-suh\">\nAgente Rossini. \u00c1lvaro Soto. Ediciones B.<br \/>\n<\/h3>\n<\/p>\n<p class=\"voc-paragraph\">Rossini era un agente del FBI que hab\u00eda sido destinado al Centro Antiterrorista de la CIA, donde tuvo en sus manos<strong> informaci\u00f3n clave sobre dos terroristas <\/strong>que pudo haber frustrado el ataque a las Torres Gemelas del 11 de septiembre de 2001. Pero sus superiores de la agencia le prohibieron compartirla con sus compa\u00f1eros del FBI de Nueva York, los encargados de perseguir a al-Qaeda. Nadie pod\u00eda prever entonces hasta d\u00f3nde llegar\u00edan las consecuencias de esta decisi\u00f3n. <\/p>\n<p class=\"voc-paragraph\">De la mano de su protagonista, este libro reconstruye la vida de Mark Rossini: desde sus a\u00f1os en la \u00e9lite del FBI y la CIA hasta su ca\u00edda en desgracia y su reinvenci\u00f3n. Un viaje por <strong>las entra\u00f1as de los servicios de inteligencia y los errores que marcaron la historia<\/strong>, pero tambi\u00e9n por la vida de un hombre que se pregunta si el haber procedido de otra forma hubiese cambiado las cosas. En librer\u00edas el 3 de septiembre.<\/p>\n<div class=\"v-c-cmp \">\n<div class=\"v-cmp-m v-cmp-m--t1\">\n<article class=\"v-a v-a--cmp-m v-c-cmp--m-p\">\n<div class=\"v-a-img-c v-a-img-c--fw-xs\">\n<div class=\"v-a-fig\">\n<div class=\"v-a-link\">\n<img loading=\"lazy\" src=\"http:\/\/cordobainforma.info\/wp-content\/uploads\/2026\/09\/de-rodrigo-cortes-a-julia-navarro-los-22-libros-mas-esperados-de-las-novedades-editoriales-de-septiembre-5.jpg\" class=\"v-a-img\" width=\"650\" height=\"975\" alt=\"Portada de la novela de Rodrigo Cort\u00e9s, Hija del cielo.\" data-voc-vtm-id=\"in-text-traffic\">\n<\/div><figcaption class=\"v-fc\">\n<span class=\"v-fc__t\"><br \/>\nPortada de la novela de Rodrigo Cort\u00e9s, Hija del cielo.<br \/>\n<\/span><br \/>\n<span class=\"v-fc__p\"><br \/>\nRandom House<br \/>\n<\/span><br \/>\n<\/figcaption><\/div>\n<\/div>\n<\/article>\n<\/div>\n<\/div>\n<p><h3 class=\"v-cmp-suh\">\nHija del cielo. Rodrigo Cort\u00e9s. Random House.<br \/>\n<\/h3>\n<\/p>\n<p class=\"voc-paragraph\">Gaba\u00f3n es un pueblo al borde de un cortado, frente al mar, pero tambi\u00e9n un colegio, un orfelinato, un monasterio. All\u00ed conviven sesenta y una monjas atareadas y llenas de prop\u00f3sito. Y<strong> tres curas indolentes<\/strong>, con el enjuto y vertical padre Al\u00e9n al frente, con su voz de rallador de pan a un suspiro de la madre Adriana y sus enormes gafas. Y una ni\u00f1a endemoniada en una habitaci\u00f3n sin ventanas. Y el Hombre Guapo dentro de ella. Y un enjambre de personajes extraviados para enturbiarlo todo. <\/p>\n<p class=\"voc-paragraph\">Una novela deslumbrante sobre la historia de un lugar, de una ni\u00f1a, de un amor, pero ante todo la <strong>historia de dos voces<\/strong>: la del narrador, precisa y tallada, y la de la propia ni\u00f1a, de lengua silvestre, tumultuosa y capaz de contar el espanto con naturalidad casi c\u00f3mica. A la venta el 3 de septiembre.<\/p>\n<div class=\"v-c-cmp \">\n<div class=\"v-cmp-m v-cmp-m--t1\">\n<article class=\"v-a v-a--cmp-m v-c-cmp--m-p\">\n<div class=\"v-a-img-c v-a-img-c--fw-xs\">\n<div class=\"v-a-fig\">\n<div class=\"v-a-link\">\n<img loading=\"lazy\" src=\"http:\/\/cordobainforma.info\/wp-content\/uploads\/2026\/09\/de-rodrigo-cortes-a-julia-navarro-los-22-libros-mas-esperados-de-las-novedades-editoriales-de-septiembre-6.jpg\" class=\"v-a-img\" width=\"650\" height=\"975\" alt=\"Portada del Romancero Gitano de Lorca ilustrado por Ilu Ros.\" data-voc-vtm-id=\"in-text-traffic\">\n<\/div><figcaption class=\"v-fc\">\n<span class=\"v-fc__t\"><br \/>\nPortada del Romancero Gitano de Lorca ilustrado por Ilu Ros.<br \/>\n<\/span><br \/>\n<span class=\"v-fc__p\"><br \/>\nLumen<br \/>\n<\/span><br \/>\n<\/figcaption><\/div>\n<\/div>\n<\/article>\n<\/div>\n<\/div>\n<p><h3 class=\"v-cmp-suh\">\nRomancero Gitano. Federico Garc\u00eda Lorca. Edici\u00f3n ilustrada por Ilu Ros. Lumen.<br \/>\n<\/h3>\n<\/p>\n<p class=\"voc-paragraph\">Ilu Ros regresa al mundo lorquiano para iluminar el poema m\u00e1s celebrado del granadino, con ilustraciones que abren un <strong>sorprendente y renovador di\u00e1logo con los versos<\/strong> que revelan, con una sensibilidad \u00fanica, la fuerza visual, simb\u00f3lica y plenamente contempor\u00e1nea de este cl\u00e1sico. <\/p>\n<p class=\"voc-paragraph\">Porque desde su publicaci\u00f3n, hace casi un siglo, la presente obra de Lorca no ha dejado de fascinar a generaciones de lectores por la oscura belleza de las met\u00e1foras que atraviesan un universo en el que <strong>los s\u00edmbolos y las im\u00e1genes laten<\/strong> con un ritmo y una intensidad musical casi imposibles de olvidar. En librer\u00edas el 3 de septiembre.<\/p>\n<div class=\"v-c-cmp \">\n<div class=\"v-cmp-m v-cmp-m--t1\">\n<article class=\"v-a v-a--cmp-m v-c-cmp--m-p\">\n<div class=\"v-a-img-c v-a-img-c--fw-xs\">\n<div class=\"v-a-fig\">\n<div class=\"v-a-link\">\n<img loading=\"lazy\" src=\"http:\/\/cordobainforma.info\/wp-content\/uploads\/2026\/09\/de-rodrigo-cortes-a-julia-navarro-los-22-libros-mas-esperados-de-las-novedades-editoriales-de-septiembre-7.jpg\" class=\"v-a-img\" width=\"650\" height=\"975\" alt=\"Portada de Film Hablado, la novela corta in\u00e9dita de Ir\u00e8ne Nemirovsky.\" data-voc-vtm-id=\"in-text-traffic\">\n<\/div><figcaption class=\"v-fc\">\n<span class=\"v-fc__t\"><br \/>\nPortada de Film Hablado, la novela corta in\u00e9dita de Ir\u00e8ne Nemirovsky.<br \/>\n<\/span><br \/>\n<span class=\"v-fc__p\"><br \/>\nN\u00f3rdica Libros<br \/>\n<\/span><br \/>\n<\/figcaption><\/div>\n<\/div>\n<\/article>\n<\/div>\n<\/div>\n<p><h3 class=\"v-cmp-suh\">\nFilm Hablado. Ir\u00e8ne Nemirovsky. N\u00f3rdica Libros.<br \/>\n<\/h3>\n<\/p>\n<p class=\"voc-paragraph\">Esta novela breve in\u00e9dita de la escritora francesa trata de la soledad de Anne, una chica de diecis\u00e9is a\u00f1os en el Par\u00eds de entreguerras, que transita de la adolescencia al mundo adulto. Una historia abocada a la <strong>ruptura definitiva<\/strong> de la relaci\u00f3n y la decadencia de sus dos protagonistas, tema recurrente en la obra de la autora, contada mediante un narrador cinematogr\u00e1fico que la escritora concibi\u00f3 justo en el momento en el que naci\u00f3 el cine hablado. A la venta el 7 de septiembre.<\/p>\n<div class=\"v-c-cmp \">\n<div class=\"v-cmp-m v-cmp-m--t1\">\n<article class=\"v-a v-a--cmp-m v-c-cmp--m-p\">\n<div class=\"v-a-img-c v-a-img-c--fw-xs\">\n<div class=\"v-a-fig\">\n<div class=\"v-a-link\">\n<img loading=\"lazy\" src=\"http:\/\/cordobainforma.info\/wp-content\/uploads\/2026\/09\/de-rodrigo-cortes-a-julia-navarro-los-22-libros-mas-esperados-de-las-novedades-editoriales-de-septiembre-8.jpg\" class=\"v-a-img\" width=\"650\" height=\"975\" alt=\"Portada de M\u00e1s all\u00e1 de las razones, la nueva obra de Yiyun Li.\" data-voc-vtm-id=\"in-text-traffic\">\n<\/div><figcaption class=\"v-fc\">\n<span class=\"v-fc__t\"><br \/>\nPortada de M\u00e1s all\u00e1 de las razones, la nueva obra de Yiyun Li.<br \/>\n<\/span><br \/>\n<span class=\"v-fc__p\"><br \/>\nChai Editora<br \/>\n<\/span><br \/>\n<\/figcaption><\/div>\n<\/div>\n<\/article>\n<\/div>\n<\/div>\n<p><h3 class=\"v-cmp-suh\">\nM\u00e1s all\u00e1 de las razones. Yiyun Li. Chai Editora.<br \/>\n<\/h3>\n<\/p>\n<p class=\"voc-paragraph\">El hijo de la escritora, ganadora del Pulitzer este a\u00f1o con <em>En la naturaleza las cosas crecen<\/em>, se quita la vida a los 16 a\u00f1os y ella busca <strong>sobrevivir a ese vac\u00edo desgarrador e incomprensible<\/strong> con la herramienta que mejor conoce: las palabras. Entonces convoca la voz de su hijo mediante la escritura, para as\u00ed seguir dialogando con \u00e9l pese a la ausencia. <\/p>\n<p class=\"voc-paragraph\">La destreza y el talento de Li se encuentran con un l\u00edmite claro: \u00bfc\u00f3mo <strong>conversar con alguien amado<\/strong> que ha tomado la decisi\u00f3n de dejar de estar? A pesar de la imposibilidad de su misi\u00f3n, la autora avanza porque es el \u00fanico modo que encuentra de soportar el abismo y el dolor. Un ejercicio deslumbrante de sinceridad, contradicci\u00f3n, impotencia y, sobre todo, amor. En librer\u00edas el 7 de septiembre.<\/p>\n<div class=\"v-c-cmp \">\n<div class=\"v-cmp-m v-cmp-m--t1\">\n<article class=\"v-a v-a--cmp-m v-c-cmp--m-p\">\n<div class=\"v-a-img-c v-a-img-c--fw-xs\">\n<div class=\"v-a-fig\">\n<div class=\"v-a-link\">\n<img loading=\"lazy\" src=\"http:\/\/cordobainforma.info\/wp-content\/uploads\/2026\/09\/de-rodrigo-cortes-a-julia-navarro-los-22-libros-mas-esperados-de-las-novedades-editoriales-de-septiembre-9.jpg\" class=\"v-a-img\" width=\"650\" height=\"975\" alt=\"Portada de la novela de Natza Farr\u00e9, La \u00faltima vez que te sigo adi\u00f3s.\" data-voc-vtm-id=\"in-text-traffic\">\n<\/div><figcaption class=\"v-fc\">\n<span class=\"v-fc__t\"><br \/>\nPortada de la novela de Natza Farr\u00e9, La \u00faltima vez que te sigo adi\u00f3s.<br \/>\n<\/span><br \/>\n<span class=\"v-fc__p\"><br \/>\nSexto Piso<br \/>\n<\/span><br \/>\n<\/figcaption><\/div>\n<\/div>\n<\/article>\n<\/div>\n<\/div>\n<p><h3 class=\"v-cmp-suh\">\nLa \u00faltima vez que te digo adi\u00f3s. Natza Farr\u00e9. Sexto Piso.<br \/>\n<\/h3>\n<\/p>\n<p class=\"voc-paragraph\">Con humor, ternura y una honestidad desarmante, la autora convierte la historia de su familia en el <strong>retrato de toda una generaci\u00f3n<\/strong>. Y lo hace diseccionando sus vivencias como hermana peque\u00f1a de un drogodependiente, en primera persona y con un relato valiente que no esquiva ni edulcora la incomodidad. La suya era una familia de clase media que, como tantas otras, en los a\u00f1os 80 tuvo que enfrentarse por primera vez con la hero\u00edna y todas sus consecuencias. <\/p>\n<p class=\"voc-paragraph\">A partir de los recuerdos y de la correspondencia familiar, dibuja una \u00e9poca y traza, al mismo tiempo, un retrato muy personal de <strong>una vida llena de peque\u00f1as esperanzas<\/strong>, victorias ef\u00edmeras y reca\u00eddas. Con una precisi\u00f3n brutal, narra el silencio como un pacto colectivo y el peso de la culpa como una prisi\u00f3n emocional. A la venta el 7 de septiembre.<\/p>\n<div class=\"v-c-cmp \">\n<div class=\"v-cmp-m v-cmp-m--t1\">\n<article class=\"v-a v-a--cmp-m v-c-cmp--m-p\">\n<div class=\"v-a-img-c v-a-img-c--fw-xs\">\n<div class=\"v-a-fig\">\n<div class=\"v-a-link\">\n<img loading=\"lazy\" src=\"http:\/\/cordobainforma.info\/wp-content\/uploads\/2026\/09\/de-rodrigo-cortes-a-julia-navarro-los-22-libros-mas-esperados-de-las-novedades-editoriales-de-septiembre-10.jpg\" class=\"v-a-img\" width=\"650\" height=\"975\" alt=\"Portada de la novela de Imani Thompson, Honey.\" data-voc-vtm-id=\"in-text-traffic\">\n<\/div><figcaption class=\"v-fc\">\n<span class=\"v-fc__t\"><br \/>\nPortada de la novela de Imani Thompson, Honey.<br \/>\n<\/span><br \/>\n<span class=\"v-fc__p\"><br \/>\nLetras de plata<br \/>\n<\/span><br \/>\n<\/figcaption><\/div>\n<\/div>\n<\/article>\n<\/div>\n<\/div>\n<p><h3 class=\"v-cmp-suh\">\nHoney. Imani Thompson. Letras de plata.<br \/>\n<\/h3>\n<\/p>\n<p class=\"voc-paragraph\">Tras un incidente fortuito, en el que el profesor que le acaba de robar su investigaci\u00f3n a su mejor amiga, muere, Yrsa descubre una <strong>inesperada satisfacci\u00f3n por el crimen<\/strong>. Harta de su programa de doctorado y de los universitarios arrogantes a los que tiene que complacer, Yrsa decide que quiere volver a sentir esa euforia y, al poco tiempo, no hay hombre maleducado y machista a su alrededor que est\u00e9 a salvo. <\/p>\n<p class=\"voc-paragraph\">Con cada asesinato, Yrsa siente cada vez con m\u00e1s fuerza que tiene un prop\u00f3sito: por fin ha encontrado una utilidad para su tesis. Pero \u00bfdurante cuanto tiempo podr\u00e1 seguir justificando los asesinatos <strong>en nombre del feminismo y de la solidaridad racial<\/strong>? \u00bfLograr\u00e1 esta masacre calmar su rabia y su sed de venganza? \u00bfCu\u00e1nto tardar\u00e1n sus actos y los viejos secretos familiares en atormentarla? En librer\u00edas el 8 de septiembre.<\/p>\n<div class=\"v-c-cmp \">\n<div class=\"v-cmp-m v-cmp-m--t1\">\n<article class=\"v-a v-a--cmp-m v-c-cmp--m-p\">\n<div class=\"v-a-img-c v-a-img-c--fw-xs\">\n<div class=\"v-a-fig\">\n<div class=\"v-a-link\">\n<img loading=\"lazy\" src=\"http:\/\/cordobainforma.info\/wp-content\/uploads\/2026\/09\/de-rodrigo-cortes-a-julia-navarro-los-22-libros-mas-esperados-de-las-novedades-editoriales-de-septiembre-11.jpg\" class=\"v-a-img\" width=\"650\" height=\"975\" alt=\"Portada de El gato del jardinero, la nueva novela de Thomas Schlesser.\" data-voc-vtm-id=\"in-text-traffic\">\n<\/div><figcaption class=\"v-fc\">\n<span class=\"v-fc__t\"><br \/>\nPortada de El gato del jardinero, la nueva novela de Thomas Schlesser.<br \/>\n<\/span><br \/>\n<span class=\"v-fc__p\"><br \/>\nLumen<br \/>\n<\/span><br \/>\n<\/figcaption><\/div>\n<\/div>\n<\/article>\n<\/div>\n<\/div>\n<p><h3 class=\"v-cmp-suh\">\nEl gato del jardinero. Thomas Schlesser. Lumen.<br \/>\n<\/h3>\n<\/p>\n<p class=\"voc-paragraph\">Una tormenta ha devastado la Provenza con una fuerza inigualable, pero para Louis, <strong>un jardinero solitario, taciturno e hipersensible<\/strong>, ese desastre no es nada en comparaci\u00f3n con lo que ocurre en su propia casa: el peque\u00f1o gato que ha recogido y con el que se ha encari\u00f1ado con insospechada intensidad est\u00e1 gravemente enfermo. Louis se encierra en un completo mutismo, como si las palabras ya no sirvieran. <\/p>\n<p class=\"voc-paragraph\">A la casa de enfrente acaba de mudarse Thalie, una profesora de Literatura reci\u00e9n jubilada, alegre y fantasiosa, que necesita ayuda para recuperar los olivos y las adelfas destrozados por el temporal. Y \u00e9l le propone un trato, cuidar\u00e1 de ella y del jard\u00edn a cambio de que le inicie en <strong>el poder y el misterio de la poes\u00eda<\/strong>. El comienzo de una inesperada amistad, entre \u00e1rboles maltrechos y versos de Safo, Pessoa, Lorca, Pavese, Rimbaud o Neruda, en las que el jardinero descubre que la poes\u00eda lleva much\u00edsimo tiempo nombrando el mundo por nosotros: el dolor, la belleza, el miedo, el deseo, la naturaleza y todo aquello que no siempre sabemos c\u00f3mo expresar. A la venta el 10 de septiembre.<\/p>\n<div class=\"v-c-cmp \">\n<div class=\"v-cmp-m v-cmp-m--t1\">\n<article class=\"v-a v-a--cmp-m v-c-cmp--m-p\">\n<div class=\"v-a-img-c v-a-img-c--fw-xs\">\n<div class=\"v-a-fig\">\n<div class=\"v-a-link\">\n<img loading=\"lazy\" src=\"http:\/\/cordobainforma.info\/wp-content\/uploads\/2026\/09\/de-rodrigo-cortes-a-julia-navarro-los-22-libros-mas-esperados-de-las-novedades-editoriales-de-septiembre-12.jpg\" class=\"v-a-img\" width=\"650\" height=\"975\" alt=\"Portada de Tierra de nieve y cenizas, la novela de Petra Rautiainen.\" data-voc-vtm-id=\"in-text-traffic\">\n<\/div><figcaption class=\"v-fc\">\n<span class=\"v-fc__t\"><br \/>\nPortada de Tierra de nieve y cenizas, la novela de Petra Rautiainen.<br \/>\n<\/span><br \/>\n<span class=\"v-fc__p\"><br \/>\nErrata Naturae<br \/>\n<\/span><br \/>\n<\/figcaption><\/div>\n<\/div>\n<\/article>\n<\/div>\n<\/div>\n<p><h3 class=\"v-cmp-suh\">\nTierra de nieve y cenizas. Petra Rautiainen. Errata Naturae.<br \/>\n<\/h3>\n<\/p>\n<p class=\"voc-paragraph\">En 1944, tras la ruptura entre Finlandia y la Alemania nazi, el soldado V\u00e4in\u014d es destinado como int\u00e9rprete a un <strong>campo de prisioneros<\/strong> en el lago Inari. All\u00ed descubre una violencia brutal, marcada por el racismo, que registra en su diario, mientras intentan conservar la cordura en medio del horror. <\/p>\n<p class=\"voc-paragraph\">Tres a\u00f1os despu\u00e9s, Inkeri, periodista, viaja a Laponia para escribir sobre la reconstrucci\u00f3n del norte, devastado por la guerra. Pero su verdadera misi\u00f3n es <strong>seguir el rastro de su marido desaparecido<\/strong>, visto por \u00faltima vez en aquellas tierras. Bajo el sol de medianoche, mientras entabla amistad con Piera, un anciano sami, y su nieta Bigga, las historias de V\u00e4in\u014d e Inkeri se entrelazan con las voces de un pueblo silenciado, en un paisaje de belleza sobrecogedora donde el pasado revela sus secretos. En librer\u00edas el 14 de septiembre.<\/p>\n<div class=\"v-c-cmp \">\n<div class=\"v-cmp-m v-cmp-m--t1\">\n<article class=\"v-a v-a--cmp-m v-c-cmp--m-p\">\n<div class=\"v-a-img-c v-a-img-c--fw-xs\">\n<div class=\"v-a-fig\">\n<div class=\"v-a-link\">\n<img loading=\"lazy\" src=\"http:\/\/cordobainforma.info\/wp-content\/uploads\/2026\/09\/de-rodrigo-cortes-a-julia-navarro-los-22-libros-mas-esperados-de-las-novedades-editoriales-de-septiembre-13.jpg\" class=\"v-a-img\" width=\"650\" height=\"975\" alt=\"Portada de la novela de Neil McRobert, Buen chico.\" data-voc-vtm-id=\"in-text-traffic\">\n<\/div><figcaption class=\"v-fc\">\n<span class=\"v-fc__t\"><br \/>\nPortada de la novela de Neil McRobert, Buen chico.<br \/>\n<\/span><br \/>\n<span class=\"v-fc__p\"><br \/>\nMu\u00f1eca infinita<br \/>\n<\/span><br \/>\n<\/figcaption><\/div>\n<\/div>\n<\/article>\n<\/div>\n<\/div>\n<p><h3 class=\"v-cmp-suh\">\nBuen chico. Neil Mc Robert. Mu\u00f1eca infinita.<br \/>\n<\/h3>\n<\/p>\n<p class=\"voc-paragraph\">En un peque\u00f1o pueblo ingl\u00e9s, la desaparici\u00f3n de un ni\u00f1o vuelve a abrir viejas heridas. Desde la ventana de su casa, Margie observa a un hombre cavando una tumba justo en el lugar en el que el chico fue visto por \u00faltima vez. Lo que comienza como una sospecha pronto se transforma en algo mucho m\u00e1s oscuro: una historia de viejos horrores, callados sacrificios y secretos. Pero en el coraz\u00f3n de esa oscuridad tambi\u00e9n late otra historia: la de Jim y Riot, <strong>su inseparable perro<\/strong>, unidos por una lealtad capaz de enfrentarse incluso a aquello que no deber\u00eda existir. <\/p>\n<p class=\"voc-paragraph\">Un relato emocionante sobre los caminos no tomados, sobre la ternura y el dolor, sobre <strong>el valor y el sacrificio<\/strong>, sobre lo que hacemos con el tiempo que tenemos, pero tambi\u00e9n una oda a la bondad y la solidaridad. A la venta el 14 de septiembre.<\/p>\n<div class=\"v-c-cmp \">\n<div class=\"v-cmp-m v-cmp-m--t1\">\n<article class=\"v-a v-a--cmp-m v-c-cmp--m-p\">\n<div class=\"v-a-img-c v-a-img-c--fw-xs\">\n<div class=\"v-a-fig\">\n<div class=\"v-a-link\">\n<img loading=\"lazy\" src=\"http:\/\/cordobainforma.info\/wp-content\/uploads\/2026\/09\/de-rodrigo-cortes-a-julia-navarro-los-22-libros-mas-esperados-de-las-novedades-editoriales-de-septiembre-14.jpg\" class=\"v-a-img\" width=\"650\" height=\"975\" alt=\"Portada de la \u00faltima novela de Julia Navarro, Una familia moderna.\" data-voc-vtm-id=\"in-text-traffic\">\n<\/div><figcaption class=\"v-fc\">\n<span class=\"v-fc__t\"><br \/>\nPortada de la \u00faltima novela de Julia Navarro, Una familia moderna.<br \/>\n<\/span><br \/>\n<span class=\"v-fc__p\"><br \/>\nPlaza &amp; Jan\u00e9s<br \/>\n<\/span><br \/>\n<\/figcaption><\/div>\n<\/div>\n<\/article>\n<\/div>\n<\/div>\n<p><h3 class=\"v-cmp-suh\">\nUna familia moderna. Julia Navarro. Plaza &amp; Jan\u00e9s.<br \/>\n<\/h3>\n<\/p>\n<p class=\"voc-paragraph\">Martha y Thomas forman una familia moderna. Ambos pertenecen a la vanguardia art\u00edstica cultural. Ella brill\u00f3 en los escenarios internacionales como primera bailarina de las compa\u00f1\u00edas m\u00e1s prestigiosas de ballet; \u00e9l es un <strong>reconocido fil\u00f3sofo<\/strong> con una intensa vida acad\u00e9mica. Su hija Felicitas dirige con \u00e9xito un canal digital y, como madre soltera por elecci\u00f3n, ha criado a Penny, una adolescente que desaf\u00eda todas las convenciones. <\/p>\n<p class=\"voc-paragraph\">Sin embargo, a sus sesenta a\u00f1os, Martha y Thomas observan con desconcierto c\u00f3mo <strong>el mundo que cre\u00edan conocer<\/strong> ha cambiado para siempre. En librer\u00edas el 15 de septiembre.<\/p>\n<div class=\"v-c-cmp \">\n<div class=\"v-cmp-m v-cmp-m--t1\">\n<article class=\"v-a v-a--cmp-m v-c-cmp--m-p\">\n<div class=\"v-a-img-c v-a-img-c--fw-xs\">\n<div class=\"v-a-fig\">\n<div class=\"v-a-link\">\n<img loading=\"lazy\" src=\"http:\/\/cordobainforma.info\/wp-content\/uploads\/2026\/09\/de-rodrigo-cortes-a-julia-navarro-los-22-libros-mas-esperados-de-las-novedades-editoriales-de-septiembre-15.jpg\" class=\"v-a-img\" width=\"650\" height=\"975\" alt=\"Portada de la nueva novela de Ben Brooks, El orden natural del mundo.\" data-voc-vtm-id=\"in-text-traffic\">\n<\/div><figcaption class=\"v-fc\">\n<span class=\"v-fc__t\"><br \/>\nPortada de la nueva novela de Ben Brooks, El orden natural del mundo.<br \/>\n<\/span><br \/>\n<span class=\"v-fc__p\"><br \/>\nBlackie Books<br \/>\n<\/span><br \/>\n<\/figcaption><\/div>\n<\/div>\n<\/article>\n<\/div>\n<\/div>\n<p><h3 class=\"v-cmp-suh\">\nEl orden natural del mundo. Ben Brooks. Blackie Books.<br \/>\n<\/h3>\n<\/p>\n<p class=\"voc-paragraph\">Tras un accidente, Arthur Candlewick, padre de familia y pr\u00f3spero empresario, tiene una revelaci\u00f3n: se convertir\u00e1 en un hombre ejemplar y entregar\u00e1 su vida al pr\u00f3jimo. Para ello, decide vender el negocio familiar y <strong>donar el dinero a organizaciones ben\u00e9ficas<\/strong>. Su familia, incr\u00e9dula, cree que ha perdido la cabeza. Evangeline, su hija universitaria, tambi\u00e9n quiere cambiar el mundo, pero no a costa de renunciar a la vida acomodada que llevan. <\/p>\n<p class=\"voc-paragraph\">Emil, su hijo incomprendido, est\u00e1 ran refugiado en s\u00ed mismo que no es capaz de diferenciar entre una vida con mucho y otra con casi nada. Y la madre de ambos y esposa de Arthur, Yara, solo quiere que el m\u00e9dico le haga otro esc\u00e1ner cerebral y vea qu\u00e9 es lo que le pasa. Pero Arthur ya ha tomado <strong>una decisi\u00f3n que les afecta a todos<\/strong>. La familia Chadwick est\u00e1 a punto de descubrir que un mundo mejor puede no ser un sitio para ellos. A la venta el 16 de septiembre.<\/p>\n<div class=\"v-c-cmp \">\n<div class=\"v-cmp-m v-cmp-m--t1\">\n<article class=\"v-a v-a--cmp-m v-c-cmp--m-p\">\n<div class=\"v-a-img-c v-a-img-c--fw-xs\">\n<div class=\"v-a-fig\">\n<div class=\"v-a-link\">\n<img loading=\"lazy\" src=\"http:\/\/cordobainforma.info\/wp-content\/uploads\/2026\/09\/de-rodrigo-cortes-a-julia-navarro-los-22-libros-mas-esperados-de-las-novedades-editoriales-de-septiembre-16.jpg\" class=\"v-a-img\" width=\"650\" height=\"975\" alt=\"Portada de Safaris humanos, el libro de Ezio Gavazzeni sobre el turismo de guerra en los Balcanes.\" data-voc-vtm-id=\"in-text-traffic\">\n<\/div><figcaption class=\"v-fc\">\n<span class=\"v-fc__t\"><br \/>\nPortada de Safaris humanos, el libro de Ezio Gavazzeni sobre el turismo de guerra en los Balcanes.<br \/>\n<\/span><br \/>\n<span class=\"v-fc__p\"><br \/>\nPen\u00ednsula<br \/>\n<\/span><br \/>\n<\/figcaption><\/div>\n<\/div>\n<\/article>\n<\/div>\n<\/div>\n<p><h3 class=\"v-cmp-suh\">\nSafaris humanos. Ezio Gavazzeni. Pen\u00ednsula.<br \/>\n<\/h3>\n<\/p>\n<p class=\"voc-paragraph\">En los a\u00f1os 90, durante el asedio de Sarajevo, adinerados extranjeros procedentes de distintos pa\u00edses occidentales pagaron sumas exorbitantes para <strong>acompa\u00f1ar durante un fin de semana a los francotiradores del ej\u00e9rcito serbobosnio<\/strong> y disparar contra personas indefensas en la capital. Gracias a una meticulosa labor de investigaci\u00f3n y a testimonio in\u00e9ditos de testigos y acompa\u00f1antes, el periodista Ezio Gavazzeni reconstruye la organizaci\u00f3n de estos truculentos safaris y detalla las tarifas abonadas por aquellos \u00abclientes francotiradores\u00bb, para quienes los ni\u00f1os eran las presas m\u00e1s codiciadas. <\/p>\n<p class=\"voc-paragraph\">Un relato detallado de esta macabra forma de <strong>turismo de guerra<\/strong> y un testimonio tan terror\u00edfico como conmovedor sobre la deshumanizaci\u00f3n, la violencia y la impunidad que caracterizan las guerras. En librer\u00edas el 16 de septiembre.<\/p>\n<div class=\"v-c-cmp \">\n<div class=\"v-cmp-m v-cmp-m--t1\">\n<article class=\"v-a v-a--cmp-m v-c-cmp--m-p\">\n<div class=\"v-a-img-c v-a-img-c--fw-xs\">\n<div class=\"v-a-fig\">\n<div class=\"v-a-link\">\n<img loading=\"lazy\" src=\"http:\/\/cordobainforma.info\/wp-content\/uploads\/2026\/09\/de-rodrigo-cortes-a-julia-navarro-los-22-libros-mas-esperados-de-las-novedades-editoriales-de-septiembre-17.jpg\" class=\"v-a-img\" width=\"650\" height=\"975\" alt=\"Portada de Muertos y vivos, el libro con los nuevos ensayos de la brit\u00e1nica Zadie Smith.\" data-voc-vtm-id=\"in-text-traffic\">\n<\/div><figcaption class=\"v-fc\">\n<span class=\"v-fc__t\"><br \/>\nPortada de Muertos y vivos, el libro con los nuevos ensayos de la brit\u00e1nica Zadie Smith.<br \/>\n<\/span><br \/>\n<span class=\"v-fc__p\"><br \/>\nSalamandra<br \/>\n<\/span><br \/>\n<\/figcaption><\/div>\n<\/div>\n<\/article>\n<\/div>\n<\/div>\n<p><h3 class=\"v-cmp-suh\">\nMuertos y vivos. Zadie Smith. Salamandra.<br \/>\n<\/h3>\n<\/p>\n<p class=\"voc-paragraph\">La nueva obra de la fil\u00f3loga, profesora y escritora londinense es un compendio de textos agudos y luminosos en los que despliega su capacidad \u00fanica para mirar la realidad con <strong>inteligencia, iron\u00eda y una sensibilidad<\/strong> que hace de cualquier tema en una invitaci\u00f3n a pensar. Arte contempor\u00e1neo, cine, m\u00fasica o paisajes urbanos le sirven para convertir sus intereses en una reflexi\u00f3n clara, cercana y reveladora.<\/p>\n<p class=\"voc-paragraph\">Pero Smith tambi\u00e9n tiene tiempo de rendir homenaje a las voces que marcaron su formaci\u00f3n literaria, desde Joan Didion a Toni Morrison o Martin Amis, analizando con lucidez y humor sereno los cambios pol\u00edticos que han transformado los \u00faltimos a\u00f1os a ambos lados del Atl\u00e1ntico. Una <strong>mirada cr\u00edtica<\/strong> que ilumina tanto las tensiones de nuestra \u00e9poca como las preguntas que atraviesan la experiencia individual. A la venta el 17 de septiembre.<\/p>\n<div class=\"v-c-cmp \">\n<div class=\"v-cmp-m v-cmp-m--t1\">\n<article class=\"v-a v-a--cmp-m v-c-cmp--m-p\">\n<div class=\"v-a-img-c v-a-img-c--fw-xs\">\n<div class=\"v-a-fig\">\n<div class=\"v-a-link\">\n<img loading=\"lazy\" src=\"http:\/\/cordobainforma.info\/wp-content\/uploads\/2026\/09\/de-rodrigo-cortes-a-julia-navarro-los-22-libros-mas-esperados-de-las-novedades-editoriales-de-septiembre-18.jpg\" class=\"v-a-img\" width=\"650\" height=\"975\" alt=\"Portada de El r\u00edo de la ceguera, la novela de Mia Couto.\" data-voc-vtm-id=\"in-text-traffic\">\n<\/div><figcaption class=\"v-fc\">\n<span class=\"v-fc__t\"><br \/>\nPortada de El r\u00edo de la ceguera, la novela de Mia Couto.<br \/>\n<\/span><br \/>\n<span class=\"v-fc__p\"><br \/>\nAlfaguara<br \/>\n<\/span><br \/>\n<\/figcaption><\/div>\n<\/div>\n<\/article>\n<\/div>\n<\/div>\n<p><h3 class=\"v-cmp-suh\">\nEl r\u00edo de la ceguera. Mia Couto. Alfaguara.<br \/>\n<\/h3>\n<\/p>\n<p class=\"voc-paragraph\">En agosto de 1914, la Primera Guerra Mundial llega a \u00c1frica cuando Alemania ataca el puesto de Madziwa, una aldea fronteriza junto al r\u00edo Rovuma, en Mozambique. Sus aguas, disputadas por los ej\u00e9rcitos alem\u00e1n y portugu\u00e9s, se convierten en el escenario de un episodio misterioso: la difusi\u00f3n de <strong>una extra\u00f1a enfermedad<\/strong> comienza a afectar solo a los colonizadores, priv\u00e1ndoles de la capacidad de leer y escribir. Pronto ning\u00fan invasor logra descifrar el mundo mediante la escritura, y los libros, informes, documentos, fotograf\u00edas y mapas les parecen descoloridos. <\/p>\n<p class=\"voc-paragraph\">Amenazados por el poder\u00edo alem\u00e1n y sometidos por la colonizaci\u00f3n portuguesa, los pueblos de Mozambique encuentran refugio en aquello que es imposible de borrar: el <strong>conocimiento ancestral a trav\u00e9s de la oralidad<\/strong>. Pero \u00bfqu\u00e9 har\u00e1n los occidentales ante esa inversi\u00f3n de roles? Una visi\u00f3n aguda de la memoria, la cultura y la capacidad humana de enfrentarse con esperanza a la adversidad de la mano de la ternura y la originalidad que caracterizan al escritor mozambique\u00f1o. En librer\u00edas el 17 de septiembre.<\/p>\n<div class=\"v-c-cmp \">\n<div class=\"v-cmp-m v-cmp-m--t1\">\n<article class=\"v-a v-a--cmp-m v-c-cmp--m-p\">\n<div class=\"v-a-img-c v-a-img-c--fw-xs\">\n<div class=\"v-a-fig\">\n<div class=\"v-a-link\">\n<img loading=\"lazy\" src=\"http:\/\/cordobainforma.info\/wp-content\/uploads\/2026\/09\/de-rodrigo-cortes-a-julia-navarro-los-22-libros-mas-esperados-de-las-novedades-editoriales-de-septiembre-19.jpg\" class=\"v-a-img\" width=\"650\" height=\"975\" alt=\"Portada de la nueva novela de Paul Pen, Fuegos artificiales.\" data-voc-vtm-id=\"in-text-traffic\">\n<\/div><figcaption class=\"v-fc\">\n<span class=\"v-fc__t\"><br \/>\nPortada de la nueva novela de Paul Pen, Fuegos artificiales.<br \/>\n<\/span><br \/>\n<span class=\"v-fc__p\"><br \/>\nPlaza &amp; Jan\u00e9s<br \/>\n<\/span><br \/>\n<\/figcaption><\/div>\n<\/div>\n<\/article>\n<\/div>\n<\/div>\n<p><h3 class=\"v-cmp-suh\">\nFuegos artificiales. Paul Pen. Plaza &amp; Jan\u00e9s.<br \/>\n<\/h3>\n<\/p>\n<p class=\"voc-paragraph\">Tras \u00e9xitos como <em>El brillo de las luci\u00e9rnagas<\/em>, <em>La casa entre los cactus<\/em> y <em>El canto de los grillos<\/em>, Paul Pen regresa con una <strong>escalofriante novela<\/strong> que embarca al lector en el sobrecogedor viaje de dos amigos que so\u00f1aron con ser libres bajo el fulgor de los fuegos artificiales y descubrieron que se puede escapar de todo, menos de uno mismo. <\/p>\n<p class=\"voc-paragraph\">Dos chicos planean escapar del internado en el que se sienten atrapados. Uve sufre desde hace a\u00f1os <strong>el desprecio y las burlas de sus compa\u00f1eros<\/strong>. Jota es el alumno nuevo, de carism\u00e1tica pero oscura personalidad. Un plan descarrilado por un imprevisto, una fuga que toma un giro siniestro. Ser\u00e1 entonces cuando su aventura se transforme en una espiral de terribles consecuencias. A la venta el 17 de septiembre.<\/p>\n<div class=\"v-c-cmp \">\n<div class=\"v-cmp-m v-cmp-m--t1\">\n<article class=\"v-a v-a--cmp-m v-c-cmp--m-p\">\n<div class=\"v-a-img-c v-a-img-c--fw-xs\">\n<div class=\"v-a-fig\">\n<div class=\"v-a-link\">\n<img loading=\"lazy\" src=\"http:\/\/cordobainforma.info\/wp-content\/uploads\/2026\/09\/de-rodrigo-cortes-a-julia-navarro-los-22-libros-mas-esperados-de-las-novedades-editoriales-de-septiembre-20.jpg\" class=\"v-a-img\" width=\"650\" height=\"975\" alt=\"Portada de la galardonada novela de Nathacha Appanah, La noche en el coraz\u00f3n.\" data-voc-vtm-id=\"in-text-traffic\">\n<\/div><figcaption class=\"v-fc\">\n<span class=\"v-fc__t\"><br \/>\nPortada de la galardonada novela de Nathacha Appanah, La noche en el coraz\u00f3n.<br \/>\n<\/span><br \/>\n<span class=\"v-fc__p\"><br \/>\nAdN<br \/>\n<\/span><br \/>\n<\/figcaption><\/div>\n<\/div>\n<\/article>\n<\/div>\n<\/div>\n<p><h3 class=\"v-cmp-suh\">\nLa noche en el coraz\u00f3n. Natacha Appanah. AdN.<br \/>\n<\/h3>\n<\/p>\n<p class=\"voc-paragraph\">Premio Femina 2025, Choix Goncourt Espa\u00f1a 2025 y finalista del Goncourt 2025, esta novela entrelaza tres <strong>historias de mujeres v\u00edctimas de violencia<\/strong> por parte de sus respectivas parejas. En el filo entre la fuerza y la humildad, la autora escruta el insoportable enigma del feminicidio conyugal, cuando la noche cerrada sustituye al amor. En librer\u00edas el 17 de septiembre.<\/p>\n<div class=\"v-c-cmp \">\n<div class=\"v-cmp-m v-cmp-m--t1\">\n<article class=\"v-a v-a--cmp-m v-c-cmp--m-p\">\n<div class=\"v-a-img-c v-a-img-c--fw-xs\">\n<div class=\"v-a-fig\">\n<div class=\"v-a-link\">\n<img loading=\"lazy\" src=\"http:\/\/cordobainforma.info\/wp-content\/uploads\/2026\/09\/de-rodrigo-cortes-a-julia-navarro-los-22-libros-mas-esperados-de-las-novedades-editoriales-de-septiembre-21.jpg\" class=\"v-a-img\" width=\"650\" height=\"975\" alt=\"Portada de El reino y el poder, el libro de Gay Talese sobre The New York Times.\" data-voc-vtm-id=\"in-text-traffic\">\n<\/div><figcaption class=\"v-fc\">\n<span class=\"v-fc__t\"><br \/>\nPortada de El reino y el poder, el libro de Gay Talese sobre The New York Times.<br \/>\n<\/span><br \/>\n<span class=\"v-fc__p\"><br \/>\nAlfaguara<br \/>\n<\/span><br \/>\n<\/figcaption><\/div>\n<\/div>\n<\/article>\n<\/div>\n<\/div>\n<p><h3 class=\"v-cmp-suh\">\nEl reino y el poder. Gay Talese. Alfaguara.<br \/>\n<\/h3>\n<\/p>\n<p class=\"voc-paragraph\">En un edificio g\u00f3tico de catorce plantas y color gris, situado en la calle 43 de Manhattan, ten\u00eda su sede el <strong>imperio period\u00edstico m\u00e1s poderoso del mundo<\/strong>: un peri\u00f3dico cuya influencia sigue siendo tal que quienes lo dirigen y trabajan en \u00e9l han contribuido a moldear el curso de la historia. C\u00f3mo un diario en quiebra, (a finales del siglo XIX no llegaba a vender diez mil ejemplares), lleg\u00f3 a alcanzar semejante posici\u00f3n de poder es la historia que el periodista y escritor de Nueva Jersey reconstruye con brillantez y un extraordinario sentido narrativo. <\/p>\n<p class=\"voc-paragraph\">Corr\u00edan los a\u00f1os 70 cuando Talese firm\u00f3 esta historia fascinante, tras sumergirse en un peri\u00f3dico, el The New York Times, que sigue marcando la agenda del orden mundial, desvel\u00f3 las intrigas que se ocultaban entre bastidores y revel\u00f3 las <strong>historias que hab\u00eda detr\u00e1s de rivalidades y exclusivas<\/strong>. Con atenci\u00f3n al detalle, explor\u00f3 la vida p\u00fablica y privada de la c\u00e9lebre familia que lo adquiri\u00f3 y de sus descendientes, as\u00ed como las relaciones de los directivos con figuras poderosas como presidentes, reyes y embajadores, sin pasar por alto las luchas por el poder y el control que marcaron la historia del peri\u00f3dico. A la venta el 17 de septiembre.<\/p>\n<div class=\"v-c-cmp \">\n<div class=\"v-cmp-m v-cmp-m--t1\">\n<article class=\"v-a v-a--cmp-m v-c-cmp--m-p\">\n<div class=\"v-a-img-c v-a-img-c--fw-xs\">\n<div class=\"v-a-fig\">\n<div class=\"v-a-link\">\n<img loading=\"lazy\" src=\"http:\/\/cordobainforma.info\/wp-content\/uploads\/2026\/09\/de-rodrigo-cortes-a-julia-navarro-los-22-libros-mas-esperados-de-las-novedades-editoriales-de-septiembre-22.jpg\" class=\"v-a-img\" width=\"650\" height=\"975\" alt=\"Portada de La casa del hilo rojo, la nueva novela de Ana B. Nieto.\" data-voc-vtm-id=\"in-text-traffic\">\n<\/div><figcaption class=\"v-fc\">\n<span class=\"v-fc__t\"><br \/>\nPortada de La casa del hilo rojo, la nueva novela de Ana B. Nieto.<br \/>\n<\/span><br \/>\n<span class=\"v-fc__p\"><br \/>\nDuomo Nefelibata<br \/>\n<\/span><br \/>\n<\/figcaption><\/div>\n<\/div>\n<\/article>\n<\/div>\n<\/div>\n<p><h3 class=\"v-cmp-suh\">\nLa casa del hilo rojo. Ana B. Nieto. Duomo.<br \/>\n<\/h3>\n<\/p>\n<p class=\"voc-paragraph\">Madrid, 1889. La capital es una ciudad de contrastes vibrantes. En ese mundo en ebullici\u00f3n, una joven de catorce a\u00f1os se enfrenta a la prematura muerte de su madre. Su nombre es Julia Loewe. Inteligente, audaz, y con una visi\u00f3n prodigiosa, Julia comprende que ha nacido una nueva mujer, que recorre el mundo, que trabaja, que monta en bicicleta y que, para <strong>conquistar su independencia<\/strong>, necesita algo revolucionario, una nueva moda. <\/p>\n<p class=\"voc-paragraph\">Desde su taller en el centro de Madrid, Julia cambiar\u00e1 la manera en que las mujeres viajan y visten, abri\u00e9ndoles las puertas de <strong>un negocio exclusivamente masculino<\/strong> con el fin de otorgarles la libertad que reclaman. En librer\u00edas el 21 de septiembre.<\/p>\n<div class=\"v-c-cmp \">\n<div class=\"v-cmp-m v-cmp-m--t1\">\n<article class=\"v-a v-a--cmp-m v-c-cmp--m-p\">\n<div class=\"v-a-img-c v-a-img-c--fw-xs\">\n<div class=\"v-a-fig\">\n<div class=\"v-a-link\">\n<img loading=\"lazy\" src=\"http:\/\/cordobainforma.info\/wp-content\/uploads\/2026\/09\/de-rodrigo-cortes-a-julia-navarro-los-22-libros-mas-esperados-de-las-novedades-editoriales-de-septiembre-23.jpg\" class=\"v-a-img\" width=\"650\" height=\"975\" alt=\"Portada de Hotel exilio, el libro de Jane Rogoyska sobre el parisino Hotel Lutetia.\" data-voc-vtm-id=\"in-text-traffic\">\n<\/div><figcaption class=\"v-fc\">\n<span class=\"v-fc__t\"><br \/>\nPortada de Hotel exilio, el libro de Jane Rogoyska sobre el parisino Hotel Lutetia.<br \/>\n<\/span><br \/>\n<span class=\"v-fc__p\"><br \/>\nSalamandra<br \/>\n<\/span><br \/>\n<\/figcaption><\/div>\n<\/div>\n<\/article>\n<\/div>\n<\/div>\n<p><h3 class=\"v-cmp-suh\">\nHotel exilio. Jane Rogoyska. Salamandra.<br \/>\n<\/h3>\n<\/p>\n<p class=\"voc-paragraph\">Par\u00eds, 1938. En el coraz\u00f3n de la ciudad, el Hotel Lutetia, c\u00e9lebre refugio de artistas y exiliados, acoge a escritores, pintores y viajeros que huyen de una Europa al borde del abismo. Entre sus hu\u00e9spedes se cruzan James Joyce, Andr\u00e9 Gide, Pablo Picasso y Henri Matisse, nombres que encarnan el <strong>esplendor intelectual de una \u00e9poca<\/strong> que est\u00e1 a punto de desaparecer. En sus salones se mezclan la elegancia, el miedo y el presentimiento de una cat\u00e1strofe inminente. <\/p>\n<p class=\"voc-paragraph\">Durante la ocupaci\u00f3n, el Lutetia es requisado por la Abwehr, el servicio de inteligencia militar alem\u00e1n, y convertido en centro de operaciones y vigilancia. En sus habitaciones se alojan oficiales, se trazan misiones y se interroga a sospechosos; los espejos art dec\u00f3 reflejan uniformes, mapas y miedo. Tras la liberaci\u00f3n, el hotel abre de nuevo sus puertas para <strong>acoger a los deportados que regresan de los campos<\/strong>. Entre ellos, las hijas de Ir\u00e8ne N\u00e9mirovsky, en busca de noticias de su madre perdida. En sus pasillos se confunden el j\u00fabilo y la culpa, la esperanza y la devastaci\u00f3n. A la venta el 23 de septiembre.<\/p>\n<div class=\"v-c-cmp \">\n<div class=\"v-cmp-m v-cmp-m--t1\">\n<article class=\"v-a v-a--cmp-m v-c-cmp--m-p\">\n<div class=\"v-a-img-c v-a-img-c--fw-xs\">\n<div class=\"v-a-fig\">\n<div class=\"v-a-link\">\n<img loading=\"lazy\" src=\"http:\/\/cordobainforma.info\/wp-content\/uploads\/2026\/09\/de-rodrigo-cortes-a-julia-navarro-los-22-libros-mas-esperados-de-las-novedades-editoriales-de-septiembre-24.jpg\" class=\"v-a-img\" width=\"650\" height=\"975\" alt=\"Portada de \u00a1Salta!, el libro en el que Simon May propone una nueva filosof\u00eda sobre la procrastinaci\u00f3n.\" data-voc-vtm-id=\"in-text-traffic\">\n<\/div><figcaption class=\"v-fc\">\n<span class=\"v-fc__t\"><br \/>\nPortada de \u00a1Salta!, el libro en el que Simon May propone una nueva filosof\u00eda sobre la procrastinaci\u00f3n.<br \/>\n<\/span><br \/>\n<span class=\"v-fc__p\"><br \/>\nAlpha Decay<br \/>\n<\/span><br \/>\n<\/figcaption><\/div>\n<\/div>\n<\/article>\n<\/div>\n<\/div>\n<p><h3 class=\"v-cmp-suh\">\n\u00a1Salta! Simon May. Alpha Decay.<br \/>\n<\/h3>\n<\/p>\n<p class=\"voc-paragraph\">\u00bfTienes por costumbre aplazar la vida para m\u00e1s adelante, esperando que llegue el d\u00eda en que por fin est\u00e9s en condiciones de aprovechar las oportunidades que \u00e9sta te brinde? \u00bfDedicas buena parte de tu tiempo a tareas dom\u00e9sticas o a banalidades antes de decidirte a abordar lo que m\u00e1s te importa?<strong> El verdadero enigma de la procrastinaci\u00f3n<\/strong> no reside en por que posponemos la limpieza de la casa o la declaraci\u00f3n de la renta, sino en por qu\u00e9 evitamos a la persona que amamos, por qu\u00e9 aparcamos una vocaci\u00f3n anhelada o por qu\u00e9 postergamos un cambio de vida que consideramos decisivo. <\/p>\n<p class=\"voc-paragraph\">Frente a lo que suelen defender los manuales de autoayuda, el autor de este libro sostiene que la procrastinaci\u00f3n tiene su origen en conflictos que van <strong>mucho m\u00e1s all\u00e1 de la pereza o la falta de disciplina<\/strong>, como el miedo al fracaso, al \u00e9xito y a la propia vulnerabilidad. Un ensayo que propone siete maneras de vencer la procrastinaci\u00f3n, desde adoptar un esp\u00edritu l\u00fadico y asumir nuestra mortalidad, hasta transformar el arrepentimiento y el aburrimiento en poderosos aliados. Porque el regalo inesperado de la procrastinaci\u00f3n puede ser la posibilidad de convertirnos en quienes somos de verdad. En librer\u00edas el 28 de septiembre.<\/p>\n<div class=\"v-c-cmp \">\n<div class=\"v-cmp-m v-cmp-m--t1\">\n<article class=\"v-a v-a--cmp-m v-c-cmp--m-p\">\n<div class=\"v-a-img-c v-a-img-c--fw-xs\">\n<div class=\"v-a-fig\">\n<div class=\"v-a-link\">\n<img loading=\"lazy\" src=\"http:\/\/cordobainforma.info\/wp-content\/uploads\/2026\/09\/de-rodrigo-cortes-a-julia-navarro-los-22-libros-mas-esperados-de-las-novedades-editoriales-de-septiembre-25.jpg\" class=\"v-a-img\" width=\"650\" height=\"975\" alt=\"Portada de la nueva novela de la serie Emp\u00edreo, el d\u00eda de la trilla, de Rebecca Yarros.\" data-voc-vtm-id=\"in-text-traffic\">\n<\/div><figcaption class=\"v-fc\">\n<span class=\"v-fc__t\"><br \/>\nPortada de la nueva novela de la serie Emp\u00edreo, el d\u00eda de la trilla, de Rebecca Yarros.<br \/>\n<\/span><br \/>\n<span class=\"v-fc__p\"><br \/>\nPlaneta<br \/>\n<\/span><br \/>\n<\/figcaption><\/div>\n<\/div>\n<\/article>\n<\/div>\n<\/div>\n<p><h3 class=\"v-cmp-suh\">\nEl d\u00eda de la trilla. Rebecca Yarros. Planeta.<br \/>\n<\/h3>\n<\/p>\n<p class=\"voc-paragraph\">El cuarto libro de la serie Emp\u00edreo contiene trece historias protagonizadas por los personajes que han <strong>conquistado a lectores de todo el mundo<\/strong> y sus dragones. La edici\u00f3n incluye 16 ilustraciones originales a todo color del artista Joe Requeza. A la venta el 30 de septiembre. <\/p>\n<div class=\"v-c-cmp \">\n<div class=\"v-cmp-m v-cmp-m--t1\">\n<article class=\"v-a v-a--cmp-m v-c-cmp--m-p\">\n<div class=\"v-a-img-c v-a-img-c--fw-xs\">\n<div class=\"v-a-fig\">\n<div class=\"v-a-link\">\n<img loading=\"lazy\" src=\"http:\/\/cordobainforma.info\/wp-content\/uploads\/2026\/09\/de-rodrigo-cortes-a-julia-navarro-los-22-libros-mas-esperados-de-las-novedades-editoriales-de-septiembre-26.jpg\" class=\"v-a-img\" width=\"650\" height=\"975\" alt=\"Portada de la novela debut de Polly Barton, \u00bfQu\u00e9 soy, un ciervo?\" data-voc-vtm-id=\"in-text-traffic\">\n<\/div><figcaption class=\"v-fc\">\n<span class=\"v-fc__t\"><br \/>\nPortada de la novela debut de Polly Barton, \u00bfQu\u00e9 soy, un ciervo?<br \/>\n<\/span><br \/>\n<span class=\"v-fc__p\"><br \/>\nanagrama<br \/>\n<\/span><br \/>\n<\/figcaption><\/div>\n<\/div>\n<\/article>\n<\/div>\n<\/div>\n<p><h3 class=\"v-cmp-suh\">\n\u00bfQu\u00e9 soy, un ciervo? Polly Barton. Anagrama.<br \/>\n<\/h3>\n<\/p>\n<p class=\"voc-paragraph\">Subida al escenario del colegio, vestida con un camis\u00f3n dorado de su madre y con un cepillo a modo de micr\u00f3fono, una ni\u00f1a brit\u00e1nica est\u00e1 a punto de convertirse en C\u00e9line Dion. La m\u00fasica no suena y acaba cantando a capela ante miles de personas. Es rid\u00edculo. Pero valiente. Y tambi\u00e9n una revelaci\u00f3n \u00bfqu\u00e9 ocurre cuando mostramos sin reservas la parte m\u00e1s<strong> cursi, intensa y vulnerable<\/strong> de nosotros mismos? A\u00f1os despu\u00e9s esa ni\u00f1a se instala en Fr\u00e1ncfort para trabajar como localizadora de videojuegos. Traducir del japon\u00e9s significa adaptar referencias y emociones de un mundo a otro, pero muy pronto comprende que tambi\u00e9n est\u00e1 tratando de traducirse a s\u00ed misma, reinventarse y convertirse en alguien m\u00e1s ligero, seguro y aut\u00e9ntico. <\/p>\n<p class=\"voc-paragraph\">Es entonces cuando un encuentro fortuito en el tranv\u00eda, un desconocido que le devuelve un paraguas olvidado, desencadena una <strong>obsesi\u00f3n amorosa<\/strong> que la acompa\u00f1ar\u00e1 a lo largo de un a\u00f1o y para la que solo encontrar\u00e1 alisio en sesiones de karaoke, donde las canciones pop dejan de ser un placer culpable para convertirse en una forma de verdad. En librer\u00edas el 30 de septiembre.<\/p>\n<div class=\"v-c-cmp v-c-cmp--t1 \">\n<div class=\"v-cmp-rld v-cmp-rld--2 \">\n<div class=\"v-cnt-m v-cnt-m--m\">\n<div class=\"v-cnt-m__c\">\n<div class=\"v-cnt-m__w v-cnt-m__w--1\">\n<p class=\"v-cnt-m__t\">\nTAMBI\u00c9N TE INTERESA\n<\/p>\n<\/div>\n<\/div>\n<\/div>\n<div class=\"v-g v-g--2-c v-g--bdr-min-xs\">\n<div class=\"v-g__c \">\n<article class=\"v-a v-a--cmp-rld v-a--cmp-rld-2 v-a--p-l\">\n<div class=\"v-a-img-c\">\n<figure class=\"v-a-fig\">\n<a href=\"https:\/\/www.mujerhoy.com\/vivir\/ocio\/malina-gran-novela-ingeborg-bachmann-libro-novela-20260722125448-nt.html#vtm_modulosEngag=mod-rel:vivir:noticia:1:cmp:2-not\" class=\"v-a-link\" title=\"Mucho m\u00e1s que un tri\u00e1ngulo amoroso: as\u00ed es Malina, la gran novela de Ingeborg Bachmann\"><br \/>\n<img loading=\"lazy\" class=\"v-a-img\" src=\"http:\/\/cordobainforma.info\/wp-content\/uploads\/2026\/09\/de-rodrigo-cortes-a-julia-navarro-los-22-libros-mas-esperados-de-las-novedades-editoriales-de-septiembre-27.jpg\" alt=\"Mucho m\u00e1s que un tri\u00e1ngulo amoroso: as\u00ed es Malina, la gran novela de Ingeborg Bachmann\"><br \/>\n<\/a><br \/>\n<\/figure>\n<\/div>\n<\/article>\n<\/div>\n<div class=\"v-g__c \">\n<article class=\"v-a v-a--cmp-rld v-a--cmp-rld-2 v-a--p-l\">\n<div class=\"v-a-img-c\">\n<figure class=\"v-a-fig\">\n<a href=\"https:\/\/www.mujerhoy.com\/vivir\/ocio\/mejores-novelas-romanticas-leer-verano-diez-historias-playa-amor-20260803121405-nt.html#vtm_modulosEngag=mod-rel:vivir:noticia:2:cmp:2-not\" class=\"v-a-link\" title=\"Las mejores novelas rom\u00e1nticas para leer este verano: diez historias de amor para llevarte a la playa\"><br \/>\n<img loading=\"lazy\" class=\"v-a-img\" src=\"http:\/\/cordobainforma.info\/wp-content\/uploads\/2026\/09\/de-rodrigo-cortes-a-julia-navarro-los-22-libros-mas-esperados-de-las-novedades-editoriales-de-septiembre-28.jpg\" alt=\"Las mejores novelas rom\u00e1nticas para leer este verano: diez historias de amor para llevarte a la playa\"><br \/>\n<\/a><br \/>\n<\/figure>\n<\/div>\n<\/article>\n<\/div>\n<\/div>\n<\/div>\n<\/div>\n","protected":false},"excerpt":{"rendered":"<p>Lo nuevo de Freida McFadden, la obra m\u00e1s personal de Elisabet Benavent o la \u00faltima investigaci\u00f3n del maestro del periodismo, Patrick Raddden Keefe&#8230; Los libros m\u00e1s esperados del oto\u00f1o ya nos trajeron algunas novedades editoriales que no nos pod\u00edamos perder en septiembre. Pero nos hemos sumergido en profundidad en los lanzamientos que nos esperan este [&hellip;]<\/p>\n","protected":false},"author":1,"featured_media":197710,"comment_status":"open","ping_status":"closed","sticky":false,"template":"","format":"standard","meta":[],"categories":[18],"tags":[],"_links":{"self":[{"href":"http:\/\/cordobainforma.info\/index.php\/wp-json\/wp\/v2\/posts\/197709"}],"collection":[{"href":"http:\/\/cordobainforma.info\/index.php\/wp-json\/wp\/v2\/posts"}],"about":[{"href":"http:\/\/cordobainforma.info\/index.php\/wp-json\/wp\/v2\/types\/post"}],"author":[{"embeddable":true,"href":"http:\/\/cordobainforma.info\/index.php\/wp-json\/wp\/v2\/users\/1"}],"replies":[{"embeddable":true,"href":"http:\/\/cordobainforma.info\/index.php\/wp-json\/wp\/v2\/comments?post=197709"}],"version-history":[{"count":0,"href":"http:\/\/cordobainforma.info\/index.php\/wp-json\/wp\/v2\/posts\/197709\/revisions"}],"wp:featuredmedia":[{"embeddable":true,"href":"http:\/\/cordobainforma.info\/index.php\/wp-json\/wp\/v2\/media\/197710"}],"wp:attachment":[{"href":"http:\/\/cordobainforma.info\/index.php\/wp-json\/wp\/v2\/media?parent=197709"}],"wp:term":[{"taxonomy":"category","embeddable":true,"href":"http:\/\/cordobainforma.info\/index.php\/wp-json\/wp\/v2\/categories?post=197709"},{"taxonomy":"post_tag","embeddable":true,"href":"http:\/\/cordobainforma.info\/index.php\/wp-json\/wp\/v2\/tags?post=197709"}],"curies":[{"name":"wp","href":"https:\/\/api.w.org\/{rel}","templated":true}]}}