{"id":197707,"date":"2026-09-01T18:00:02","date_gmt":"2026-09-01T18:00:02","guid":{"rendered":"https:\/\/www.mujerhoy.com\/moda\/tendencias\/jersey-nuevo-basicos-zara-baratos-20260901102824-nt.html"},"modified":"2026-09-01T18:00:02","modified_gmt":"2026-09-01T18:00:02","slug":"estos-son-los-jerseis-de-plena-tendencia-que-no-te-quitaras-durante-los-dias-de-entretiempo","status":"publish","type":"post","link":"http:\/\/cordobainforma.info\/index.php\/2026\/09\/01\/estos-son-los-jerseis-de-plena-tendencia-que-no-te-quitaras-durante-los-dias-de-entretiempo\/","title":{"rendered":"Estos son los jers\u00e9is, de plena tendencia, que no te quitar\u00e1s durante los d\u00edas de entretiempo"},"content":{"rendered":"<div class=\"media_block\"><\/div>\n<p><!-- AUTHOR --><\/p>\n<div class=\"voc-author-timesocial \">\n<!-- AUTHOR --><\/p>\n<div class=\"voc-author-timesocial__signature \">\n<!-- IMAGE AUTHOR -->\n<picture class=\"voc-image-signature\">\n<img class=\"voc-image-signature__img\" src=\"http:\/\/cordobainforma.info\/wp-content\/uploads\/2026\/09\/estos-son-los-jerseis-de-plena-tendencia-que-no-te-quitaras-durante-los-dias-de-entretiempo.jpg\" alt=\"Gemma Cano\">\n<\/picture>\n<!-- INFO AUTHOR --><\/p>\n<div class=\"voc-author-timesocial__info\" data-mrf-recirculation=\"Autor\">\n<div class=\"voc-author-info\">\n<author><br \/>\n<a class=\"voc-author\" href=\"https:\/\/www.mujerhoy.com\/autor\/gemma-cano-1220.html\">Gemma Cano<\/a><br \/>\n<\/author><br \/>\n<!-- TIME --><br \/>\n<time datetime=\"2026-09-01T18:00:02Z\" data-timestamp><br \/>\nPublicado \u00b7 <span data-voc-date-modified-short> 1 de septiembre de 2026, 20:00 h <\/span><br \/>\n<\/time>\n<\/div>\n<\/div>\n<\/div><\/div>\n<p> <!-- COMPONENTS --><\/p>\n<p class=\"voc-paragraph\">Aunque todav\u00eda quedan algunos d\u00edas de verano por delante, la nueva temporada empieza a invitarnos a pasar de largo por las propuestas m\u00e1s veraniegas. Y si hay una pieza de <a href=\"https:\/\/www.mujerhoy.com\/moda\/no-te-pierdas\/chaquetas-ligeras-vestidos-prendas-entretiempo-merece-pena-20260815141016-nt.html\" target=\"_self\" data-voc-vtm-id=\"in-text-traffic\" data-mrf-link=\"www.mujerhoy.com\" rel=\"noopener noreferrer\">entretiempo<\/a> que <strong>est\u00e1 ahora mismo triunfando<\/strong> esa es el jersey de cuello panadero con botones. <\/p>\n<p class=\"voc-paragraph\">Si quieres actualizar tu colecci\u00f3n de propuestas de <a href=\"https:\/\/www.mujerhoy.com\/moda\/no-te-pierdas\/tendencia-invitadas-bodas-otono-vestidos-rayas-elegantes-favorecedores-20260821194450-nt.html\" target=\"_self\" data-voc-vtm-id=\"in-text-traffic\" data-mrf-link=\"www.mujerhoy.com\" rel=\"noopener noreferrer\">oto\u00f1o<\/a>, tiene que apostar por este tipo de <strong>dise\u00f1os de plena tendencia<\/strong>. Combinados con vaqueros o pantalones de vestir con pinzas conseguir\u00e1s un look de nota, que podr\u00e1s llevar cuando bajen las temperaturas.<\/p>\n<div class=\"v-c-cmp v-c-cmp--t1 \">\n<div class=\"v-cmp-rld v-cmp-rld--2 \">\n<div class=\"v-cnt-m v-cnt-m--m\">\n<div class=\"v-cnt-m__c\">\n<div class=\"v-cnt-m__w v-cnt-m__w--1\">\n<p class=\"v-cnt-m__t\">\nTAMBI\u00c9N TE INTERESA\n<\/p>\n<\/div>\n<\/div>\n<\/div>\n<div class=\"v-g v-g--2-c v-g--bdr-min-xs\">\n<div class=\"v-g__c \">\n<article class=\"v-a v-a--cmp-rld v-a--cmp-rld-2 v-a--p-l\">\n<div class=\"v-a-img-c\">\n<figure class=\"v-a-fig\">\n<a href=\"https:\/\/www.mujerhoy.com\/moda\/tendencias\/tendencias-moda-otono-invierno-2026-2027-20260728122516-nt.html#vtm_modulosEngag=mod-rel:moda:noticia:1:cmp:2-not\" class=\"v-a-link\" title=\"Ya est\u00e1n aqu\u00ed: todas las tendencias de moda que llevaremos este oto\u00f1o-invierno 2026-2027\"><br \/>\n<img loading=\"lazy\" class=\"v-a-img\" src=\"http:\/\/cordobainforma.info\/wp-content\/uploads\/2026\/09\/estos-son-los-jerseis-de-plena-tendencia-que-no-te-quitaras-durante-los-dias-de-entretiempo-1.jpg\" alt=\"Ya est\u00e1n aqu\u00ed: todas las tendencias de moda que llevaremos este oto\u00f1o-invierno 2026-2027\"><br \/>\n<\/a><br \/>\n<\/figure>\n<\/div>\n<\/article>\n<\/div>\n<div class=\"v-g__c \">\n<article class=\"v-a v-a--cmp-rld v-a--cmp-rld-2 v-a--p-l\">\n<div class=\"v-a-img-c\">\n<figure class=\"v-a-fig\">\n<a href=\"https:\/\/www.mujerhoy.com\/moda\/no-te-pierdas\/camiseta-azul-prenda-favorita-otono-maria-pombo-ines-garcia-20260826115758-nt.html#vtm_modulosEngag=mod-rel:moda:noticia:2:cmp:2-not\" class=\"v-a-link\" title=\"\u00bfEs la camiseta azul la prenda aliada del oto\u00f1o? Mar\u00eda Pombo e In\u00e9s Garc\u00eda lo confirman\"><br \/>\n<img loading=\"lazy\" class=\"v-a-img\" src=\"http:\/\/cordobainforma.info\/wp-content\/uploads\/2026\/09\/estos-son-los-jerseis-de-plena-tendencia-que-no-te-quitaras-durante-los-dias-de-entretiempo-2.jpg\" alt=\"\u00bfEs la camiseta azul la prenda aliada del oto\u00f1o? Mar\u00eda Pombo e In\u00e9s Garc\u00eda lo confirman\"><br \/>\n<\/a><br \/>\n<\/figure>\n<\/div>\n<\/article>\n<\/div>\n<\/div>\n<\/div>\n<\/div>\n<div class=\"v-c-cmp \">\n<div class=\"v-cmp-m v-cmp-m--t1\">\n<article class=\"v-a v-a--cmp-m v-c-cmp--m-p\">\n<div class=\"v-a-img-c v-a-img-c--fw-xs\">\n<div class=\"v-a-fig\">\n<div class=\"v-a-link\">\n<img loading=\"lazy\" src=\"http:\/\/cordobainforma.info\/wp-content\/uploads\/2026\/09\/estos-son-los-jerseis-de-plena-tendencia-que-no-te-quitaras-durante-los-dias-de-entretiempo-3.jpg\" class=\"v-a-img\" width=\"650\" height=\"975\" alt=\"Jersey azul marino de Zara (25,95 euros)\" data-voc-vtm-id=\"in-text-traffic\">\n<\/div><figcaption class=\"v-fc\">\n<span class=\"v-fc__t\"><br \/>\nJersey azul marino de Zara (25,95 euros)<br \/>\n<\/span><br \/>\n<\/figcaption><\/div>\n<\/div>\n<\/article>\n<\/div>\n<\/div>\n<p><h3 class=\"v-cmp-suh\">\nJersey azul marino de Zara (25,95 euros)<br \/>\n<\/h3>\n<\/p>\n<p class=\"voc-paragraph\">Una prenda de entretiempo que podr\u00e1s estrenar con tus primeros looks de la temporada. Un bonito jersey con botones que llega en azul marino o rojo.<\/p>\n<div class=\"v-c-cmp \">\n<div class=\"v-cmp-m v-cmp-m--t1\">\n<article class=\"v-a v-a--cmp-m v-c-cmp--m-p\">\n<div class=\"v-a-img-c v-a-img-c--fw-xs\">\n<div class=\"v-a-fig\">\n<div class=\"v-a-link\">\n<img loading=\"lazy\" src=\"http:\/\/cordobainforma.info\/wp-content\/uploads\/2026\/09\/estos-son-los-jerseis-de-plena-tendencia-que-no-te-quitaras-durante-los-dias-de-entretiempo-4.jpg\" class=\"v-a-img\" width=\"650\" height=\"975\" alt=\"Jersey de rayas de Zara (79,95 euros)\" data-voc-vtm-id=\"in-text-traffic\">\n<\/div><figcaption class=\"v-fc\">\n<span class=\"v-fc__t\"><br \/>\nJersey de rayas de Zara (79,95 euros)<br \/>\n<\/span><br \/>\n<\/figcaption><\/div>\n<\/div>\n<\/article>\n<\/div>\n<\/div>\n<p><h3 class=\"v-cmp-suh\">\nJersey de rayas de Zara (79,95 euros)<br \/>\n<\/h3>\n<\/p>\n<p class=\"voc-paragraph\">Si est\u00e1s buscando renovar tu colecci\u00f3n de jers\u00e9is de oto\u00f1o, tienes que ver este bonito dise\u00f1o. Un dise\u00f1o de color camel, con rayas rojas, que podr\u00e1s llevar con tus primeros looks de entretiempo.<\/p>\n<div class=\"v-c-cmp \">\n<div class=\"v-cmp-m v-cmp-m--t1\">\n<article class=\"v-a v-a--cmp-m v-c-cmp--m-p\">\n<div class=\"v-a-img-c v-a-img-c--fw-xs\">\n<div class=\"v-a-fig\">\n<div class=\"v-a-link\">\n<img loading=\"lazy\" src=\"http:\/\/cordobainforma.info\/wp-content\/uploads\/2026\/09\/estos-son-los-jerseis-de-plena-tendencia-que-no-te-quitaras-durante-los-dias-de-entretiempo-5.jpg\" class=\"v-a-img\" width=\"650\" height=\"975\" alt=\"Jersey rosa de Zara (29,99 euros)\" data-voc-vtm-id=\"in-text-traffic\">\n<\/div><figcaption class=\"v-fc\">\n<span class=\"v-fc__t\"><br \/>\nJersey rosa de Zara (29,99 euros)<br \/>\n<\/span><br \/>\n<\/figcaption><\/div>\n<\/div>\n<\/article>\n<\/div>\n<\/div>\n<p><h3 class=\"v-cmp-suh\">\nJersey rosa de Zara (29,99 euros)<br \/>\n<\/h3>\n<\/p>\n<p class=\"voc-paragraph\">Una prenda de punto perfecta para los d\u00edas de entretiempo que podr\u00e1s llevar con tus pantalones de vestir favoritos. Los colores pastel, como el azul lavanda o el rosa malva, son perfectos para este tipo de prendas.<\/p>\n<div class=\"v-c-cmp \">\n<div class=\"v-cmp-m v-cmp-m--t1\">\n<article class=\"v-a v-a--cmp-m v-c-cmp--m-p\">\n<div class=\"v-a-img-c v-a-img-c--fw-xs\">\n<div class=\"v-a-fig\">\n<div class=\"v-a-link\">\n<img loading=\"lazy\" src=\"http:\/\/cordobainforma.info\/wp-content\/uploads\/2026\/09\/estos-son-los-jerseis-de-plena-tendencia-que-no-te-quitaras-durante-los-dias-de-entretiempo-6.jpg\" class=\"v-a-img\" width=\"650\" height=\"975\" alt=\"Jersey de rayas de S\u00e9zane (95 euros)\" data-voc-vtm-id=\"in-text-traffic\">\n<\/div><figcaption class=\"v-fc\">\n<span class=\"v-fc__t\"><br \/>\nJersey de rayas de S\u00e9zane (95 euros)<br \/>\n<\/span><br \/>\n<\/figcaption><\/div>\n<\/div>\n<\/article>\n<\/div>\n<\/div>\n<p><h3 class=\"v-cmp-suh\">\nJersey de rayas de S\u00e9zane (95 euros)<br \/>\n<\/h3>\n<\/p>\n<p class=\"voc-paragraph\">Una prenda que acaba de llegar a las tiendas, que no puedes dejar escapar este oto\u00f1o. Nos encanta su corte y los detalles especiales, como los botones. Una prenda que podr\u00e1s estrenar ahora, pero que tambi\u00e9n llevar\u00e1s sin parar durante los d\u00edas de fr\u00edo.<\/p>\n<div class=\"v-c-cmp v-c-cmp--s\">\n<div class=\"v-cmp-m \">\n<article class=\"v-a v-a--cmp-m v-c-cmp--m-z\">\n<div class=\"v-a-img-c \">\n<div class=\"v-a-fig\">\n<button class=\"v-a-link\" popovertarget=\"photo-408\"><br \/>\n<img loading=\"lazy\" src=\"http:\/\/cordobainforma.info\/wp-content\/uploads\/2026\/09\/estos-son-los-jerseis-de-plena-tendencia-que-no-te-quitaras-durante-los-dias-de-entretiempo-7.jpg\" class=\"v-a-img\" width=\"650\" height=\"650\" alt=\"Jersey azul de Zara (29,99 euros)\" data-voc-vtm-id=\"in-text-traffic\"> <\/button><figcaption class=\"v-fc\">\n<span class=\"v-fc__t\"><br \/>\nJersey azul de Zara (29,99 euros)<br \/>\n<\/span><br \/>\n<\/figcaption><\/div>\n<\/div>\n<div id=\"photo-408\" popover class=\"v-mdl v-mdl--fw\">\n<button class=\"v-x\" popovertarget=\"photo-408\" popovertargetaction=\"hide\"><br \/>\n<span class=\"v-i\"><br \/>\n<svg width=\"24\" height=\"23.996\" viewBox=\"0 0 24 23.996\">\n<path data-name=\"Uni\u00f3n 29\" d=\"M12,14.03,2.031,24,0,21.963,9.968,12,0,2.033,2.031,0,12,9.966,21.969,0,24,2.033,14.032,12,24,21.963,21.969,24Z\" \/>\n<\/svg><br \/>\n<\/span><br \/>\n<\/button><\/p>\n<div class=\"v-mdl__c\">\n<div class=\"v-mdl__w\">\n<img loading=\"lazy\" src=\"http:\/\/cordobainforma.info\/wp-content\/uploads\/2026\/09\/estos-son-los-jerseis-de-plena-tendencia-que-no-te-quitaras-durante-los-dias-de-entretiempo-7.jpg\" class=\"v-mdl__img-z\" width=\"650\" height=\"650\" alt>\n<\/div>\n<\/div>\n<\/div>\n<p><span class=\"v-bdp\"><\/span><br \/>\n<\/article>\n<\/div>\n<\/div>\n<p><h3 class=\"v-cmp-suh\">\nJersey azul de Zara (29,99 euros)<br \/>\n<\/h3>\n<\/p>\n<p class=\"voc-paragraph\">Este tipo de propuestas de punto de algod\u00f3n son perfectas para conseguir el mejor look durante los primeros d\u00edas de entretiempo. El color azul es uno de nuestros favoritos de la nueva temporada.<\/p>\n<div class=\"v-c-cmp \">\n<div class=\"v-cmp-m v-cmp-m--t1\">\n<article class=\"v-a v-a--cmp-m v-c-cmp--m-p\">\n<div class=\"v-a-img-c v-a-img-c--fw-xs\">\n<div class=\"v-a-fig\">\n<div class=\"v-a-link\">\n<img loading=\"lazy\" src=\"http:\/\/cordobainforma.info\/wp-content\/uploads\/2026\/09\/estos-son-los-jerseis-de-plena-tendencia-que-no-te-quitaras-durante-los-dias-de-entretiempo-8.jpg\" class=\"v-a-img\" width=\"650\" height=\"975\" alt=\"Jersey gris Zara (22,95 euros)\" data-voc-vtm-id=\"in-text-traffic\">\n<\/div><figcaption class=\"v-fc\">\n<span class=\"v-fc__t\"><br \/>\nJersey gris Zara (22,95 euros)<br \/>\n<\/span><br \/>\n<\/figcaption><\/div>\n<\/div>\n<\/article>\n<\/div>\n<\/div>\n<p><h3 class=\"v-cmp-suh\">\nJersey gris Zara (22,95 euros)<br \/>\n<\/h3>\n<\/p>\n<p class=\"voc-paragraph\">Aqu\u00ed est\u00e1 el dise\u00f1o de punto m\u00e1s elegante de la nueva temporada de la firma de Inditex. Una propuesta muy vers\u00e1til, que tienes que incluir en tu lista de deseos de entretiempo. Un dise\u00f1o en tono neutro que podr\u00e1s llevar a todas horas.<\/p>\n<div class=\"v-c-cmp v-c-cmp--t1 \">\n<div class=\"v-cmp-rld v-cmp-rld--2 \">\n<div class=\"v-cnt-m v-cnt-m--m\">\n<div class=\"v-cnt-m__c\">\n<div class=\"v-cnt-m__w v-cnt-m__w--1\">\n<p class=\"v-cnt-m__t\">\nTAMBI\u00c9N TE INTERESA\n<\/p>\n<\/div>\n<\/div>\n<\/div>\n<div class=\"v-g v-g--2-c v-g--bdr-min-xs\">\n<div class=\"v-g__c \">\n<article class=\"v-a v-a--cmp-rld v-a--cmp-rld-2 v-a--p-l\">\n<div class=\"v-a-img-c\">\n<figure class=\"v-a-fig\">\n<a href=\"https:\/\/www.mujerhoy.com\/moda\/no-te-pierdas\/basicos-clasicos-para-armario-minimalista-otono-20260824163915-nt.html#vtm_modulosEngag=mod-rel:moda:noticia:1:cmp:2-not\" class=\"v-a-link\" title=\"Seis prendas cl\u00e1sicas que encontrar\u00e1s en un armario minimalista de oto\u00f1o\"><br \/>\n<img loading=\"lazy\" class=\"v-a-img\" src=\"http:\/\/cordobainforma.info\/wp-content\/uploads\/2026\/09\/estos-son-los-jerseis-de-plena-tendencia-que-no-te-quitaras-durante-los-dias-de-entretiempo-9.jpg\" alt=\"Seis prendas cl\u00e1sicas que encontrar\u00e1s en un armario minimalista de oto\u00f1o\"><br \/>\n<\/a><br \/>\n<\/figure>\n<\/div>\n<\/article>\n<\/div>\n<div class=\"v-g__c \">\n<article class=\"v-a v-a--cmp-rld v-a--cmp-rld-2 v-a--p-l\">\n<div class=\"v-a-img-c\">\n<figure class=\"v-a-fig\">\n<a href=\"https:\/\/www.mujerhoy.com\/moda\/no-te-pierdas\/mejores-basicos-estetica-oficinista-y2k-que-es-20260824164616-nt.html#vtm_modulosEngag=mod-rel:moda:noticia:2:cmp:2-not\" class=\"v-a-link\" title=\"De Sof\u00eda Coppola a Miu Miu: seis b\u00e1sicos atemporales para seguir la tendencia oficinista Y2K\"><br \/>\n<img loading=\"lazy\" class=\"v-a-img\" src=\"http:\/\/cordobainforma.info\/wp-content\/uploads\/2026\/09\/estos-son-los-jerseis-de-plena-tendencia-que-no-te-quitaras-durante-los-dias-de-entretiempo-10.jpg\" alt=\"De Sof\u00eda Coppola a Miu Miu: seis b\u00e1sicos atemporales para seguir la tendencia oficinista Y2K\"><br \/>\n<\/a><br \/>\n<\/figure>\n<\/div>\n<\/article>\n<\/div>\n<\/div>\n<\/div>\n<\/div>\n","protected":false},"excerpt":{"rendered":"<p>Gemma Cano Publicado \u00b7 1 de septiembre de 2026, 20:00 h Aunque todav\u00eda quedan algunos d\u00edas de verano por delante, la nueva temporada empieza a invitarnos a pasar de largo por las propuestas m\u00e1s veraniegas. Y si hay una pieza de entretiempo que est\u00e1 ahora mismo triunfando esa es el jersey de cuello panadero con [&hellip;]<\/p>\n","protected":false},"author":1,"featured_media":197708,"comment_status":"closed","ping_status":"closed","sticky":false,"template":"","format":"standard","meta":[],"categories":[24],"tags":[],"_links":{"self":[{"href":"http:\/\/cordobainforma.info\/index.php\/wp-json\/wp\/v2\/posts\/197707"}],"collection":[{"href":"http:\/\/cordobainforma.info\/index.php\/wp-json\/wp\/v2\/posts"}],"about":[{"href":"http:\/\/cordobainforma.info\/index.php\/wp-json\/wp\/v2\/types\/post"}],"author":[{"embeddable":true,"href":"http:\/\/cordobainforma.info\/index.php\/wp-json\/wp\/v2\/users\/1"}],"replies":[{"embeddable":true,"href":"http:\/\/cordobainforma.info\/index.php\/wp-json\/wp\/v2\/comments?post=197707"}],"version-history":[{"count":0,"href":"http:\/\/cordobainforma.info\/index.php\/wp-json\/wp\/v2\/posts\/197707\/revisions"}],"wp:featuredmedia":[{"embeddable":true,"href":"http:\/\/cordobainforma.info\/index.php\/wp-json\/wp\/v2\/media\/197708"}],"wp:attachment":[{"href":"http:\/\/cordobainforma.info\/index.php\/wp-json\/wp\/v2\/media?parent=197707"}],"wp:term":[{"taxonomy":"category","embeddable":true,"href":"http:\/\/cordobainforma.info\/index.php\/wp-json\/wp\/v2\/categories?post=197707"},{"taxonomy":"post_tag","embeddable":true,"href":"http:\/\/cordobainforma.info\/index.php\/wp-json\/wp\/v2\/tags?post=197707"}],"curies":[{"name":"wp","href":"https:\/\/api.w.org\/{rel}","templated":true}]}}