{"id":197695,"date":"2026-09-01T20:26:11","date_gmt":"2026-09-01T20:26:11","guid":{"rendered":"http:\/\/cordobainforma.info\/index.php\/2026\/09\/01\/liberaron-a-paola-ortiz-el-tsj-de-cordoba-revoco-la-perpetua-tras-13-anos-de-carcel-por-un-parto-en-emergencia\/"},"modified":"2026-09-01T20:26:11","modified_gmt":"2026-09-01T20:26:11","slug":"liberaron-a-paola-ortiz-el-tsj-de-cordoba-revoco-la-perpetua-tras-13-anos-de-carcel-por-un-parto-en-emergencia","status":"publish","type":"post","link":"http:\/\/cordobainforma.info\/index.php\/2026\/09\/01\/liberaron-a-paola-ortiz-el-tsj-de-cordoba-revoco-la-perpetua-tras-13-anos-de-carcel-por-un-parto-en-emergencia\/","title":{"rendered":"Liberaron a Paola Ortiz: el TSJ de C\u00f3rdoba revoc\u00f3 la perpetua tras 13 a\u00f1os de c\u00e1rcel por un parto en emergencia"},"content":{"rendered":"<div class=\"media_block\"><\/div>\n<div><img src=\"http:\/\/cordobainforma.info\/wp-content\/uploads\/2026\/09\/liberaron-a-paola-ortiz-el-tsj-de-cordoba-revoco-la-perpetua-tras-13-anos-de-carcel-por-un-parto-en-emergencia.jpg\" class=\"ff-og-image-inserted\"><\/div>\n<p>Despu\u00e9s de casi catorce a\u00f1os detenida, Paola Ver\u00f3nica Ortiz sali\u00f3 en libertad este martes 1 de septiembre. La Sala Penal del Tribunal Superior de Justicia (TSJ) de C\u00f3rdoba resolvi\u00f3 hacer lugar al recurso de revisi\u00f3n presentado por sus abogadas defensoras y dej\u00f3 sin efecto la prisi\u00f3n perpetua que pesaba sobre ella desde 2015 por la muerte de su hija reci\u00e9n nacida, ocurrida en el marco de un parto de emergencia sin asistencia m\u00e9dica.<\/p>\n<p>El fallo, firmado por los vocales Sebasti\u00e1n Cruz L\u00f3pez Pe\u00f1a, A\u00edda Tarditti y Mar\u00eda Marta C\u00e1ceres de Bollati, sustituy\u00f3 la pena de prisi\u00f3n perpetua por una condena equivalente al tiempo que Ortiz ya llevaba detenida y dispuso su salida inmediata de la c\u00e1rcel de Bouwer, donde cumpl\u00eda la condena desde hac\u00eda m\u00e1s de una d\u00e9cada.<\/p>\n<p>La defensa de Ortiz estuvo a cargo de las abogadas Julia Alejandra Luna y Roc\u00edo Pilar Garc\u00eda Garro, integrantes de la Guardia de Abogadas Feministas de Cat\u00f3licas por el Derecho a Decidir (CDD), quienes asumieron el caso a fines de 2022 y presentaron el recurso de revisi\u00f3n en abril de 2024.<\/p>\n<p>El planteo se sostuvo en dos argumentos: por un lado, la incorporaci\u00f3n de un nuevo informe m\u00e9dico que cuestionaba las conclusiones de la autopsia original; por otro, la exigencia de que la condena fuera revisada bajo los est\u00e1ndares de perspectiva de g\u00e9nero que el propio TSJ desarroll\u00f3 en fallos posteriores a la sentencia firme.<\/p>\n<p>El tribunal, por mayor\u00eda, no hizo lugar al primero de esos planteos: consider\u00f3 que el nuevo informe m\u00e9dico presentado por la defensa constitu\u00eda una reinterpretaci\u00f3n de pruebas ya analizadas en el juicio y no un elemento verdaderamente nuevo. Sin embargo, por unanimidad, los tres vocales coincidieron en el segundo punto: la sentencia de 2015 se dict\u00f3 sin considerar el contexto de vulnerabilidad, pobreza y violencia que atravesaba Ortiz al momento del hecho, un an\u00e1lisis que la jurisprudencia m\u00e1s reciente del propio Tribunal s\u00ed exige incorporar en casos similares.<\/p>\n<p>En los fundamentos, los jueces remarcaron que la causa se desarroll\u00f3 en \u00abun contexto cuyos factores determinantes configuran un cuadro de menor culpabilidad\u00bb, derivado de la situaci\u00f3n de precariedad econ\u00f3mica, dependencia habitacional y aislamiento social que atravesaba Ortiz en el momento de los hechos, ocurridos en octubre de 2012.<\/p>\n<p>Con ese criterio, el TSJ resolvi\u00f3 aplicar circunstancias extraordinarias de atenuaci\u00f3n -contempladas en el C\u00f3digo Penal para estos casos- y recalcul\u00f3 la pena en trece a\u00f1os, nueve meses y veintis\u00e9is d\u00edas de prisi\u00f3n, el mismo tiempo que Ortiz llevaba efectivamente detenida.<\/p>\n<h2><strong>Qu\u00e9 dijeron las abogadas de Ortiz<\/strong><\/h2>\n<p>Horas despu\u00e9s de conocido el fallo, las abogadas Luna y Garc\u00eda Garro viajaron hasta la c\u00e1rcel de Bouwer para comunicarle personalmente la noticia a Ortiz y acompa\u00f1arla en su salida. En di\u00e1logo con PERFIL C\u00d3RDOBA, todav\u00eda en camino, Garc\u00eda Garro defini\u00f3 lo resuelto por el m\u00e1ximo tribunal cordob\u00e9s: \u00abLo que se dispone es la inmediata libertad de Paola, eso es lo clave. Una persona que estaba condenada a perpetua, el Tribunal Superior de Justicia dispuso que sale hoy\u00bb.<\/p>\n<p>La abogada explic\u00f3 que el fallo \u00abreconoce las circunstancias extraordinarias de atenuaci\u00f3n que rodearon el caso\u00bb y remarc\u00f3 que ese reconocimiento se apoy\u00f3, centralmente, en la exigencia que ambas letradas vienen sosteniendo desde que tomaron la causa: que la Justicia juzgue \u00abcon perspectiva de g\u00e9nero\u00bb.<\/p>\n<p>Luna, por su parte, subray\u00f3 el alcance que le atribuye a la decisi\u00f3n judicial: \u00abRepresenta un avance no solamente por la libertad de Paola, sino por la libertad de todas las mujeres, y tambi\u00e9n en relaci\u00f3n a los derechos sexuales, reproductivos y no reproductivos\u00bb. La abogada remarc\u00f3 que el caso de Ortiz fue, desde el inicio, una emergencia obst\u00e9trica que la Justicia analiz\u00f3 \u00absin tener en cuenta esa l\u00ednea de investigaci\u00f3n\u00bb, omitiendo garant\u00edas como el principio de inocencia y el debido proceso.<\/p>\n<p>Consultada sobre si el fallo debe leerse como un error puntual del sistema judicial o algo m\u00e1s estructural, Garc\u00eda Garro fue categ\u00f3rica: \u00abSin dudas es violencia institucional. Todos los d\u00edas vemos el abordaje que tiene la Justicia con los sectores m\u00e1s vulnerabilizados. La Justicia lejos est\u00e1 de ser ecu\u00e1nime\u00bb.<\/p>\n<p>Agreg\u00f3 que las mujeres pobres enfrentan un sistema penal que las juzga \u00abde una manera much\u00edsimo m\u00e1s grave\u00bb que a otras personas, desde el tipo de defensa que reciben hasta la forma en que se investigan los hechos que se les imputan.<\/p>\n<p>Las letradas presentaron el recurso de revisi\u00f3n el 22 de abril de 2024, es decir, dos a\u00f1os y medio antes de conocerse la resoluci\u00f3n. El recurso cont\u00f3 con el respaldo de una decena de organizaciones de derechos humanos y feministas que se presentaron como amicus curiae ante el tribunal, entre ellas el Centro de Estudios Legales y Sociales (CELS), la Fundaci\u00f3n para el Desarrollo de Pol\u00edticas Sustentables (Fundeps), el Equipo Latinoamericano de Justicia y G\u00e9nero (ELA) y el Comit\u00e9 de Am\u00e9rica Latina y el Caribe para la Defensa de los Derechos de la Mujer (CLADEM), entre otras.<\/p>\n<p>Sobre la reinserci\u00f3n de Ortiz tras casi catorce a\u00f1os de encierro, Garc\u00eda Garro se\u00f1al\u00f3 que la situaci\u00f3n es compleja: \u00abNo tiene una fuente de trabajo estable, no termin\u00f3 la educaci\u00f3n primaria. La reinserci\u00f3n laboral va a ser un punto importante en su libertad y en su reinserci\u00f3n en la sociedad\u00bb. Ambas abogadas remarcaron que, por el momento, Ortiz no tiene contacto con su familia de origen, aunque s\u00ed cuenta con personas cercanas dispuestas a acompa\u00f1arla en esta nueva etapa.<\/p>\n<h2><strong>Un patr\u00f3n que se repite en el pa\u00eds<\/strong><\/h2>\n<p>El caso de Paola Ortiz forma parte de una serie de causas judiciales en Argentina donde mujeres en situaci\u00f3n de pobreza fueron criminalizadas tras atravesar emergencias obst\u00e9tricas -partos s\u00fabitos, sin asistencia m\u00e9dica, en contextos de extrema precariedad- y terminaron acusadas de delitos contra la vida sin pruebas concluyentes sobre las circunstancias reales de la muerte del reci\u00e9n nacido.<\/p>\n<p>El antecedente m\u00e1s difundido en el pa\u00eds es el de Bel\u00e9n, en Tucum\u00e1n, cuyo nombre real permanece resguardado. Bel\u00e9n fue detenida en 2014 tras sufrir un aborto espont\u00e1neo en un hospital p\u00fablico y lleg\u00f3 a ser condenada a ocho a\u00f1os de prisi\u00f3n por \u00abhomicidio agravado por el v\u00ednculo\u00bb, antes de que la Corte de Justicia tucumana revirtiera la sentencia en 2016 en un fallo que se convirti\u00f3 en referencia ineludible para este tipo de causas en toda la regi\u00f3n.<\/p>\n<p>Especialistas en g\u00e9nero y organismos de derechos humanos coinciden en que estos procesos comparten un mismo patr\u00f3n: mujeres pobres, sin acceso oportuno al sistema de salud, juzgadas bajo el estereotipo de la \u00abmala madre\u00bb y sin que la Justicia incorpore en su an\u00e1lisis el contexto de vulnerabilidad y desigualdad estructural que atraviesan.<\/p>\n","protected":false},"excerpt":{"rendered":"<p>Despu\u00e9s de casi catorce a\u00f1os detenida, Paola Ver\u00f3nica Ortiz sali\u00f3 en libertad este martes 1 de septiembre. La Sala Penal del Tribunal Superior de Justicia (TSJ) de C\u00f3rdoba resolvi\u00f3 hacer lugar al recurso de revisi\u00f3n presentado por sus abogadas defensoras y dej\u00f3 sin efecto la prisi\u00f3n perpetua que pesaba sobre ella desde 2015 por la [&hellip;]<\/p>\n","protected":false},"author":1,"featured_media":197696,"comment_status":"closed","ping_status":"closed","sticky":false,"template":"","format":"standard","meta":[],"categories":[2],"tags":[],"_links":{"self":[{"href":"http:\/\/cordobainforma.info\/index.php\/wp-json\/wp\/v2\/posts\/197695"}],"collection":[{"href":"http:\/\/cordobainforma.info\/index.php\/wp-json\/wp\/v2\/posts"}],"about":[{"href":"http:\/\/cordobainforma.info\/index.php\/wp-json\/wp\/v2\/types\/post"}],"author":[{"embeddable":true,"href":"http:\/\/cordobainforma.info\/index.php\/wp-json\/wp\/v2\/users\/1"}],"replies":[{"embeddable":true,"href":"http:\/\/cordobainforma.info\/index.php\/wp-json\/wp\/v2\/comments?post=197695"}],"version-history":[{"count":0,"href":"http:\/\/cordobainforma.info\/index.php\/wp-json\/wp\/v2\/posts\/197695\/revisions"}],"wp:featuredmedia":[{"embeddable":true,"href":"http:\/\/cordobainforma.info\/index.php\/wp-json\/wp\/v2\/media\/197696"}],"wp:attachment":[{"href":"http:\/\/cordobainforma.info\/index.php\/wp-json\/wp\/v2\/media?parent=197695"}],"wp:term":[{"taxonomy":"category","embeddable":true,"href":"http:\/\/cordobainforma.info\/index.php\/wp-json\/wp\/v2\/categories?post=197695"},{"taxonomy":"post_tag","embeddable":true,"href":"http:\/\/cordobainforma.info\/index.php\/wp-json\/wp\/v2\/tags?post=197695"}],"curies":[{"name":"wp","href":"https:\/\/api.w.org\/{rel}","templated":true}]}}