{"id":197693,"date":"2026-09-01T16:13:49","date_gmt":"2026-09-01T16:13:49","guid":{"rendered":"https:\/\/cordoba.gob.ar\/?p=93672"},"modified":"2026-09-01T16:13:49","modified_gmt":"2026-09-01T16:13:49","slug":"el-ballet-municipal-presenta-tres-funciones-gratuitas-de-brochero","status":"publish","type":"post","link":"http:\/\/cordobainforma.info\/index.php\/2026\/09\/01\/el-ballet-municipal-presenta-tres-funciones-gratuitas-de-brochero\/","title":{"rendered":"El Ballet Municipal presenta tres funciones gratuitas de Brochero"},"content":{"rendered":"<div><img src=\"http:\/\/cordobainforma.info\/wp-content\/uploads\/2026\/09\/el-ballet-municipal-presenta-tres-funciones-gratuitas-de-brochero.jpg\" class=\"ff-og-image-inserted\"><\/div>\n<ul>\n<li data-prosemirror-content-type=\"node\" data-prosemirror-node-name=\"paragraph\" data-prosemirror-node-block=\"true\"><strong>El elenco estable de la ciudad presenta \u201cBROCHERO \u2013 Camino y Silencio\u201d, una creaci\u00f3n inspirada en la figura del Cura Gaucho. Ser\u00e1 el viernes 4, s\u00e1bado 5 y domingo 6 de septiembre, a las 20:00. La entrada es gratuita hasta agotar la capacidad de la sala.<\/strong><\/li>\n<\/ul>\n<hr>\n<p data-prosemirror-content-type=\"node\" data-prosemirror-node-name=\"paragraph\" data-prosemirror-node-block=\"true\">La Secretar\u00eda de Fortalecimiento Vecinal, Cultura y Deportes de la Municipalidad de C\u00f3rdoba invita a disfrutar de una nueva presentaci\u00f3n del Ballet Municipal de la Ciudad de C\u00f3rdoba, que llevar\u00e1 al escenario del Teatro Comedia (Rivadavia 254).<\/p>\n<p data-prosemirror-content-type=\"node\" data-prosemirror-node-name=\"paragraph\" data-prosemirror-node-block=\"true\">\u201c<em data-prosemirror-content-type=\"mark\" data-prosemirror-mark-name=\"em\">BROCHERO \u2013 Camino y Silencio\u201d<\/em> es una creaci\u00f3n inspirada en la vida y el legado del Santo Cura Brochero. Las funciones ser\u00e1n el viernes 4, s\u00e1bado 5 y domingo 6 de septiembre, a las 20. La entrada es gratuita hasta agotar la capacidad de la sala y se retira por boleter\u00eda dos horas antes de cada funci\u00f3n.<\/p>\n<p data-prosemirror-content-type=\"node\" data-prosemirror-node-name=\"paragraph\" data-prosemirror-node-block=\"true\">Con idea y montaje de Jerem\u00edas Vizca\u00edno y direcci\u00f3n general de Laura Daniela Cornejo, la propuesta lleva al lenguaje de la danza la figura de Jos\u00e9 Gabriel del Rosario Brochero, el sacerdote cordob\u00e9s que dedic\u00f3 buena parte de su vida al trabajo junto a las comunidades de Traslasierra.<\/p>\n<p data-prosemirror-content-type=\"node\" data-prosemirror-node-name=\"paragraph\" data-prosemirror-node-block=\"true\">La puesta busca detenerse en algunas de las ideas que atraviesan su figura: el v\u00ednculo con el pueblo, la adversidad, la escucha y el paso del tiempo. El cuerpo aparece as\u00ed como una forma de recuperar una historia que sigue teniendo resonancias en C\u00f3rdoba.<\/p>\n<p data-prosemirror-content-type=\"node\" data-prosemirror-node-name=\"paragraph\" data-prosemirror-node-block=\"true\">\u201cEn alg\u00fan sentido, la obra naci\u00f3 cuando ingres\u00e9 al Ballet Municipal\u201d, cuenta Cornejo, subdirectora del elenco. Desde entonces, explica, uno de sus objetivos fue aportar a la construcci\u00f3n de una identidad cordobesa a trav\u00e9s de nuevas creaciones: \u201cCre\u00eda pertinente poder darle una identidad cordobesa, llevando adelante creaciones que representen a nuestra gente y a nuestro territorio\u201d.<\/p>\n<p data-prosemirror-content-type=\"node\" data-prosemirror-node-name=\"paragraph\" data-prosemirror-node-block=\"true\">Para este montaje convoc\u00f3 al core\u00f3grafo Jerem\u00edas Vizca\u00edno, con quien trabajaron a partir de la diversidad de expresiones del elenco hasta encontrar una figura que permitiera hablar de C\u00f3rdoba. \u201cM\u00e1s all\u00e1 de haber sido un santo cordob\u00e9s, primero fue un hombre con convicciones, con un esp\u00edritu profundo y que estuvo al lado del pueblo, escuch\u00e1ndolo y trabajando junto a \u00e9l\u201d, se\u00f1ala Cornejo.<\/p>\n<p data-prosemirror-content-type=\"node\" data-prosemirror-node-name=\"paragraph\" data-prosemirror-node-block=\"true\">El personaje de Brochero es interpretado por Julio Moreno, mientras que tambi\u00e9n aparece la figura de Santos Guayama, militar devenido en bandido justiciero cuyano. Ese cruce permite ampliar la mirada hacia otros personajes y grupos que quedaron fuera de los relatos m\u00e1s conocidos, pero que s\u00ed formaron parte del universo que rode\u00f3 al Cura Gaucho.<\/p>\n<p data-prosemirror-content-type=\"node\" data-prosemirror-node-name=\"paragraph\" data-prosemirror-node-block=\"true\">El tiempo es uno de los conceptos que atraviesa la puesta: los distintos momentos, contextos y personas que aparecen alrededor de una figura cuya historia contin\u00faa siendo revisitada.<\/p>\n<p data-prosemirror-content-type=\"node\" data-prosemirror-node-name=\"paragraph\" data-prosemirror-node-block=\"true\">La propuesta es tambi\u00e9n una invitaci\u00f3n a conocer de cerca el trabajo de uno de los elencos estables de la Municipalidad de C\u00f3rdoba y a reencontrarse con una sala que forma parte de la historia cultural de la ciudad. Para quienes todav\u00eda no pasaron por su escenario, es una buena ocasi\u00f3n para conocer el Teatro Comedia; para quienes ya lo hicieron, para volver a ocupar sus butacas.<\/p>\n","protected":false},"excerpt":{"rendered":"<p>El elenco estable de la ciudad presenta \u201cBROCHERO \u2013 Camino y Silencio\u201d, una creaci\u00f3n inspirada en la figura del Cura Gaucho. Ser\u00e1 el viernes 4, s\u00e1bado 5 y domingo 6 de septiembre, a las 20:00. La entrada es gratuita hasta agotar la capacidad de la sala. La Secretar\u00eda de Fortalecimiento Vecinal, Cultura y Deportes de [&hellip;]<\/p>\n","protected":false},"author":1,"featured_media":197694,"comment_status":"closed","ping_status":"closed","sticky":false,"template":"","format":"standard","meta":[],"categories":[2],"tags":[],"_links":{"self":[{"href":"http:\/\/cordobainforma.info\/index.php\/wp-json\/wp\/v2\/posts\/197693"}],"collection":[{"href":"http:\/\/cordobainforma.info\/index.php\/wp-json\/wp\/v2\/posts"}],"about":[{"href":"http:\/\/cordobainforma.info\/index.php\/wp-json\/wp\/v2\/types\/post"}],"author":[{"embeddable":true,"href":"http:\/\/cordobainforma.info\/index.php\/wp-json\/wp\/v2\/users\/1"}],"replies":[{"embeddable":true,"href":"http:\/\/cordobainforma.info\/index.php\/wp-json\/wp\/v2\/comments?post=197693"}],"version-history":[{"count":0,"href":"http:\/\/cordobainforma.info\/index.php\/wp-json\/wp\/v2\/posts\/197693\/revisions"}],"wp:featuredmedia":[{"embeddable":true,"href":"http:\/\/cordobainforma.info\/index.php\/wp-json\/wp\/v2\/media\/197694"}],"wp:attachment":[{"href":"http:\/\/cordobainforma.info\/index.php\/wp-json\/wp\/v2\/media?parent=197693"}],"wp:term":[{"taxonomy":"category","embeddable":true,"href":"http:\/\/cordobainforma.info\/index.php\/wp-json\/wp\/v2\/categories?post=197693"},{"taxonomy":"post_tag","embeddable":true,"href":"http:\/\/cordobainforma.info\/index.php\/wp-json\/wp\/v2\/tags?post=197693"}],"curies":[{"name":"wp","href":"https:\/\/api.w.org\/{rel}","templated":true}]}}