{"id":197679,"date":"2026-09-01T16:58:05","date_gmt":"2026-09-01T16:58:05","guid":{"rendered":"http:\/\/cordobainforma.info\/index.php\/2026\/09\/01\/quinteros-de-santa-fe-cuestionan-el-nuevo-esquema-tarifario-del-mercado-de-productores\/"},"modified":"2026-09-01T16:58:05","modified_gmt":"2026-09-01T16:58:05","slug":"quinteros-de-santa-fe-cuestionan-el-nuevo-esquema-tarifario-del-mercado-de-productores","status":"publish","type":"post","link":"http:\/\/cordobainforma.info\/index.php\/2026\/09\/01\/quinteros-de-santa-fe-cuestionan-el-nuevo-esquema-tarifario-del-mercado-de-productores\/","title":{"rendered":"Quinteros de Santa Fe cuestionan el <b>nuevo<\/b> esquema tarifario del Mercado de Productores"},"content":{"rendered":"<p><b>Econom\u00eda<\/b>. Quinteros de Santa Fe cuestionan el <b>nuevo<\/b> esquema tarifario &#8230; <b>C\u00f3rdoba<\/b>. Finalmente, advirti\u00f3 que los quinteros no aceptar\u00e1n el <b>nuevo<\/b>&nbsp;&#8230; <\/p>\n","protected":false},"excerpt":{"rendered":"<p>Econom\u00eda. Quinteros de Santa Fe cuestionan el nuevo esquema tarifario &#8230; C\u00f3rdoba. Finalmente, advirti\u00f3 que los quinteros no aceptar\u00e1n el nuevo&nbsp;&#8230;<\/p>\n","protected":false},"author":1,"featured_media":0,"comment_status":"closed","ping_status":"closed","sticky":false,"template":"","format":"standard","meta":[],"categories":[23],"tags":[],"_links":{"self":[{"href":"http:\/\/cordobainforma.info\/index.php\/wp-json\/wp\/v2\/posts\/197679"}],"collection":[{"href":"http:\/\/cordobainforma.info\/index.php\/wp-json\/wp\/v2\/posts"}],"about":[{"href":"http:\/\/cordobainforma.info\/index.php\/wp-json\/wp\/v2\/types\/post"}],"author":[{"embeddable":true,"href":"http:\/\/cordobainforma.info\/index.php\/wp-json\/wp\/v2\/users\/1"}],"replies":[{"embeddable":true,"href":"http:\/\/cordobainforma.info\/index.php\/wp-json\/wp\/v2\/comments?post=197679"}],"version-history":[{"count":0,"href":"http:\/\/cordobainforma.info\/index.php\/wp-json\/wp\/v2\/posts\/197679\/revisions"}],"wp:attachment":[{"href":"http:\/\/cordobainforma.info\/index.php\/wp-json\/wp\/v2\/media?parent=197679"}],"wp:term":[{"taxonomy":"category","embeddable":true,"href":"http:\/\/cordobainforma.info\/index.php\/wp-json\/wp\/v2\/categories?post=197679"},{"taxonomy":"post_tag","embeddable":true,"href":"http:\/\/cordobainforma.info\/index.php\/wp-json\/wp\/v2\/tags?post=197679"}],"curies":[{"name":"wp","href":"https:\/\/api.w.org\/{rel}","templated":true}]}}