{"id":197675,"date":"2026-09-01T15:43:00","date_gmt":"2026-09-01T15:43:00","guid":{"rendered":"https:\/\/www.clarin.com\/deportes\/retiro-messi-leandro-paredes-puso-duda-continuidad-seleccion-argentina-veo-dificil-seguir_0_6qmjWYokgc.html"},"modified":"2026-09-01T15:43:00","modified_gmt":"2026-09-01T15:43:00","slug":"tras-el-retiro-de-messi-leandro-paredes-puso-en-duda-su-continuidad-en-la-seleccion-argentina-veo-dificil-seguir","status":"publish","type":"post","link":"http:\/\/cordobainforma.info\/index.php\/2026\/09\/01\/tras-el-retiro-de-messi-leandro-paredes-puso-en-duda-su-continuidad-en-la-seleccion-argentina-veo-dificil-seguir\/","title":{"rendered":"Tras el retiro de Messi, Leandro Paredes puso en duda su continuidad en la Selecci\u00f3n Argentina: \u00abVeo dif\u00edcil seguir&#8230;\u00bb"},"content":{"rendered":"<p><img src=\"http:\/\/cordobainforma.info\/wp-content\/uploads\/2026\/09\/tras-el-retiro-de-messi-leandro-paredes-puso-en-duda-su-continuidad-en-la-seleccion-argentina-veo-dificil-seguir.jpg\"><\/p>\n<div><img src=\"http:\/\/cordobainforma.info\/wp-content\/uploads\/2026\/09\/tras-el-retiro-de-messi-leandro-paredes-puso-en-duda-su-continuidad-en-la-seleccion-argentina-veo-dificil-seguir-2.jpg\" class=\"ff-og-image-inserted\"><\/div>\n<div id=\"element-body-0\" readability=\"66\">\n<p>No caben dudas que el retiro de Messi marca el fin de una era. Y, tras su salida, tambi\u00e9n comienza a cerrarse parte del hist\u00f3rico ciclo de la Scaloneta que, desde la obtenci\u00f3n de la Copa Am\u00e9rica 2021, gan\u00f3 cuatro de las cinco finales que jug\u00f3. Y ahora, el que puso en duda su continuidad en la Selecci\u00f3n Argentina fue Leandro Paredes: \u00abVeo dif\u00edcil que pueda seguir\u00bb, dijo el capit\u00e1n de Boca.<\/p>\n<\/div>\n<div id=\"element-body-1\" readability=\"59\">\n<p>\u00abVa a ser dif\u00edcil que siga\u00bb, dijo Paredes que admiti\u00f3 que ser\u00e1 complejo sostener el nivel sin Messi: \u201cTen\u00edamos a nuestro l\u00edder. Sin \u00e9l va a ser muy dif\u00edcil\u201d.<\/p>\n<\/div>\n<div id=\"element-body-2\" readability=\"62\">\n<p>Adem\u00e1s, Paredes cont\u00f3 que el capit\u00e1n les hab\u00eda comunicado durante el Mundial su decisi\u00f3n de retirarse de la Selecci\u00f3n: \u00ab<strong>La noticia del retiro de Messi fue dur\u00edsima<\/strong>. Ya lo hab\u00edamos hablado con \u00e9l en los \u00faltimos d\u00edas del Mundial, sab\u00edamos que la final era su \u00faltimo partido. Su legado va a quedar\u00bb.<\/p>\n<\/div>\n<div id=\"element-body-3\" readability=\"21.367403314917\">\n<blockquote class=\"twitter-tweet\" readability=\"5.2596685082873\">\n<p lang=\"es\" dir=\"ltr\">\ud83d\udea8 \u00abVEO DIF\u00cdCIL SEGUIR EN LA SELECCI\u00d3N\u00bb, afirm\u00f3 Leandro Paredes.<\/p>\n<p>\ud83d\udcfa <a href=\"https:\/\/x.com\/hashtag\/ESPNF12?src=hash&amp;ref_src=twsrc%5Etfw\">#ESPNF12<\/a> | <a href=\"https:\/\/x.com\/hashtag\/DisneyPlus?src=hash&amp;ref_src=twsrc%5Etfw\">#DisneyPlus<\/a> Plan Premium <a href=\"https:\/\/t.co\/S8XzOqyrCq\">pic.twitter.com\/S8XzOqyrCq<\/a><\/p>\n<p>\u2014 SportsCenter (@SC_ESPN) <a href=\"https:\/\/x.com\/SC_ESPN\/status\/2094802131328889260?ref_src=twsrc%5Etfw\">September 1, 2026<\/a><\/p><\/blockquote><\/div>\n<div id=\"element-body-4\" readability=\"64\">\n<p>\u00abEl legado de \u00e9l va a quedar para siempre, por lo que significa \u00e9l para nosotros, por no rendirse nunca. Los sue\u00f1os se persiguen, pero al final, se cumplen. Ese es el legado m\u00e1s grande que nos deja\u00bb, apunt\u00f3. <\/p>\n<\/div>\n<div id=\"element-body-5\" readability=\"64\">\n<p>No solo la influencia del retiro de Lionel Messi podr\u00eda haber llevado a Leandro Paredes a tomar la dura decisi\u00f3n de dejar de lado al seleccionado nacional, sino tambi\u00e9n la dura sanci\u00f3n que recibi\u00f3 por parte de la FIFA tras la final del Mundial, donde tras una fuerte pelea con Gavi, jugador de la Selecci\u00f3n de Espa\u00f1a, el volante de Boca Juniors recibi\u00f3 una penalizaci\u00f3n de diez partidos. La AFA ya apel\u00f3 la sanci\u00f3n.<\/p>\n<\/div>\n<div id=\"element-body-6\" readability=\"59\">\n<p>La charla de Leandro Paredes con la prensa se dio en la previa del cruce por Copa Argentina. El volante sum\u00f3 30 minutos ante Lan\u00fas en el Clausura y se siente en \u00f3ptimas condiciones f\u00edsicas para enfrentar a V\u00e9lez en C\u00f3rdoba por los octavos de final del certamen federal.<\/p>\n<\/div>\n<div id=\"element-body-7\" readability=\"61\">\n<p>\u201cEl margen de error tiene que ser m\u00ednimo porque es un mata mata\u201d, remarc\u00f3 Paredes, enfocado en que el equipo mantenga la concentraci\u00f3n al m\u00e1ximo para buscar el pase a la siguiente rueda de la Copa. El ganador de este cruce enfrentar\u00e1 a Racing en cuartos de final.<\/p>\n<\/div>\n","protected":false},"excerpt":{"rendered":"<p>No caben dudas que el retiro de Messi marca el fin de una era. Y, tras su salida, tambi\u00e9n comienza a cerrarse parte del hist\u00f3rico ciclo de la Scaloneta que, desde la obtenci\u00f3n de la Copa Am\u00e9rica 2021, gan\u00f3 cuatro de las cinco finales que jug\u00f3. Y ahora, el que puso en duda su continuidad [&hellip;]<\/p>\n","protected":false},"author":1,"featured_media":197676,"comment_status":"closed","ping_status":"closed","sticky":false,"template":"","format":"standard","meta":[],"categories":[20],"tags":[],"_links":{"self":[{"href":"http:\/\/cordobainforma.info\/index.php\/wp-json\/wp\/v2\/posts\/197675"}],"collection":[{"href":"http:\/\/cordobainforma.info\/index.php\/wp-json\/wp\/v2\/posts"}],"about":[{"href":"http:\/\/cordobainforma.info\/index.php\/wp-json\/wp\/v2\/types\/post"}],"author":[{"embeddable":true,"href":"http:\/\/cordobainforma.info\/index.php\/wp-json\/wp\/v2\/users\/1"}],"replies":[{"embeddable":true,"href":"http:\/\/cordobainforma.info\/index.php\/wp-json\/wp\/v2\/comments?post=197675"}],"version-history":[{"count":0,"href":"http:\/\/cordobainforma.info\/index.php\/wp-json\/wp\/v2\/posts\/197675\/revisions"}],"wp:featuredmedia":[{"embeddable":true,"href":"http:\/\/cordobainforma.info\/index.php\/wp-json\/wp\/v2\/media\/197676"}],"wp:attachment":[{"href":"http:\/\/cordobainforma.info\/index.php\/wp-json\/wp\/v2\/media?parent=197675"}],"wp:term":[{"taxonomy":"category","embeddable":true,"href":"http:\/\/cordobainforma.info\/index.php\/wp-json\/wp\/v2\/categories?post=197675"},{"taxonomy":"post_tag","embeddable":true,"href":"http:\/\/cordobainforma.info\/index.php\/wp-json\/wp\/v2\/tags?post=197675"}],"curies":[{"name":"wp","href":"https:\/\/api.w.org\/{rel}","templated":true}]}}