{"id":197669,"date":"2026-09-01T04:01:24","date_gmt":"2026-09-01T04:01:24","guid":{"rendered":"https:\/\/somoscordobeses.com\/2026\/09\/01\/fallecio-la-escritora-cordobesa-lilia-lardone\/"},"modified":"2026-09-01T04:01:24","modified_gmt":"2026-09-01T04:01:24","slug":"fallecio-la-escritora-cordobesa-lilia-lardone","status":"publish","type":"post","link":"http:\/\/cordobainforma.info\/index.php\/2026\/09\/01\/fallecio-la-escritora-cordobesa-lilia-lardone\/","title":{"rendered":"Falleci\u00f3 la escritora cordobesa Lilia Lardone"},"content":{"rendered":"<div><img src=\"http:\/\/cordobainforma.info\/wp-content\/uploads\/2026\/09\/fallecio-la-escritora-cordobesa-lilia-lardone.jpg\" class=\"ff-og-image-inserted\"><\/div>\n<p><strong>La escritora, poeta y promotora cultural Lilia Lardone falleci\u00f3 este lunes en la ciudad de C\u00f3rdoba. Sus restos ser\u00e1n velados este martes desde las 12 horas en Casa Minoli, ubicada en Avenida Rafael N\u00fa\u00f1ez 3849, barrio Cerro de las Rosas.<\/strong><\/p>\n<p>La escritora, poeta, narradora y promotora cultural Lilia Lardone falleci\u00f3 este lunes en la ciudad de C\u00f3rdoba. Sus restos ser\u00e1n velados este martes desde las 12 horas en Casa Minoli, ubicada en Avenida Rafael N\u00fa\u00f1ez 3849, barrio Cerro de las Rosas.<\/p>\n<p>Lardone naci\u00f3 en Hernando, C\u00f3rdoba, el 24 de octubre de 1941. Se gradu\u00f3 como licenciada en Letras Modernas en la Universidad Nacional de C\u00f3rdoba. Trabaj\u00f3 en el \u00e1rea cultural de la Municipalidad de C\u00f3rdoba y particip\u00f3 en la organizaci\u00f3n de ediciones de la Feria del Libro de C\u00f3rdoba. Integr\u00f3 el CEDILIJ (Centro de Difusi\u00f3n e Investigaci\u00f3n en Literatura Infantil y Juvenil) y actu\u00f3 como jurado en concursos literarios nacionales e internacionales.<\/p>\n<p>Desde mediados de los a\u00f1os 80 coordin\u00f3 talleres de escritura y desarroll\u00f3 tareas de formaci\u00f3n vinculadas con la literatura infantil y juvenil. Dict\u00f3 cursos y seminarios para docentes sobre promoci\u00f3n de la lectura y selecci\u00f3n de textos.<\/p>\n<p>Su primer libro, \u00abNunca escupas para arriba\u00bb, recuper\u00f3 coplas an\u00f3nimas cordobesas. Luego public\u00f3 \u00abEl Cabeza Colorada\u00bb, una recreaci\u00f3n de cuentos populares de C\u00f3rdoba. En 1998 public\u00f3 \u00abPuertas adentro\u00bb, novela que recibi\u00f3 una distinci\u00f3n del Fondo Nacional de las Artes. En 1999 obtuvo el Primer Premio Latinoamericano de Literatura Infantil y Juvenil Norma\/Fundalectura, en Bogot\u00e1, por \u00abCaballero Negro\u00bb. En 2003, \u00abPapiros\u00bb fue seleccionado para integrar The White Ravens, de la Biblioteca Internacional de la Juventud de M\u00fanich.<\/p>\n<p>En narrativa para adultos public\u00f3, entre otros t\u00edtulos, \u00abPuertas adentro\u00bb, \u00abEsa chica\u00bb y \u00abVidas de mentira\u00bb. Tambi\u00e9n incursion\u00f3 en poes\u00eda con \u00abPeque\u00f1a Ofelia\u00bb y \u00abDiario del r\u00edo\u00bb. Su literatura infantil y juvenil incluye t\u00edtulos como \u00abEl nombre de Jos\u00e9\u00bb, \u00abPapiros\u00bb, \u00abLos Picucos\u00bb, \u00abLos asesinos de la calle Lafinur\u00bb, \u00abLa ni\u00f1a y la gata\u00bb, \u00abLa f\u00e1brica de cristal\u00bb, \u00abEl d\u00eda de las cosas perdidas\u00bb, \u00abBenja y las puertas\u00bb, \u00abLa banda de los coleccionistas\u00bb, \u00abEl olor del cocodrilo\u00bb, \u00abLa gran persecuci\u00f3n\u00bb y \u00abEl segundo caj\u00f3n\u00bb.<\/p>\n<p>Tambi\u00e9n fue compiladora de \u00abEs lo que hay. Antolog\u00eda de la narrativa joven en C\u00f3rdoba\u00bb y \u00abC\u00f3rdoba cuenta. Antolog\u00eda de literatura para ni\u00f1os\u00bb. Junto a Mar\u00eda Teresa Andruetto escribi\u00f3 \u00abLa construcci\u00f3n del taller de escritura\u00bb, \u00abLa escritura en el taller\u00bb y \u00abEl taller de escritura creativa\u00bb. Ambas autoras participaron en \u00abRibak, Reedson, Rivera. Conversaciones con Andr\u00e9s Rivera\u00bb. En 2012 public\u00f3 \u00ab20.25. Quince mujeres hablan de Eva Per\u00f3n\u00bb.<\/p>\n<p>En 2009 recibi\u00f3 el Premio Sa\u00fal Taborda de Letras por su trayectoria. Tambi\u00e9n fue incorporada a la Lista de Honor de ALIJA por su trabajo te\u00f3rico sobre poes\u00eda e infancia. En septiembre de 2024, la Editorial Comunicarte realiz\u00f3 una retrospectiva de su obra en la Capilla del Buen Pastor, donde convers\u00f3 con el escritor Federico Falco. En 2026, \u00abEsa chica\u00bb volvi\u00f3 a las librer\u00edas en una nueva edici\u00f3n.<\/p>\n","protected":false},"excerpt":{"rendered":"<p>La escritora, poeta y promotora cultural Lilia Lardone falleci\u00f3 este lunes en la ciudad de C\u00f3rdoba. Sus restos ser\u00e1n velados este martes desde las 12 horas en Casa Minoli, ubicada en Avenida Rafael N\u00fa\u00f1ez 3849, barrio Cerro de las Rosas. La escritora, poeta, narradora y promotora cultural Lilia Lardone falleci\u00f3 este lunes en la ciudad [&hellip;]<\/p>\n","protected":false},"author":1,"featured_media":197670,"comment_status":"closed","ping_status":"closed","sticky":false,"template":"","format":"standard","meta":[],"categories":[2],"tags":[],"_links":{"self":[{"href":"http:\/\/cordobainforma.info\/index.php\/wp-json\/wp\/v2\/posts\/197669"}],"collection":[{"href":"http:\/\/cordobainforma.info\/index.php\/wp-json\/wp\/v2\/posts"}],"about":[{"href":"http:\/\/cordobainforma.info\/index.php\/wp-json\/wp\/v2\/types\/post"}],"author":[{"embeddable":true,"href":"http:\/\/cordobainforma.info\/index.php\/wp-json\/wp\/v2\/users\/1"}],"replies":[{"embeddable":true,"href":"http:\/\/cordobainforma.info\/index.php\/wp-json\/wp\/v2\/comments?post=197669"}],"version-history":[{"count":0,"href":"http:\/\/cordobainforma.info\/index.php\/wp-json\/wp\/v2\/posts\/197669\/revisions"}],"wp:featuredmedia":[{"embeddable":true,"href":"http:\/\/cordobainforma.info\/index.php\/wp-json\/wp\/v2\/media\/197670"}],"wp:attachment":[{"href":"http:\/\/cordobainforma.info\/index.php\/wp-json\/wp\/v2\/media?parent=197669"}],"wp:term":[{"taxonomy":"category","embeddable":true,"href":"http:\/\/cordobainforma.info\/index.php\/wp-json\/wp\/v2\/categories?post=197669"},{"taxonomy":"post_tag","embeddable":true,"href":"http:\/\/cordobainforma.info\/index.php\/wp-json\/wp\/v2\/tags?post=197669"}],"curies":[{"name":"wp","href":"https:\/\/api.w.org\/{rel}","templated":true}]}}