{"id":197661,"date":"2026-08-31T20:33:24","date_gmt":"2026-08-31T20:33:24","guid":{"rendered":"http:\/\/cordobainforma.info\/index.php\/2026\/08\/31\/la-ia-podria-estar-cambiando-la-manera-en-que-nos-comunicamos\/"},"modified":"2026-08-31T20:33:24","modified_gmt":"2026-08-31T20:33:24","slug":"la-ia-podria-estar-cambiando-la-manera-en-que-nos-comunicamos","status":"publish","type":"post","link":"http:\/\/cordobainforma.info\/index.php\/2026\/08\/31\/la-ia-podria-estar-cambiando-la-manera-en-que-nos-comunicamos\/","title":{"rendered":"La IA podr\u00eda estar cambiando la manera en que nos comunicamos"},"content":{"rendered":"<p><img src=\"http:\/\/cordobainforma.info\/wp-content\/uploads\/2026\/08\/la-ia-podria-estar-cambiando-la-manera-en-que-nos-comunicamos.png\"><\/p>\n<p>Un art\u00edculo te\u00f3rico <a href=\"https:\/\/link.springer.com\/article\/10.1007\/s00146-026-03299-w\" target=\"_blank\" rel=\"noopener noreferrer\">publicado en la revista AI &amp; Society <\/a>sostiene que pasar mucho tiempo interactuando con <strong>sistemas de atenci\u00f3n al cliente<\/strong> basados en <strong>inteligencia artificial<\/strong> \u2014en \u00e1mbitos como el comercio minorista o la salud\u2014 podr\u00eda empujar a los usuarios a <strong>adaptar su comunicaci\u00f3n<\/strong> a patrones que estos sistemas procesan mejor.<\/p>\n<p>Propone que, a medida que los bots se vuelven m\u00e1s dif\u00edciles de distinguir de una persona en conversaciones por texto y replican gestos, lenguaje y se\u00f1ales emocionales, puede darse una influencia <strong>\u00abbidireccional\u00bb<\/strong>. \u00abLos robots se vuelven m\u00e1s parecidos a las personas, y las personas m\u00e1s parecidas a los robots\u00bb, afirm\u00f3 la investigadora Inci Toral, de la Universidad de Birmingham (Reino Unido).<\/p>\n<div class=\"ReadMore-root Section-root Section-is1to3-xs_is1to1\" data-widgets=\"ReadMore\">\n<div class=\"Section-container Section-isRow-isTop-isWrap\">\n<article class=\"Card-root Card-is1to1 Card-default\">\n<div class=\"Card-imageWrap\">\n<div class=\"Card-picture\"> <picture class=\"Picture-root Picture-default\"><!--[if IE 9]><video style=\"display: none;\"><![endif]--><source media=\"(-webkit-min-device-pixel-ratio: 2) and (min-resolution: 120dpi)\" srcset=\"http:\/\/cordobainforma.info\/wp-content\/uploads\/2026\/08\/la-ia-podria-estar-cambiando-la-manera-en-que-nos-comunicamos.jpg 850w, http:\/\/cordobainforma.info\/wp-content\/uploads\/2026\/08\/la-ia-podria-estar-cambiando-la-manera-en-que-nos-comunicamos-1.jpg 1960w\"><source srcset=\"http:\/\/cordobainforma.info\/wp-content\/uploads\/2026\/08\/la-ia-podria-estar-cambiando-la-manera-en-que-nos-comunicamos.jpg, https:\/\/actualidad.rt.com\/actualidad\/460, http:\/\/cordobainforma.info\/wp-content\/uploads\/2026\/08\/la-ia-podria-estar-cambiando-la-manera-en-que-nos-comunicamos-1.jpg 980w\"><!--[if IE 9]><\/video><![endif]--><img data-sizes=\"auto\" src=\"http:\/\/cordobainforma.info\/wp-content\/uploads\/2026\/08\/la-ia-podria-estar-cambiando-la-manera-en-que-nos-comunicamos.jpg\" class=\"Picture-root Picture-default lazyload\" alt=\"'Cerebro de IA' para el transporte p\u00fablico: el paso de la ciencia rusa que deja helado\"><\/picture><!-- noscript pattern --><noscript><img src=\"http:\/\/cordobainforma.info\/wp-content\/uploads\/2026\/08\/la-ia-podria-estar-cambiando-la-manera-en-que-nos-comunicamos-1.jpg\" alt=\"'Cerebro de IA' para el transporte p\u00fablico: el paso de la ciencia rusa que deja helado\"><\/noscript> <\/div><\/div>\n<\/article><\/div><\/div>\n<p>Los autores plantean que, con la exposici\u00f3n repetida, los usuarios podr\u00edan suavizar rasgos propios \u2014como la espontaneidad o ciertas \u00abpeculiaridades\u00bb\u2014 para encajar mejor con el tipo de intercambio que la IA refuerza.&nbsp;<\/p>\n<p>El trabajo no presenta pruebas experimentales ni seguimiento de personas, y se describe como un marco conceptual basado en estudios previos sobre interacci\u00f3n humano-robot. Los investigadores indican que la retroalimentaci\u00f3n que ofrece un sistema algor\u00edtmico \u2014m\u00e1s afirmativa y guiada por patrones\u2014 podr\u00eda influir en el <strong>\u00absentido del yo\u00bb<\/strong> y en la forma en que los individuos se presentan en estas conversaciones.<\/p>\n","protected":false},"excerpt":{"rendered":"<p>Un art\u00edculo te\u00f3rico publicado en la revista AI &amp; Society sostiene que pasar mucho tiempo interactuando con sistemas de atenci\u00f3n al cliente basados en inteligencia artificial \u2014en \u00e1mbitos como el comercio minorista o la salud\u2014 podr\u00eda empujar a los usuarios a adaptar su comunicaci\u00f3n a patrones que estos sistemas procesan mejor. Propone que, a medida [&hellip;]<\/p>\n","protected":false},"author":1,"featured_media":197662,"comment_status":"closed","ping_status":"closed","sticky":false,"template":"","format":"standard","meta":[],"categories":[22],"tags":[],"_links":{"self":[{"href":"http:\/\/cordobainforma.info\/index.php\/wp-json\/wp\/v2\/posts\/197661"}],"collection":[{"href":"http:\/\/cordobainforma.info\/index.php\/wp-json\/wp\/v2\/posts"}],"about":[{"href":"http:\/\/cordobainforma.info\/index.php\/wp-json\/wp\/v2\/types\/post"}],"author":[{"embeddable":true,"href":"http:\/\/cordobainforma.info\/index.php\/wp-json\/wp\/v2\/users\/1"}],"replies":[{"embeddable":true,"href":"http:\/\/cordobainforma.info\/index.php\/wp-json\/wp\/v2\/comments?post=197661"}],"version-history":[{"count":0,"href":"http:\/\/cordobainforma.info\/index.php\/wp-json\/wp\/v2\/posts\/197661\/revisions"}],"wp:featuredmedia":[{"embeddable":true,"href":"http:\/\/cordobainforma.info\/index.php\/wp-json\/wp\/v2\/media\/197662"}],"wp:attachment":[{"href":"http:\/\/cordobainforma.info\/index.php\/wp-json\/wp\/v2\/media?parent=197661"}],"wp:term":[{"taxonomy":"category","embeddable":true,"href":"http:\/\/cordobainforma.info\/index.php\/wp-json\/wp\/v2\/categories?post=197661"},{"taxonomy":"post_tag","embeddable":true,"href":"http:\/\/cordobainforma.info\/index.php\/wp-json\/wp\/v2\/tags?post=197661"}],"curies":[{"name":"wp","href":"https:\/\/api.w.org\/{rel}","templated":true}]}}