{"id":197657,"date":"2026-08-31T04:56:00","date_gmt":"2026-08-31T04:56:00","guid":{"rendered":"https:\/\/www.mujerhoy.com\/vivir\/bienestar\/violeta-kushkyan-especialista-nutricion-reset-mejorar-dieta-saludable-20260831041356-nt.html"},"modified":"2026-08-31T04:56:00","modified_gmt":"2026-08-31T04:56:00","slug":"violeta-kushkyan-especialista-en-nutricion-un-reset-busca-reorganizar-habitos-una-dieta-restrictiva-intenta-compensar-los-excesos","status":"publish","type":"post","link":"http:\/\/cordobainforma.info\/index.php\/2026\/08\/31\/violeta-kushkyan-especialista-en-nutricion-un-reset-busca-reorganizar-habitos-una-dieta-restrictiva-intenta-compensar-los-excesos\/","title":{"rendered":"Violeta Kushkyan, especialista en nutrici\u00f3n: \u00abUn reset busca reorganizar h\u00e1bitos; una dieta restrictiva intenta compensar los excesos\u00bb"},"content":{"rendered":"<div class=\"media_block\"><\/div>\n<p><!-- AUTHOR --><\/p>\n<div class=\"voc-author-timesocial \">\n<!-- AUTHOR --><\/p>\n<div class=\"voc-author-timesocial__signature \">\n<!-- IMAGE AUTHOR -->\n<picture class=\"voc-image-signature\">\n<img class=\"voc-image-signature__img\" src=\"http:\/\/cordobainforma.info\/wp-content\/uploads\/2026\/08\/violeta-kushkyan-especialista-en-nutricion-un-reset-busca-reorganizar-habitos-una-dieta-restrictiva-intenta-compensar-los-excesos.png\" alt=\"Sandra Hern\u00e1ndez\">\n<\/picture>\n<!-- INFO AUTHOR --> <\/div><\/div>\n<p> <!-- COMPONENTS --><\/p>\n<p class=\"voc-paragraph\">El verano deja huella en el cuerpo m\u00e1s all\u00e1 del bronceado. <strong>Violeta Kushkyan, especialista en nutrici\u00f3n de ZEM Wellness Clinic Altea<\/strong>, lo explica desde lo que ocurre por dentro: \u00abDurante el verano suelen aumentar las comidas fuera de casa, el consumo de alcohol y de alimentos ultraprocesados, al mismo tiempo que se modifican los horarios de las comidas y <a href=\"https:\/\/www.mujerhoy.com\/vivir\/bienestar\/ana-ibanez-experta-neurociencia-trucos-consejos-dormir-mejor-insomnio-mujeres-20231119084948-nt.html\" target=\"_self\" data-voc-vtm-id=\"in-text-traffic\" data-mrf-link=\"www.mujerhoy.com\" rel=\"noopener noreferrer\">del sue\u00f1o<\/a>\u00bb. Esos cambios influyen temporalmente en la composici\u00f3n de la <a href=\"https:\/\/www.mujerhoy.com\/vivir\/bienestar\/senales-indican-problemas-intestinales-trucos-conseguir-microbiota-saludable-20221011164051-nt.html\" target=\"_self\" data-voc-vtm-id=\"in-text-traffic\" data-mrf-link=\"www.mujerhoy.com\" rel=\"noopener noreferrer\">microbiota intestinal<\/a>, alteran las se\u00f1ales de hambre y saciedad y favorecen una mayor irregularidad en la ingesta diaria.<\/p>\n<p class=\"voc-paragraph\">Septiembre no deber\u00eda vivirse como una penitencia. \u00ab<strong>Es una buena oportunidad para recuperar horarios regulares, mejorar la calidad de la alimentaci\u00f3n<\/strong> y restablecer progresivamente unos h\u00e1bitos saludables\u00bb, explica Kushkyan. No se trata de castigar al cuerpo por dos meses de excesos, sino de devolverle la regularidad que ha perdido.<\/p>\n<div class=\"v-c-cmp v-c-cmp--t1 \">\n<div class=\"v-cmp-rld v-cmp-rld--2 \">\n<div class=\"v-cnt-m v-cnt-m--m\">\n<div class=\"v-cnt-m__c\">\n<div class=\"v-cnt-m__w v-cnt-m__w--1\">\n<p class=\"v-cnt-m__t\">\nTAMBI\u00c9N TE INTERESA\n<\/p>\n<\/div>\n<\/div>\n<\/div>\n<div class=\"v-g v-g--2-c v-g--bdr-min-xs\">\n<div class=\"v-g__c \">\n<article class=\"v-a v-a--cmp-rld v-a--cmp-rld-2 v-a--p-l\">\n<div class=\"v-a-img-c\">\n<figure class=\"v-a-fig\">\n<a href=\"https:\/\/www.mujerhoy.com\/vivir\/fitness\/laura-cabral-maestra-pilates-recomendaciones-ejercicios-mayores-45-anos-20260818151207-nt.html#vtm_modulosEngag=mod-rel:vivir:noticia:1:cmp:2-not\" class=\"v-a-link\" title=\"Laura Cabral, maestra de Pilates: \u00abEl cu\u00e1driceps decide si puedes subir una escalera o levantarte de una silla despu\u00e9s de los 45\u00bb\"><br \/>\n<img loading=\"lazy\" class=\"v-a-img\" src=\"http:\/\/cordobainforma.info\/wp-content\/uploads\/2026\/08\/violeta-kushkyan-especialista-en-nutricion-un-reset-busca-reorganizar-habitos-una-dieta-restrictiva-intenta-compensar-los-excesos.jpg\" alt=\"Laura Cabral, maestra de Pilates: \u00abEl cu\u00e1driceps decide si puedes subir una escalera o levantarte de una silla despu\u00e9s de los 45\u00bb\"><br \/>\n<\/a><br \/>\n<\/figure>\n<\/div>\n<\/article>\n<\/div>\n<div class=\"v-g__c \">\n<article class=\"v-a v-a--cmp-rld v-a--cmp-rld-2 v-a--p-l\">\n<div class=\"v-a-img-c\">\n<figure class=\"v-a-fig\">\n<a href=\"https:\/\/www.mujerhoy.com\/vivir\/fitness\/vikika-entrenadora-espalda-fuerte-mejores-ejercicios-remo-mancuerna-20260815154001-nt.html#vtm_modulosEngag=mod-rel:vivir:noticia:2:cmp:2-not\" class=\"v-a-link\" title=\"Vikika, entrenadora: \u00abMuchas personas tienen un lado de la espalda m\u00e1s fuerte que el otro sin saberlo, y el remo con mancuerna lo soluciona\u00bb\"><br \/>\n<img loading=\"lazy\" class=\"v-a-img\" src=\"http:\/\/cordobainforma.info\/wp-content\/uploads\/2026\/08\/violeta-kushkyan-especialista-en-nutricion-un-reset-busca-reorganizar-habitos-una-dieta-restrictiva-intenta-compensar-los-excesos-1.jpg\" alt=\"Vikika, entrenadora: \u00abMuchas personas tienen un lado de la espalda m\u00e1s fuerte que el otro sin saberlo, y el remo con mancuerna lo soluciona\u00bb\"><br \/>\n<\/a><br \/>\n<\/figure>\n<\/div>\n<\/article>\n<\/div>\n<\/div>\n<\/div>\n<\/div>\n<p class=\"voc-paragraph\">El plan que propone dura dos semanas y no tiene nada de restrictivo. <strong>\u00abNo hablamos de una dieta detox ni de restricciones extremas.<\/strong> Durante dos semanas recomendamos recuperar horarios regulares, aumentar el consumo de <a href=\"https:\/\/www.mujerhoy.com\/vivir\/bienestar\/verduras-vegetales-hoja-verde-saludables-ricas-kale-espinacas-dieta-20210914191050-nt.html\" target=\"_self\" data-voc-vtm-id=\"in-text-traffic\" data-mrf-link=\"www.mujerhoy.com\" rel=\"noopener noreferrer\">verduras<\/a>, frutas, legumbres, <a href=\"https:\/\/www.mujerhoy.com\/vivir\/bienestar\/alimento-acelerar-metabolismo-quemar-grasas-cereales-integrales-20220603095023-nt.html\" target=\"_self\" data-voc-vtm-id=\"in-text-traffic\" data-mrf-link=\"www.mujerhoy.com\" rel=\"noopener noreferrer\">cereales integrales<\/a> y prote\u00ednas de calidad, reducir el alcohol, los ultraprocesados y el az\u00facar a\u00f1adido, y asegurar una buena hidrataci\u00f3n\u00bb, detalla Kushkyan. Ese periodo, seg\u00fan explica, es el tiempo que necesita el organismo para volver a reconocer esos h\u00e1bitos como rutina, algo que facilita mantenerlos despu\u00e9s.<\/p>\n<p><h3 class=\"v-cmp-suh\">\nPor qu\u00e9 un reset no es lo mismo que una diega de castigo<br \/>\n<\/h3>\n<\/p>\n<p class=\"voc-paragraph\">Muchas personas confunden reajustar la alimentaci\u00f3n con restringirla de golpe. \u00abUn reset busca reorganizar h\u00e1bitos; una dieta restrictiva intenta compensar r\u00e1pidamente los excesos\u00bb, aclara Kushkyan. Esa diferencia no es solo de matiz:<strong> t<\/strong><strong>iene consecuencias directas sobre si el cambio se mantiene o se abandona.<\/strong><\/p>\n<p class=\"voc-paragraph\">\u00abCuando imponemos <strong>restricciones muy severas aumenta la sensaci\u00f3n de privaci\u00f3n y es mucho m\u00e1s probable abandonar el plan<\/strong> y recuperar el peso perdido. En cambio, un reajuste progresivo favorece cambios sostenibles y una mejor relaci\u00f3n con la alimentaci\u00f3n\u00bb, explica Kushkyan. <strong>El efecto rebote<\/strong> que tanto se teme en septiembre suele nacer precisamente de intentar corregir demasiado r\u00e1pido lo que se ha desordenado durante meses.<\/p>\n<p><h3 class=\"v-cmp-suh\">\nLas se\u00f1ales de que el cuerpo a su ritmo<br \/>\n<\/h3>\n<\/p>\n<p class=\"voc-paragraph\">El cambio no se mide solo en la b\u00e1scula. \u00abLas <strong>primeras se\u00f1ales suelen ser una digesti\u00f3n m\u00e1s regular, menos hinchaz\u00f3n abdominal<\/strong>, mayor estabilidad de la energ\u00eda durante el d\u00eda, mejor calidad del sue\u00f1o y una sensaci\u00f3n de hambre y saciedad m\u00e1s regulada\u00bb, se\u00f1ala Kushkyan. El peso tambi\u00e9n puede estabilizarse de forma progresiva, aunque no deber\u00eda ser el \u00fanico indicador de que los h\u00e1bitos est\u00e1n volviendo a su cauce.<\/p>\n<p class=\"voc-paragraph\">\u00bfPuede un plan de dos semanas compensar dos meses de excesos? <strong>\u00abDos semanas pueden ser suficientes para recuperar una base s\u00f3lida<\/strong> y empezar a notar mejoras al retomar una alimentaci\u00f3n equilibrada, <strong>horarios regulares y una buena hidrataci\u00f3n<\/strong>\u00bb, afirma Kushkyan. Pero conviene ajustar las expectativas: \u00abNo podemos pretender revertir en 14 d\u00edas los efectos de dos meses de h\u00e1bitos irregulares\u00bb.<\/p>\n<p class=\"voc-paragraph\">M\u00e1s que hablar de compensar los excesos del verano, Kushkyan prefiere otro enfoque. \u00ab<strong>Estas dos semanas deber\u00edan entenderse como el punto de partida para recuperar una rutina saludable<\/strong> y, sobre todo, mantenerla a largo plazo\u00bb, resume. El objetivo no es borrar el verano, sino construir sobre \u00e9l una base que aguante el resto del a\u00f1o.<\/p>\n<p class=\"voc-paragraph\">Volver a comer con horarios, incluir verdura y <a href=\"https:\/\/www.mujerhoy.com\/vivir\/bienestar\/dietista-italiana-revela-error-proteina-comete-mundo-20260719204709-nt.html\" target=\"_self\" data-voc-vtm-id=\"in-text-traffic\" data-mrf-link=\"www.mujerhoy.com\" rel=\"noopener noreferrer\">prote\u00edna<\/a> de calidad en cada comida y reducir el alcohol y los ultraprocesados no son gestos espectaculares, pero son los que de verdad sostienen un cambio duradero. <strong>La microbiota, la energ\u00eda y el sue\u00f1o responden mejor a la constancia<\/strong> que a cualquier plan dr\u00e1stico de choque, y ese es exactamente el principio sobre el que se construye este reajuste de dos semanas.<\/p>\n<div class=\"v-c-cmp v-c-cmp--t1 \">\n<div class=\"v-cmp-rld v-cmp-rld--2 \">\n<div class=\"v-cnt-m v-cnt-m--m\">\n<div class=\"v-cnt-m__c\">\n<div class=\"v-cnt-m__w v-cnt-m__w--1\">\n<p class=\"v-cnt-m__t\">\nTAMBI\u00c9N TE INTERESA\n<\/p>\n<\/div>\n<\/div>\n<\/div>\n<div class=\"v-g v-g--2-c v-g--bdr-min-xs\">\n<div class=\"v-g__c \">\n<article class=\"v-a v-a--cmp-rld v-a--cmp-rld-2 v-a--p-l\">\n<div class=\"v-a-img-c\">\n<figure class=\"v-a-fig\">\n<a href=\"https:\/\/www.mujerhoy.com\/vivir\/fitness\/ines-jimenez-fisioterapeuta-empezar-pilates-agosto-entrenar-20260813065500-nt.html#vtm_modulosEngag=mod-rel:vivir:noticia:1:cmp:2-not\" class=\"v-a-link\" title=\"In\u00e9s Jim\u00e9nez, fisioterapeuta: \u00abEmpezar pilates en agosto es como entrenar los s\u00e1bados\u00bb\"><br \/>\n<img loading=\"lazy\" class=\"v-a-img\" src=\"http:\/\/cordobainforma.info\/wp-content\/uploads\/2026\/08\/violeta-kushkyan-especialista-en-nutricion-un-reset-busca-reorganizar-habitos-una-dieta-restrictiva-intenta-compensar-los-excesos-2.jpg\" alt=\"In\u00e9s Jim\u00e9nez, fisioterapeuta: \u00abEmpezar pilates en agosto es como entrenar los s\u00e1bados\u00bb\"><br \/>\n<\/a><br \/>\n<\/figure>\n<\/div>\n<\/article>\n<\/div>\n<div class=\"v-g__c \">\n<article class=\"v-a v-a--cmp-rld v-a--cmp-rld-2 v-a--p-l\">\n<div class=\"v-a-img-c\">\n<figure class=\"v-a-fig\">\n<a href=\"https:\/\/www.mujerhoy.com\/vivir\/fitness\/ale-llosa-fundadora-metodo-ko-experta-yoga-mejores-sitios-entrenar-20260814121630-nt.html#vtm_modulosEngag=mod-rel:vivir:noticia:2:cmp:2-not\" class=\"v-a-link\" title=\"Ale Llosa, fundadora del M\u00e9todo KO: \u00abLa arena amortigua las ca\u00eddas, por eso es el lugar perfecto para perderle el miedo a las invertidas\u00bb\"><br \/>\n<img loading=\"lazy\" class=\"v-a-img\" src=\"http:\/\/cordobainforma.info\/wp-content\/uploads\/2026\/08\/violeta-kushkyan-especialista-en-nutricion-un-reset-busca-reorganizar-habitos-una-dieta-restrictiva-intenta-compensar-los-excesos-3.jpg\" alt=\"Ale Llosa, fundadora del M\u00e9todo KO: \u00abLa arena amortigua las ca\u00eddas, por eso es el lugar perfecto para perderle el miedo a las invertidas\u00bb\"><br \/>\n<\/a><br \/>\n<\/figure>\n<\/div>\n<\/article>\n<\/div>\n<\/div>\n<\/div>\n<\/div>\n","protected":false},"excerpt":{"rendered":"<p>El verano deja huella en el cuerpo m\u00e1s all\u00e1 del bronceado. Violeta Kushkyan, especialista en nutrici\u00f3n de ZEM Wellness Clinic Altea, lo explica desde lo que ocurre por dentro: \u00abDurante el verano suelen aumentar las comidas fuera de casa, el consumo de alcohol y de alimentos ultraprocesados, al mismo tiempo que se modifican los horarios [&hellip;]<\/p>\n","protected":false},"author":1,"featured_media":197658,"comment_status":"open","ping_status":"closed","sticky":false,"template":"","format":"standard","meta":[],"categories":[18],"tags":[],"_links":{"self":[{"href":"http:\/\/cordobainforma.info\/index.php\/wp-json\/wp\/v2\/posts\/197657"}],"collection":[{"href":"http:\/\/cordobainforma.info\/index.php\/wp-json\/wp\/v2\/posts"}],"about":[{"href":"http:\/\/cordobainforma.info\/index.php\/wp-json\/wp\/v2\/types\/post"}],"author":[{"embeddable":true,"href":"http:\/\/cordobainforma.info\/index.php\/wp-json\/wp\/v2\/users\/1"}],"replies":[{"embeddable":true,"href":"http:\/\/cordobainforma.info\/index.php\/wp-json\/wp\/v2\/comments?post=197657"}],"version-history":[{"count":0,"href":"http:\/\/cordobainforma.info\/index.php\/wp-json\/wp\/v2\/posts\/197657\/revisions"}],"wp:featuredmedia":[{"embeddable":true,"href":"http:\/\/cordobainforma.info\/index.php\/wp-json\/wp\/v2\/media\/197658"}],"wp:attachment":[{"href":"http:\/\/cordobainforma.info\/index.php\/wp-json\/wp\/v2\/media?parent=197657"}],"wp:term":[{"taxonomy":"category","embeddable":true,"href":"http:\/\/cordobainforma.info\/index.php\/wp-json\/wp\/v2\/categories?post=197657"},{"taxonomy":"post_tag","embeddable":true,"href":"http:\/\/cordobainforma.info\/index.php\/wp-json\/wp\/v2\/tags?post=197657"}],"curies":[{"name":"wp","href":"https:\/\/api.w.org\/{rel}","templated":true}]}}