{"id":197653,"date":"2026-08-31T15:49:44","date_gmt":"2026-08-31T15:49:44","guid":{"rendered":"https:\/\/www.mujerhoy.com\/moda\/no-te-pierdas\/basicos-color-azul-tiffany-recomendados-otono-20260831155014-nt.html"},"modified":"2026-08-31T15:49:44","modified_gmt":"2026-08-31T15:49:44","slug":"alarga-el-verano-con-el-azul-tiffany-como-llevar-el-color-de-septiembre-y-los-basicos-favoritos-de-las-elegantes","status":"publish","type":"post","link":"http:\/\/cordobainforma.info\/index.php\/2026\/08\/31\/alarga-el-verano-con-el-azul-tiffany-como-llevar-el-color-de-septiembre-y-los-basicos-favoritos-de-las-elegantes\/","title":{"rendered":"Alarga el verano con el azul Tiffany: c\u00f3mo llevar el color de septiembre y los b\u00e1sicos favoritos de las elegantes"},"content":{"rendered":"<div class=\"media_block\"><\/div>\n<p><!-- AUTHOR --><\/p>\n<div class=\"voc-author-timesocial \">\n<!-- AUTHOR --><\/p>\n<div class=\"voc-author-timesocial__signature \">\n<!-- IMAGE AUTHOR -->\n<picture class=\"voc-image-signature\">\n<img class=\"voc-image-signature__img\" src=\"http:\/\/cordobainforma.info\/wp-content\/uploads\/2026\/08\/alarga-el-verano-con-el-azul-tiffany-como-llevar-el-color-de-septiembre-y-los-basicos-favoritos-de-las-elegantes.jpg\" alt=\"Lauren Izquierdo\">\n<\/picture>\n<!-- INFO AUTHOR --> <\/div><\/div>\n<p> <!-- COMPONENTS --><\/p>\n<p class=\"voc-paragraph\">Muchas veces cuando hablamos de tonalidades concretas nos suenan raras. Sin embargo, si las asociamos a <a href=\"https:\/\/www.mujerhoy.com\/moda\/no-te-pierdas\/nuevos-basicos-septiembre-para-chicas-elegantes-20260825163033-nt.html\" title data-voc-vtm-id=\"in-text-traffic\" data-mrf-link=\"www.mujerhoy.com\">referencias claramente reconocibles<\/a> calan mucho m\u00e1s dentro de la sociedad, como es el caso del <a href=\"https:\/\/www.mujerhoy.com\/belleza\/tratamientos\/amarillo-mantequilla-arrasa-tiktok-esmaltes-verano-20260623140500-nt.html\" title data-voc-vtm-id=\"in-text-traffic\" data-mrf-link=\"www.mujerhoy.com\">amarillo mantequilla<\/a>, el marr\u00f3n chocolate o el verde pistacho. Hoy hablamos de un azul que pretende alcanzar el nivel de fama que logr\u00f3 el cer\u00faleo. Y no, este no est\u00e1 aprobado por Miranda Presley, sino por Audrey Hepburn. Bienvenidas a la era del <strong>azul Tiffany<\/strong>.<\/p>\n<p class=\"voc-paragraph\">Esta tonalidad se acerca m\u00e1s a un <strong>tono aguamarina luminoso<\/strong> que a un pastel y reside su \u00e9xito en su identidad visual. Conocido t\u00e9cnicamente como 1837 Blue en Pantone, fue creado ad hoc para la firma Tiffany. Siendo claras, no es una tonalidad sencilla de llevar, porque no deja lugar a la ambig\u00fcedad. Es un <a href=\"https:\/\/www.mujerhoy.com\/moda\/no-te-pierdas\/mejores-basicos-estetica-oficinista-y2k-que-es-20260824164616-nt.html\" title data-voc-vtm-id=\"in-text-traffic\" data-mrf-link=\"www.mujerhoy.com\">s\u00edmbolo<\/a>, algo que asociamos exclusivamente a la elegancia y el deseo, y que ha conseguido a lo largo del tiempo proteger bien su identidad. En las pasarelas lo hemos visto en Stella McCartney, en Jacquemus, o en Burberry; y el street style ha dejado claro que su intenci\u00f3n no es pasar desapercibido y que exige <strong>estrategia<\/strong>. <\/p>\n<div class=\"v-c-cmp v-c-cmp--t1 \">\n<div class=\"v-cmp-rld v-cmp-rld--2 \">\n<div class=\"v-cnt-m v-cnt-m--m\">\n<div class=\"v-cnt-m__c\">\n<div class=\"v-cnt-m__w v-cnt-m__w--1\">\n<p class=\"v-cnt-m__t\">\nTAMBI\u00c9N TE INTERESA\n<\/p>\n<\/div>\n<\/div>\n<\/div>\n<div class=\"v-g v-g--2-c v-g--bdr-min-xs\">\n<div class=\"v-g__c \">\n<article class=\"v-a v-a--cmp-rld v-a--cmp-rld-2 v-a--p-l\">\n<div class=\"v-a-img-c\">\n<figure class=\"v-a-fig\">\n<a href=\"https:\/\/www.mujerhoy.com\/moda\/no-te-pierdas\/nuevos-basicos-septiembre-para-chicas-elegantes-20260825163033-nt.html#vtm_modulosEngag=mod-rel:moda:noticia:1:cmp:2-not\" class=\"v-a-link\" title=\"Las chicas elegantes son las m\u00e1s discretas: seis b\u00e1sicos que encontrar\u00e1s en su armario de septiembre\"><br \/>\n<img loading=\"lazy\" class=\"v-a-img\" src=\"http:\/\/cordobainforma.info\/wp-content\/uploads\/2026\/08\/alarga-el-verano-con-el-azul-tiffany-como-llevar-el-color-de-septiembre-y-los-basicos-favoritos-de-las-elegantes-1.jpg\" alt=\"Las chicas elegantes son las m\u00e1s discretas: seis b\u00e1sicos que encontrar\u00e1s en su armario de septiembre\"><br \/>\n<\/a><br \/>\n<\/figure>\n<\/div>\n<\/article>\n<\/div>\n<div class=\"v-g__c \">\n<article class=\"v-a v-a--cmp-rld v-a--cmp-rld-2 v-a--p-l\">\n<div class=\"v-a-img-c\">\n<figure class=\"v-a-fig\">\n<a href=\"https:\/\/www.mujerhoy.com\/moda\/no-te-pierdas\/camiseta-blanca-camisa-zara-barata-verano-20260824083157-nt.html#vtm_modulosEngag=mod-rel:moda:noticia:2:cmp:2-not\" class=\"v-a-link\" title=\"Hemos encontrado la camiseta b\u00e1sica perfecta y llega en tres colores \u00a1ya est\u00e1 a punto de agotarse!\"><br \/>\n<img loading=\"lazy\" class=\"v-a-img\" src=\"http:\/\/cordobainforma.info\/wp-content\/uploads\/2026\/08\/alarga-el-verano-con-el-azul-tiffany-como-llevar-el-color-de-septiembre-y-los-basicos-favoritos-de-las-elegantes-2.jpg\" alt=\"Hemos encontrado la camiseta b\u00e1sica perfecta y llega en tres colores \u00a1ya est\u00e1 a punto de agotarse!\"><br \/>\n<\/a><br \/>\n<\/figure>\n<\/div>\n<\/article>\n<\/div>\n<\/div>\n<\/div>\n<\/div>\n<p class=\"voc-paragraph\">La forma m\u00e1s sencilla de llevarlo es a trav\u00e9s de un total look, que bien puede ser un traje o un vestido. No obstante, <strong>no es la \u00fanica<\/strong>. Combina muy bien con marr\u00f3n chocolate, con azul marino, con amarillo mantequilla y (sorprendentemente) con los estampados animal print. Por otro lado, algo que tambi\u00e9n deja claro el azul Tiffany es que hay que atreverse a llevarlo y que la combinaci\u00f3n que mejor te siente es la que te hace sentir m\u00e1s segura, independientemente de que apuestes por una est\u00e9tica femenina y naif o por una m\u00e1s urbana y desestructurada. <\/p>\n<p><h3 class=\"v-cmp-suh\">\nSeis b\u00e1sicos de color azul Tiffany<br \/>\n<\/h3>\n<\/p>\n<div class=\"v-c-cmp v-c-cmp--s\">\n<div class=\"v-cmp-m \">\n<article class=\"v-a v-a--cmp-m v-c-cmp--m-z\">\n<div class=\"v-a-img-c \">\n<div class=\"v-a-fig\">\n<button class=\"v-a-link\" popovertarget=\"photo-674\"><br \/>\n<img loading=\"lazy\" src=\"http:\/\/cordobainforma.info\/wp-content\/uploads\/2026\/08\/alarga-el-verano-con-el-azul-tiffany-como-llevar-el-color-de-septiembre-y-los-basicos-favoritos-de-las-elegantes-3.jpg\" class=\"v-a-img\" width=\"650\" height=\"650\" alt=\"Cartera de Jacquemus, 890 euros.\" data-voc-vtm-id=\"in-text-traffic\"> <\/button><figcaption class=\"v-fc\">\n<span class=\"v-fc__t\"><br \/>\nCartera de Jacquemus, 890 euros.<br \/>\n<\/span><br \/>\n<\/figcaption><\/div>\n<\/div>\n<div id=\"photo-674\" popover class=\"v-mdl v-mdl--fw\">\n<button class=\"v-x\" popovertarget=\"photo-674\" popovertargetaction=\"hide\"><br \/>\n<span class=\"v-i\"><br \/>\n<svg width=\"24\" height=\"23.996\" viewBox=\"0 0 24 23.996\">\n<path data-name=\"Uni\u00f3n 29\" d=\"M12,14.03,2.031,24,0,21.963,9.968,12,0,2.033,2.031,0,12,9.966,21.969,0,24,2.033,14.032,12,24,21.963,21.969,24Z\" \/>\n<\/svg><br \/>\n<\/span><br \/>\n<\/button><\/p>\n<div class=\"v-mdl__c\">\n<div class=\"v-mdl__w\">\n<img loading=\"lazy\" src=\"http:\/\/cordobainforma.info\/wp-content\/uploads\/2026\/08\/alarga-el-verano-con-el-azul-tiffany-como-llevar-el-color-de-septiembre-y-los-basicos-favoritos-de-las-elegantes-3.jpg\" class=\"v-mdl__img-z\" width=\"650\" height=\"650\" alt>\n<\/div>\n<\/div>\n<\/div>\n<p><span class=\"v-bdp\"><\/span><br \/>\n<\/article>\n<\/div>\n<\/div>\n<p class=\"voc-paragraph\"><strong>Cartera de Jacquemus, 890 euros.<\/strong> Siempre he pensado que una de las formas m\u00e1s efectivas de llevar un color atrevido es hacerlo en peque\u00f1as dosis y este bolso a\u00f1ade ese toque divertido e irresistible con el que arrasar\u00e1s.<\/p>\n<div class=\"v-c-cmp v-c-cmp--s\">\n<div class=\"v-cmp-m \">\n<article class=\"v-a v-a--cmp-m v-c-cmp--m-z\">\n<div class=\"v-a-img-c \">\n<div class=\"v-a-fig\">\n<button class=\"v-a-link\" popovertarget=\"photo-7\"><br \/>\n<img loading=\"lazy\" src=\"http:\/\/cordobainforma.info\/wp-content\/uploads\/2026\/08\/alarga-el-verano-con-el-azul-tiffany-como-llevar-el-color-de-septiembre-y-los-basicos-favoritos-de-las-elegantes-4.jpg\" class=\"v-a-img\" width=\"650\" height=\"650\" alt=\"Vestido halter de H&amp;M, 35,99 euros.\" data-voc-vtm-id=\"in-text-traffic\"> <\/button><figcaption class=\"v-fc\">\n<span class=\"v-fc__t\"><br \/>\nVestido halter de H&amp;M, 35,99 euros.<br \/>\n<\/span><br \/>\n<\/figcaption><\/div>\n<\/div>\n<div id=\"photo-7\" popover class=\"v-mdl v-mdl--fw\">\n<button class=\"v-x\" popovertarget=\"photo-7\" popovertargetaction=\"hide\"><br \/>\n<span class=\"v-i\"><br \/>\n<svg width=\"24\" height=\"23.996\" viewBox=\"0 0 24 23.996\">\n<path data-name=\"Uni\u00f3n 29\" d=\"M12,14.03,2.031,24,0,21.963,9.968,12,0,2.033,2.031,0,12,9.966,21.969,0,24,2.033,14.032,12,24,21.963,21.969,24Z\" \/>\n<\/svg><br \/>\n<\/span><br \/>\n<\/button><\/p>\n<div class=\"v-mdl__c\">\n<div class=\"v-mdl__w\">\n<img loading=\"lazy\" src=\"http:\/\/cordobainforma.info\/wp-content\/uploads\/2026\/08\/alarga-el-verano-con-el-azul-tiffany-como-llevar-el-color-de-septiembre-y-los-basicos-favoritos-de-las-elegantes-4.jpg\" class=\"v-mdl__img-z\" width=\"650\" height=\"650\" alt>\n<\/div>\n<\/div>\n<\/div>\n<p><span class=\"v-bdp\"><\/span><br \/>\n<\/article>\n<\/div>\n<\/div>\n<p class=\"voc-paragraph\"><strong>Vestido halter de H&amp;M, 35,99 euros.<\/strong> Como te dec\u00eda, una de las formas m\u00e1s sencillas de disfrutar de este color sin preocuparnos de c\u00f3mo combina es a trav\u00e9s de una est\u00e9tica total look, como es el caso de este vestido que, adem\u00e1s, define muy bien la silueta sin marcarla demasiado.<\/p>\n<div class=\"v-c-cmp v-c-cmp--s\">\n<div class=\"v-cmp-m \">\n<article class=\"v-a v-a--cmp-m v-c-cmp--m-z\">\n<div class=\"v-a-img-c \">\n<div class=\"v-a-fig\">\n<button class=\"v-a-link\" popovertarget=\"photo-931\"><br \/>\n<img loading=\"lazy\" src=\"http:\/\/cordobainforma.info\/wp-content\/uploads\/2026\/08\/alarga-el-verano-con-el-azul-tiffany-como-llevar-el-color-de-septiembre-y-los-basicos-favoritos-de-las-elegantes-5.jpg\" class=\"v-a-img\" width=\"650\" height=\"650\" alt=\"Vestido de Miphai, 99,99 euros.\" data-voc-vtm-id=\"in-text-traffic\"> <\/button><figcaption class=\"v-fc\">\n<span class=\"v-fc__t\"><br \/>\nVestido de Miphai, 99,99 euros.<br \/>\n<\/span><br \/>\n<\/figcaption><\/div>\n<\/div>\n<div id=\"photo-931\" popover class=\"v-mdl v-mdl--fw\">\n<button class=\"v-x\" popovertarget=\"photo-931\" popovertargetaction=\"hide\"><br \/>\n<span class=\"v-i\"><br \/>\n<svg width=\"24\" height=\"23.996\" viewBox=\"0 0 24 23.996\">\n<path data-name=\"Uni\u00f3n 29\" d=\"M12,14.03,2.031,24,0,21.963,9.968,12,0,2.033,2.031,0,12,9.966,21.969,0,24,2.033,14.032,12,24,21.963,21.969,24Z\" \/>\n<\/svg><br \/>\n<\/span><br \/>\n<\/button><\/p>\n<div class=\"v-mdl__c\">\n<div class=\"v-mdl__w\">\n<img loading=\"lazy\" src=\"http:\/\/cordobainforma.info\/wp-content\/uploads\/2026\/08\/alarga-el-verano-con-el-azul-tiffany-como-llevar-el-color-de-septiembre-y-los-basicos-favoritos-de-las-elegantes-5.jpg\" class=\"v-mdl__img-z\" width=\"650\" height=\"650\" alt>\n<\/div>\n<\/div>\n<\/div>\n<p><span class=\"v-bdp\"><\/span><br \/>\n<\/article>\n<\/div>\n<\/div>\n<p class=\"voc-paragraph\"><strong>Vestido de Miphai, 99,99 euros.<\/strong> Las invitadas tambi\u00e9n pueden disfrutar de este tono, mucho m\u00e1s si es una boda de septiembre y est\u00e1n algo bronceadas. Al ser un tono tan luminoso, tu moreno resaltar\u00e1 much\u00edsimo m\u00e1s. En este caso te recomiendo que tus accesorios sean lo m\u00e1s simples posible.<\/p>\n<div class=\"v-c-cmp v-c-cmp--s\">\n<div class=\"v-cmp-m \">\n<article class=\"v-a v-a--cmp-m v-c-cmp--m-z\">\n<div class=\"v-a-img-c \">\n<div class=\"v-a-fig\">\n<button class=\"v-a-link\" popovertarget=\"photo-360\"><br \/>\n<img loading=\"lazy\" src=\"http:\/\/cordobainforma.info\/wp-content\/uploads\/2026\/08\/alarga-el-verano-con-el-azul-tiffany-como-llevar-el-color-de-septiembre-y-los-basicos-favoritos-de-las-elegantes-6.jpg\" class=\"v-a-img\" width=\"650\" height=\"650\" alt=\"Jersey de Mango, 15,99 euros.\" data-voc-vtm-id=\"in-text-traffic\"> <\/button><figcaption class=\"v-fc\">\n<span class=\"v-fc__t\"><br \/>\nJersey de Mango, 15,99 euros.<br \/>\n<\/span><br \/>\n<\/figcaption><\/div>\n<\/div>\n<div id=\"photo-360\" popover class=\"v-mdl v-mdl--fw\">\n<button class=\"v-x\" popovertarget=\"photo-360\" popovertargetaction=\"hide\"><br \/>\n<span class=\"v-i\"><br \/>\n<svg width=\"24\" height=\"23.996\" viewBox=\"0 0 24 23.996\">\n<path data-name=\"Uni\u00f3n 29\" d=\"M12,14.03,2.031,24,0,21.963,9.968,12,0,2.033,2.031,0,12,9.966,21.969,0,24,2.033,14.032,12,24,21.963,21.969,24Z\" \/>\n<\/svg><br \/>\n<\/span><br \/>\n<\/button><\/p>\n<div class=\"v-mdl__c\">\n<div class=\"v-mdl__w\">\n<img loading=\"lazy\" src=\"http:\/\/cordobainforma.info\/wp-content\/uploads\/2026\/08\/alarga-el-verano-con-el-azul-tiffany-como-llevar-el-color-de-septiembre-y-los-basicos-favoritos-de-las-elegantes-6.jpg\" class=\"v-mdl__img-z\" width=\"650\" height=\"650\" alt>\n<\/div>\n<\/div>\n<\/div>\n<p><span class=\"v-bdp\"><\/span><br \/>\n<\/article>\n<\/div>\n<\/div>\n<p class=\"voc-paragraph\"><strong>Jersey de Mango, 15,99 euros.<\/strong> Algo que la est\u00e9tica preppy ha recuperado es el canal\u00e9 en jerseys y cardigans. Este 2026 nos atreveremos con colores m\u00e1s llamativos, combinados con los neutros de siempre, por lo que es una oportunidad para aprovechar el tono de moda.<\/p>\n<div class=\"v-c-cmp v-c-cmp--s\">\n<div class=\"v-cmp-m \">\n<article class=\"v-a v-a--cmp-m v-c-cmp--m-z\">\n<div class=\"v-a-img-c \">\n<div class=\"v-a-fig\">\n<button class=\"v-a-link\" popovertarget=\"photo-222\"><br \/>\n<img loading=\"lazy\" src=\"http:\/\/cordobainforma.info\/wp-content\/uploads\/2026\/08\/alarga-el-verano-con-el-azul-tiffany-como-llevar-el-color-de-septiembre-y-los-basicos-favoritos-de-las-elegantes-7.jpg\" class=\"v-a-img\" width=\"650\" height=\"650\" alt=\"Camisa fluida de Massimo Dutti, 59,95 euros.\" data-voc-vtm-id=\"in-text-traffic\"> <\/button><figcaption class=\"v-fc\">\n<span class=\"v-fc__t\"><br \/>\nCamisa fluida de Massimo Dutti, 59,95 euros.<br \/>\n<\/span><br \/>\n<\/figcaption><\/div>\n<\/div>\n<div id=\"photo-222\" popover class=\"v-mdl v-mdl--fw\">\n<button class=\"v-x\" popovertarget=\"photo-222\" popovertargetaction=\"hide\"><br \/>\n<span class=\"v-i\"><br \/>\n<svg width=\"24\" height=\"23.996\" viewBox=\"0 0 24 23.996\">\n<path data-name=\"Uni\u00f3n 29\" d=\"M12,14.03,2.031,24,0,21.963,9.968,12,0,2.033,2.031,0,12,9.966,21.969,0,24,2.033,14.032,12,24,21.963,21.969,24Z\" \/>\n<\/svg><br \/>\n<\/span><br \/>\n<\/button><\/p>\n<div class=\"v-mdl__c\">\n<div class=\"v-mdl__w\">\n<img loading=\"lazy\" src=\"http:\/\/cordobainforma.info\/wp-content\/uploads\/2026\/08\/alarga-el-verano-con-el-azul-tiffany-como-llevar-el-color-de-septiembre-y-los-basicos-favoritos-de-las-elegantes-7.jpg\" class=\"v-mdl__img-z\" width=\"650\" height=\"650\" alt>\n<\/div>\n<\/div>\n<\/div>\n<p><span class=\"v-bdp\"><\/span><br \/>\n<\/article>\n<\/div>\n<\/div>\n<p class=\"voc-paragraph\"><strong>Camisa fluida de Massimo Dutti, 59,95 euros.<\/strong> A la hora de llevarla, mi consejo es que no te compliques. Hazlo con tus vaqueros favoritos, con una falda l\u00e1piz de color gris que le d\u00e9 un aire noventero o incluso con unas bermudas de color topo.<\/p>\n<div class=\"v-c-cmp v-c-cmp--s\">\n<div class=\"v-cmp-m \">\n<article class=\"v-a v-a--cmp-m v-c-cmp--m-z\">\n<div class=\"v-a-img-c \">\n<div class=\"v-a-fig\">\n<button class=\"v-a-link\" popovertarget=\"photo-44\"><br \/>\n<img loading=\"lazy\" src=\"http:\/\/cordobainforma.info\/wp-content\/uploads\/2026\/08\/alarga-el-verano-con-el-azul-tiffany-como-llevar-el-color-de-septiembre-y-los-basicos-favoritos-de-las-elegantes-8.jpg\" class=\"v-a-img\" width=\"650\" height=\"650\" alt=\"Jersey de manga corta de &amp;Other Stories, 79 euros.\" data-voc-vtm-id=\"in-text-traffic\"> <\/button><figcaption class=\"v-fc\">\n<span class=\"v-fc__t\"><br \/>\nJersey de manga corta de &amp;Other Stories, 79 euros.<br \/>\n<\/span><br \/>\n<\/figcaption><\/div>\n<\/div>\n<div id=\"photo-44\" popover class=\"v-mdl v-mdl--fw\">\n<button class=\"v-x\" popovertarget=\"photo-44\" popovertargetaction=\"hide\"><br \/>\n<span class=\"v-i\"><br \/>\n<svg width=\"24\" height=\"23.996\" viewBox=\"0 0 24 23.996\">\n<path data-name=\"Uni\u00f3n 29\" d=\"M12,14.03,2.031,24,0,21.963,9.968,12,0,2.033,2.031,0,12,9.966,21.969,0,24,2.033,14.032,12,24,21.963,21.969,24Z\" \/>\n<\/svg><br \/>\n<\/span><br \/>\n<\/button><\/p>\n<div class=\"v-mdl__c\">\n<div class=\"v-mdl__w\">\n<img loading=\"lazy\" src=\"http:\/\/cordobainforma.info\/wp-content\/uploads\/2026\/08\/alarga-el-verano-con-el-azul-tiffany-como-llevar-el-color-de-septiembre-y-los-basicos-favoritos-de-las-elegantes-8.jpg\" class=\"v-mdl__img-z\" width=\"650\" height=\"650\" alt>\n<\/div>\n<\/div>\n<\/div>\n<p><span class=\"v-bdp\"><\/span><br \/>\n<\/article>\n<\/div>\n<\/div>\n<p class=\"voc-paragraph\"><strong>Jersey de manga corta de &amp;Other Stories, 79 euros.<\/strong> Me parece uno de los m\u00e1s bonitos y f\u00e1ciles de combinar. No le des muchas vueltas: ll\u00e9valos con un vaquero de color \u00edndigo, o con un pantal\u00f3n de traje gris o incluso con unos bombachos.<\/p>\n<div class=\"v-c-cmp v-c-cmp--t1 \">\n<div class=\"v-cmp-rld v-cmp-rld--2 \">\n<div class=\"v-cnt-m v-cnt-m--m\">\n<div class=\"v-cnt-m__c\">\n<div class=\"v-cnt-m__w v-cnt-m__w--1\">\n<p class=\"v-cnt-m__t\">\nTAMBI\u00c9N TE INTERESA\n<\/p>\n<\/div>\n<\/div>\n<\/div>\n<div class=\"v-g v-g--2-c v-g--bdr-min-xs\">\n<div class=\"v-g__c \">\n<article class=\"v-a v-a--cmp-rld v-a--cmp-rld-2 v-a--p-l\">\n<div class=\"v-a-img-c\">\n<figure class=\"v-a-fig\">\n<a href=\"https:\/\/www.mujerhoy.com\/moda\/no-te-pierdas\/mejores-basicos-estetica-oficinista-y2k-que-es-20260824164616-nt.html#vtm_modulosEngag=mod-rel:moda:noticia:1:cmp:2-not\" class=\"v-a-link\" title=\"De Sof\u00eda Coppola a Miu Miu: seis b\u00e1sicos atemporales para seguir la tendencia oficinista Y2K\"><br \/>\n<img loading=\"lazy\" class=\"v-a-img\" src=\"http:\/\/cordobainforma.info\/wp-content\/uploads\/2026\/08\/alarga-el-verano-con-el-azul-tiffany-como-llevar-el-color-de-septiembre-y-los-basicos-favoritos-de-las-elegantes-9.jpg\" alt=\"De Sof\u00eda Coppola a Miu Miu: seis b\u00e1sicos atemporales para seguir la tendencia oficinista Y2K\"><br \/>\n<\/a><br \/>\n<\/figure>\n<\/div>\n<\/article>\n<\/div>\n<div class=\"v-g__c \">\n<article class=\"v-a v-a--cmp-rld v-a--cmp-rld-2 v-a--p-l\">\n<div class=\"v-a-img-c\">\n<figure class=\"v-a-fig\">\n<a href=\"https:\/\/www.mujerhoy.com\/moda\/no-te-pierdas\/mejores-basicos-entretiempo-chica-elegante-estilo-clasico-septiembre-20260822162428-nt.html#vtm_modulosEngag=mod-rel:moda:noticia:2:cmp:2-not\" class=\"v-a-link\" title=\"Soy una chica elegante de gusto cl\u00e1sico: seis b\u00e1sicos que son una inversi\u00f3n\"><br \/>\n<img loading=\"lazy\" class=\"v-a-img\" src=\"http:\/\/cordobainforma.info\/wp-content\/uploads\/2026\/08\/alarga-el-verano-con-el-azul-tiffany-como-llevar-el-color-de-septiembre-y-los-basicos-favoritos-de-las-elegantes-10.jpg\" alt=\"Soy una chica elegante de gusto cl\u00e1sico: seis b\u00e1sicos que son una inversi\u00f3n\"><br \/>\n<\/a><br \/>\n<\/figure>\n<\/div>\n<\/article>\n<\/div>\n<\/div>\n<\/div>\n<\/div>\n","protected":false},"excerpt":{"rendered":"<p>Muchas veces cuando hablamos de tonalidades concretas nos suenan raras. Sin embargo, si las asociamos a referencias claramente reconocibles calan mucho m\u00e1s dentro de la sociedad, como es el caso del amarillo mantequilla, el marr\u00f3n chocolate o el verde pistacho. Hoy hablamos de un azul que pretende alcanzar el nivel de fama que logr\u00f3 el [&hellip;]<\/p>\n","protected":false},"author":1,"featured_media":197654,"comment_status":"closed","ping_status":"closed","sticky":false,"template":"","format":"standard","meta":[],"categories":[24],"tags":[],"_links":{"self":[{"href":"http:\/\/cordobainforma.info\/index.php\/wp-json\/wp\/v2\/posts\/197653"}],"collection":[{"href":"http:\/\/cordobainforma.info\/index.php\/wp-json\/wp\/v2\/posts"}],"about":[{"href":"http:\/\/cordobainforma.info\/index.php\/wp-json\/wp\/v2\/types\/post"}],"author":[{"embeddable":true,"href":"http:\/\/cordobainforma.info\/index.php\/wp-json\/wp\/v2\/users\/1"}],"replies":[{"embeddable":true,"href":"http:\/\/cordobainforma.info\/index.php\/wp-json\/wp\/v2\/comments?post=197653"}],"version-history":[{"count":0,"href":"http:\/\/cordobainforma.info\/index.php\/wp-json\/wp\/v2\/posts\/197653\/revisions"}],"wp:featuredmedia":[{"embeddable":true,"href":"http:\/\/cordobainforma.info\/index.php\/wp-json\/wp\/v2\/media\/197654"}],"wp:attachment":[{"href":"http:\/\/cordobainforma.info\/index.php\/wp-json\/wp\/v2\/media?parent=197653"}],"wp:term":[{"taxonomy":"category","embeddable":true,"href":"http:\/\/cordobainforma.info\/index.php\/wp-json\/wp\/v2\/categories?post=197653"},{"taxonomy":"post_tag","embeddable":true,"href":"http:\/\/cordobainforma.info\/index.php\/wp-json\/wp\/v2\/tags?post=197653"}],"curies":[{"name":"wp","href":"https:\/\/api.w.org\/{rel}","templated":true}]}}