{"id":197641,"date":"2026-08-31T20:10:00","date_gmt":"2026-08-31T20:10:00","guid":{"rendered":"http:\/\/cordobainforma.info\/index.php\/2026\/08\/31\/tolosa-paz-sobre-la-postergacion-del-impuesto-a-los-combustibles-el-permitido-del-mes-de-toto\/"},"modified":"2026-08-31T20:10:00","modified_gmt":"2026-08-31T20:10:00","slug":"tolosa-paz-sobre-la-postergacion-del-impuesto-a-los-combustibles-el-permitido-del-mes-de-toto","status":"publish","type":"post","link":"http:\/\/cordobainforma.info\/index.php\/2026\/08\/31\/tolosa-paz-sobre-la-postergacion-del-impuesto-a-los-combustibles-el-permitido-del-mes-de-toto\/","title":{"rendered":"Tolosa Paz sobre la postergaci\u00f3n del impuesto a los combustibles: \u00abEl permitido del mes de Toto\u00bb"},"content":{"rendered":"<div class=\"media_block\"><\/div>\n<div><img src=\"http:\/\/cordobainforma.info\/wp-content\/uploads\/2026\/08\/tolosa-paz-sobre-la-postergacion-del-impuesto-a-los-combustibles-el-permitido-del-mes-de-toto.jpg\" class=\"ff-og-image-inserted\"><\/div>\n<p>La diputada nacional <strong>Victoria Tolosa Paz<\/strong> cuestion\u00f3 al <strong>ministro de Econom\u00eda Luis Caputo<\/strong> al afirmar que difiri\u00f3 la suba del impuesto a los combustibles \u201cporque <strong>al pueblo no le da m\u00e1s el bolsillo<\/strong>\u201d.<\/p>\n<p>Lo hizo a trav\u00e9s de una publicaci\u00f3n en la red social \u201cX\u201d titulada \u201c<strong>El permitido del mes de Toto<\/strong>\u201d.<\/p>\n<p class=\"destacadoNota\"><a target=\"_blank\" href=\"https:\/\/www.perfil.com\/noticias\/nea\/cierre-sorpresivo-de-musimundo-en-corrientes-dejo-a-36-empleados-sin-trabajo.phtml\" rel=\"noopener noreferrer\">Cierre sorpresivo de Musimundo en Corrientes dej\u00f3 a 36 empleados sin trabajo<\/a><\/p>\n<h2>Cr\u00edticas a Caputo<\/h2>\n<p>\u201c<strong>El ministro de Econom\u00eda demor\u00f3 el aumento del impuesto al combustible hasta el 1\u00b0 de Octubre ante el esc\u00e1ndalo de las <\/strong><strong>denuncias<\/strong><strong> por el <\/strong><strong>abandono de las rutas nacionales<\/strong><strong> y porque al pueblo no le da m\u00e1s el bolsillo<\/strong>\u201d, afirm\u00f3 la legisladora peronista.<\/p>\n<p>\u201cAhora parece que el mercado no se regula solo y Milei le permiti\u00f3 a Caputo meter mano\u201d, agreg\u00f3 Tolosa Paz.<\/p>\n<p>\u201cEs el permitido del mes, <strong>Toto podr\u00e1 ir metiendo mano para tratar de reactivar la fuerte recesi\u00f3n que vive nuestro pa\u00eds<\/strong>\u201d, se\u00f1al\u00f3 en tono cr\u00edtico.<\/p>\n<p>\u201cO sea digamos, es la muestra cabal de la inexistencia de pol\u00edticas que reactiven la econom\u00eda\u201d, concluy\u00f3 Tolosa Paz.<\/p>\n<p class=\"destacadoNota\"><a target=\"_blank\" href=\"https:\/\/www.perfil.com\/noticias\/nea\/cachanosky-hasta-ahora-el-gobierno-ha-sido-una-maquina-de-demoler-empresas.phtml\" rel=\"noopener noreferrer\">Cachanosky: \u00abHasta ahora el gobierno ha sido una m\u00e1quina de demoler empresas\u00bb<\/a><\/p>\n<h2>El Gobierno posterg\u00f3 la suba del impuesto a los combustibles<\/h2>\n<p>El <strong>Gobierno nacional posterg\u00f3 hasta el 1\u00b0 de octubre de 2026 la aplicaci\u00f3n de aumentos pendientes en los impuestos que gravan a las naftas y el gasoil<\/strong>.<\/p>\n<p>La decisi\u00f3n qued\u00f3 establecida mediante el Decreto 829\/2026, publicado este lunes en el Bolet\u00edn Oficial.<\/p>\n<p><strong>La medida alcanza al Impuesto sobre los Combustibles L\u00edquidos y al Impuesto al Di\u00f3xido de Carbono aplicables a la nafta sin plomo, la nafta virgen y el gasoil<\/strong>.<\/p>\n<p><strong>Los incrementos corresponden a actualizaciones pendientes de 2024, 2025 y del primer y segundo trimestre de 2026<\/strong>, cuya entrada en vigencia estaba prevista para el 1\u00b0 de septiembre, seg\u00fan publica <em>NA<\/em>.<\/p>\n<p>Con la nueva postergaci\u00f3n, esa parte de la actualizaci\u00f3n tributaria comenzar\u00e1 a aplicarse desde octubre, de acuerdo con el cronograma dispuesto por el Poder Ejecutivo.<\/p>\n<p>La decisi\u00f3n evita durante septiembre el impacto de esos aumentos impositivos sobre los combustibles, aunque no impide que las petroleras puedan modificar los precios de venta por otros componentes de su estructura de costos.<\/p>\n<p>El Ejecutivo justific\u00f3 la medida en la necesidad de continuar estimulando el crecimiento econ\u00f3mico mediante una pol\u00edtica fiscal sostenible.<\/p>\n<div class=\"article__tags\">\n<p>En esta Nota<\/p>\n<\/p><\/div>\n","protected":false},"excerpt":{"rendered":"<p>La diputada nacional Victoria Tolosa Paz cuestion\u00f3 al ministro de Econom\u00eda Luis Caputo al afirmar que difiri\u00f3 la suba del impuesto a los combustibles \u201cporque al pueblo no le da m\u00e1s el bolsillo\u201d. Lo hizo a trav\u00e9s de una publicaci\u00f3n en la red social \u201cX\u201d titulada \u201cEl permitido del mes de Toto\u201d. Cierre sorpresivo de [&hellip;]<\/p>\n","protected":false},"author":1,"featured_media":197642,"comment_status":"closed","ping_status":"closed","sticky":false,"template":"","format":"standard","meta":[],"categories":[2],"tags":[],"_links":{"self":[{"href":"http:\/\/cordobainforma.info\/index.php\/wp-json\/wp\/v2\/posts\/197641"}],"collection":[{"href":"http:\/\/cordobainforma.info\/index.php\/wp-json\/wp\/v2\/posts"}],"about":[{"href":"http:\/\/cordobainforma.info\/index.php\/wp-json\/wp\/v2\/types\/post"}],"author":[{"embeddable":true,"href":"http:\/\/cordobainforma.info\/index.php\/wp-json\/wp\/v2\/users\/1"}],"replies":[{"embeddable":true,"href":"http:\/\/cordobainforma.info\/index.php\/wp-json\/wp\/v2\/comments?post=197641"}],"version-history":[{"count":0,"href":"http:\/\/cordobainforma.info\/index.php\/wp-json\/wp\/v2\/posts\/197641\/revisions"}],"wp:featuredmedia":[{"embeddable":true,"href":"http:\/\/cordobainforma.info\/index.php\/wp-json\/wp\/v2\/media\/197642"}],"wp:attachment":[{"href":"http:\/\/cordobainforma.info\/index.php\/wp-json\/wp\/v2\/media?parent=197641"}],"wp:term":[{"taxonomy":"category","embeddable":true,"href":"http:\/\/cordobainforma.info\/index.php\/wp-json\/wp\/v2\/categories?post=197641"},{"taxonomy":"post_tag","embeddable":true,"href":"http:\/\/cordobainforma.info\/index.php\/wp-json\/wp\/v2\/tags?post=197641"}],"curies":[{"name":"wp","href":"https:\/\/api.w.org\/{rel}","templated":true}]}}