{"id":197633,"date":"2026-08-31T19:58:01","date_gmt":"2026-08-31T19:58:01","guid":{"rendered":"https:\/\/cordoba.gob.ar\/?p=93687"},"modified":"2026-08-31T19:58:01","modified_gmt":"2026-08-31T19:58:01","slug":"proyectate-en-la-universidad-mas-de-600-estudiantes-de-sexto-ano-visitaran-la-muestra-de-carreras-de-la-unc","status":"publish","type":"post","link":"http:\/\/cordobainforma.info\/index.php\/2026\/08\/31\/proyectate-en-la-universidad-mas-de-600-estudiantes-de-sexto-ano-visitaran-la-muestra-de-carreras-de-la-unc\/","title":{"rendered":"Proy\u00e9ctate en la Universidad: m\u00e1s de 600 estudiantes de sexto a\u00f1o visitar\u00e1n la Muestra de Carreras de la UNC"},"content":{"rendered":"<div><img src=\"http:\/\/cordobainforma.info\/wp-content\/uploads\/2026\/08\/proyectate-en-la-universidad-mas-de-600-estudiantes-de-sexto-ano-visitaran-la-muestra-de-carreras-de-la-unc.jpg\" class=\"ff-og-image-inserted\"><\/div>\n<ul>\n<li data-prosemirror-content-type=\"node\" data-prosemirror-node-name=\"paragraph\" data-prosemirror-node-block=\"true\"><strong>El programa municipal acompa\u00f1a a j\u00f3venes de 15 escuelas en el camino hacia la educaci\u00f3n superior.<\/strong><\/li>\n<li data-prosemirror-content-type=\"node\" data-prosemirror-node-name=\"paragraph\" data-prosemirror-node-block=\"true\"><strong>Del 1 al 3 de septiembre, conocer\u00e1n carreras, opciones de ingreso y propuestas de la vida universitaria.<\/strong><\/li>\n<\/ul>\n<hr>\n<p data-prosemirror-content-type=\"node\" data-prosemirror-node-name=\"paragraph\" data-prosemirror-node-block=\"true\">Despu\u00e9s de participar de las jornadas \u201cProyecta-te en la Universidad: Por el derecho a la educaci\u00f3n\u201d en los Parques Educativos, m\u00e1s de 860 estudiantes de sexto a\u00f1o de 27 escuelas visitar\u00e1n del 1 al 3 de septiembre la Muestra de Carreras de la Universidad Nacional de C\u00f3rdoba (UNC).<\/p>\n<p data-prosemirror-content-type=\"node\" data-prosemirror-node-name=\"paragraph\" data-prosemirror-node-block=\"true\">La visita constituye la segunda instancia de este programa de acompa\u00f1amiento, impulsado por la Unidad de Programas de Promoci\u00f3n Cient\u00edfica y Tecnol\u00f3gica de la Secretar\u00eda de Educaci\u00f3n, que busca acompa\u00f1ar a los j\u00f3venes durante el \u00faltimo a\u00f1o de la escuela secundaria y acercarlos a las posibilidades de formaci\u00f3n que ofrece la ciudad.<\/p>\n<p data-prosemirror-content-type=\"node\" data-prosemirror-node-name=\"paragraph\" data-prosemirror-node-block=\"true\">Durante las tres jornadas, los estudiantes podr\u00e1n recorrer los stands de las distintas unidades acad\u00e9micas, conocer las carreras, sus requisitos de ingreso y modalidades de cursado, y participar de espacios de orientaci\u00f3n vocacional y propuestas vinculadas al ejercicio de diferentes profesiones. La experiencia busca que puedan acercarse a la universidad, despejar dudas y contar con m\u00e1s herramientas al momento de decidir qu\u00e9 camino seguir despu\u00e9s de la secundaria.<\/p>\n<p data-prosemirror-content-type=\"node\" data-prosemirror-node-name=\"paragraph\" data-prosemirror-node-block=\"true\">La primera etapa del programa consisti\u00f3 en seis jornadas itinerantes realizadas en los Parques Educativos Este, Norte, Sureste y Noroeste, en las cuales participaron m\u00e1s de 860 estudiantes de 27 escuelas. En esos encuentros, los j\u00f3venes realizaron actividades orientadas a identificar sus intereses, habilidades y expectativas, adem\u00e1s de conocer distintas alternativas educativas.<\/p>\n<p data-prosemirror-content-type=\"node\" data-prosemirror-node-name=\"paragraph\" data-prosemirror-node-block=\"true\">La propuesta tendr\u00e1 una tercera instancia durante noviembre y diciembre, cuando se desarrollen los Operativos Ingreso en los Parques Educativos. En esos espacios se acompa\u00f1ar\u00e1 a los j\u00f3venes en el proceso de inscripci\u00f3n a las distintas carreras y propuestas de formaci\u00f3n.<\/p>\n<p data-prosemirror-content-type=\"node\" data-prosemirror-node-name=\"paragraph\" data-prosemirror-node-block=\"true\">El programa se desarrolla en articulaci\u00f3n con la Universidad Nacional de C\u00f3rdoba, la Universidad Provincial de C\u00f3rdoba, la Sede C\u00f3rdoba de la Universidad Nacional de Villa Mar\u00eda, la Secretar\u00eda de Fortalecimiento Institucional y Educaci\u00f3n Superior y la Direcci\u00f3n General de Educaci\u00f3n Superior del Ministerio de Educaci\u00f3n de la Provincia de C\u00f3rdoba, el Instituto Superior Polit\u00e9cnico de C\u00f3rdoba y estudiantes voluntarios del Centro de Estudiantes de la Facultad de Ciencias de la Comunicaci\u00f3n.<\/p>\n","protected":false},"excerpt":{"rendered":"<p>El programa municipal acompa\u00f1a a j\u00f3venes de 15 escuelas en el camino hacia la educaci\u00f3n superior. Del 1 al 3 de septiembre, conocer\u00e1n carreras, opciones de ingreso y propuestas de la vida universitaria. Despu\u00e9s de participar de las jornadas \u201cProyecta-te en la Universidad: Por el derecho a la educaci\u00f3n\u201d en los Parques Educativos, m\u00e1s de [&hellip;]<\/p>\n","protected":false},"author":1,"featured_media":197634,"comment_status":"closed","ping_status":"closed","sticky":false,"template":"","format":"standard","meta":[],"categories":[2],"tags":[],"_links":{"self":[{"href":"http:\/\/cordobainforma.info\/index.php\/wp-json\/wp\/v2\/posts\/197633"}],"collection":[{"href":"http:\/\/cordobainforma.info\/index.php\/wp-json\/wp\/v2\/posts"}],"about":[{"href":"http:\/\/cordobainforma.info\/index.php\/wp-json\/wp\/v2\/types\/post"}],"author":[{"embeddable":true,"href":"http:\/\/cordobainforma.info\/index.php\/wp-json\/wp\/v2\/users\/1"}],"replies":[{"embeddable":true,"href":"http:\/\/cordobainforma.info\/index.php\/wp-json\/wp\/v2\/comments?post=197633"}],"version-history":[{"count":0,"href":"http:\/\/cordobainforma.info\/index.php\/wp-json\/wp\/v2\/posts\/197633\/revisions"}],"wp:featuredmedia":[{"embeddable":true,"href":"http:\/\/cordobainforma.info\/index.php\/wp-json\/wp\/v2\/media\/197634"}],"wp:attachment":[{"href":"http:\/\/cordobainforma.info\/index.php\/wp-json\/wp\/v2\/media?parent=197633"}],"wp:term":[{"taxonomy":"category","embeddable":true,"href":"http:\/\/cordobainforma.info\/index.php\/wp-json\/wp\/v2\/categories?post=197633"},{"taxonomy":"post_tag","embeddable":true,"href":"http:\/\/cordobainforma.info\/index.php\/wp-json\/wp\/v2\/tags?post=197633"}],"curies":[{"name":"wp","href":"https:\/\/api.w.org\/{rel}","templated":true}]}}