{"id":197622,"date":"2026-08-31T18:03:32","date_gmt":"2026-08-31T18:03:32","guid":{"rendered":"http:\/\/cordobainforma.info\/index.php\/2026\/08\/31\/cordoba-impulsa-el-nuevo-plan-de-provincia-para-fortalecer-el-comercio-perfil\/"},"modified":"2026-08-31T18:03:32","modified_gmt":"2026-08-31T18:03:32","slug":"cordoba-impulsa-el-nuevo-plan-de-provincia-para-fortalecer-el-comercio-perfil","status":"publish","type":"post","link":"http:\/\/cordobainforma.info\/index.php\/2026\/08\/31\/cordoba-impulsa-el-nuevo-plan-de-provincia-para-fortalecer-el-comercio-perfil\/","title":{"rendered":"&quot;<b>C\u00f3rdoba<\/b> Impulsa&quot;: el <b>nuevo<\/b> plan de Provincia para fortalecer el comercio | Perfil"},"content":{"rendered":"<p>Las medidas buscan facilitar el consumo, acompa\u00f1ar a comercios y sostener la actividad <b>econ\u00f3mica<\/b> en <b>C\u00f3rdoba<\/b>. Mart\u00edn Llaryora present\u00f3 <b>C\u00f3rdoba<\/b> Impulsa,&nbsp;&#8230; <\/p>\n","protected":false},"excerpt":{"rendered":"<p>Las medidas buscan facilitar el consumo, acompa\u00f1ar a comercios y sostener la actividad econ\u00f3mica en C\u00f3rdoba. Mart\u00edn Llaryora present\u00f3 C\u00f3rdoba Impulsa,&nbsp;&#8230;<\/p>\n","protected":false},"author":1,"featured_media":0,"comment_status":"closed","ping_status":"closed","sticky":false,"template":"","format":"standard","meta":[],"categories":[23],"tags":[],"_links":{"self":[{"href":"http:\/\/cordobainforma.info\/index.php\/wp-json\/wp\/v2\/posts\/197622"}],"collection":[{"href":"http:\/\/cordobainforma.info\/index.php\/wp-json\/wp\/v2\/posts"}],"about":[{"href":"http:\/\/cordobainforma.info\/index.php\/wp-json\/wp\/v2\/types\/post"}],"author":[{"embeddable":true,"href":"http:\/\/cordobainforma.info\/index.php\/wp-json\/wp\/v2\/users\/1"}],"replies":[{"embeddable":true,"href":"http:\/\/cordobainforma.info\/index.php\/wp-json\/wp\/v2\/comments?post=197622"}],"version-history":[{"count":0,"href":"http:\/\/cordobainforma.info\/index.php\/wp-json\/wp\/v2\/posts\/197622\/revisions"}],"wp:attachment":[{"href":"http:\/\/cordobainforma.info\/index.php\/wp-json\/wp\/v2\/media?parent=197622"}],"wp:term":[{"taxonomy":"category","embeddable":true,"href":"http:\/\/cordobainforma.info\/index.php\/wp-json\/wp\/v2\/categories?post=197622"},{"taxonomy":"post_tag","embeddable":true,"href":"http:\/\/cordobainforma.info\/index.php\/wp-json\/wp\/v2\/tags?post=197622"}],"curies":[{"name":"wp","href":"https:\/\/api.w.org\/{rel}","templated":true}]}}