{"id":197618,"date":"2026-08-31T16:02:01","date_gmt":"2026-08-31T16:02:01","guid":{"rendered":"https:\/\/www.clarin.com\/deportes\/impacto-mundial-retiro-lionel-messi-seleccion-argentina-reaccionaron-principales-medios-planeta_0_mwmy0B5GCj.html"},"modified":"2026-08-31T16:02:01","modified_gmt":"2026-08-31T16:02:01","slug":"impacto-mundial-por-el-retiro-de-lionel-messi-de-la-seleccion-argentina-asi-reaccionaron-los-principales-medios-del-planeta","status":"publish","type":"post","link":"http:\/\/cordobainforma.info\/index.php\/2026\/08\/31\/impacto-mundial-por-el-retiro-de-lionel-messi-de-la-seleccion-argentina-asi-reaccionaron-los-principales-medios-del-planeta\/","title":{"rendered":"Impacto mundial por el retiro de Lionel Messi de la Selecci\u00f3n Argentina: as\u00ed reaccionaron los principales medios del planeta"},"content":{"rendered":"<p><img src=\"http:\/\/cordobainforma.info\/wp-content\/uploads\/2026\/08\/impacto-mundial-por-el-retiro-de-lionel-messi-de-la-seleccion-argentina-asi-reaccionaron-los-principales-medios-del-planeta.jpg\"><\/p>\n<div><img src=\"http:\/\/cordobainforma.info\/wp-content\/uploads\/2026\/08\/impacto-mundial-por-el-retiro-de-lionel-messi-de-la-seleccion-argentina-asi-reaccionaron-los-principales-medios-del-planeta-2.jpg\" class=\"ff-og-image-inserted\"><\/div>\n<div id=\"element-body-0\" readability=\"49.601769911504\">\n<p><strong>Lionel Messi<\/strong> anunci\u00f3 este lunes por la ma\u00f1ana <a href=\"https:\/\/www.clarin.com\/deportes\/lionel-messi-anuncio-retiro-seleccion-argentina-vacie-dar_0_SycSpnHYEO.html\" target=\"_blank\" title=\"su retiro de la Selecci\u00f3n Argentina\" alt=\"su retiro de la Selecci\u00f3n Argentina\" rel=\"noopener noreferrer\">su retiro de la Selecci\u00f3n Argentina<\/a> a trav\u00e9s de una carta que public\u00f3 en su cuenta de Instagram.<strong> Fue una bomba mundial que l\u00f3gicamente recorri\u00f3 todos los medios del planeta.<\/strong><\/p>\n<\/div>\n<div id=\"element-body-1\" readability=\"62\">\n<p>Medios de todo el mundo se hicieron eco de la noticia. Y enseguida llenaron sus portadas con titulares en referencia al retiro de Messi, sobre todo los diarios deportivos. <strong><em>O Globo <\/em><\/strong>de Brasil public\u00f3 una foto grande de Leo con la Copa del Mundo. Lance tambi\u00e9n, pero con una imagen del \u00faltimo Mundial y las l\u00e1grimas del crack rosarino tras la derrota de Argentina en la final con Espa\u00f1a.<\/p>\n<\/div>\n<div id=\"element-body-2\" readability=\"64\">\n<p>Los medios espa\u00f1oles, por supuesto, no son ajenos a esta situaci\u00f3n. Messi termin\u00f3 de crecer y desarrollarse en Espa\u00f1a y jug\u00f3 en Barcelona durante 17 a\u00f1os. <strong>Diario Sport <\/strong>destac\u00f3 en su portada a Leo y la frase: \u00abMe vaci\u00e9, ya no tengo m\u00e1s para dar\u00bb. En tanto, <strong>Mundo Deportivo<\/strong> reflej\u00f3: \u00abMessi anuncia su adi\u00f3 a la Selecci\u00f3n Argentina\u00bb.<\/p>\n<\/div>\n<div id=\"element-body-3\" readability=\"62\">\n<p>En tanto, diario <strong>Marca <\/strong>tambi\u00e9n puso una foto grande de Leo y un t\u00edtulo que hace ruido: \u00abBombazo: Messi se retira de la Selecci\u00f3n Argentina\u00bb. A su vez, <strong>AS <\/strong>titula: \u00abImpacto mundial por la noticia de Messi\u00bb. Y arm\u00f3 un liveblog para seguir la continuidad y el desarrollo de la informaci\u00f3n minuto a minuto.<\/p>\n<\/div>\n<div id=\"element-body-4\" readability=\"61\">\n<p>NOtros medios internacionales como <strong>The Guardian<\/strong>, <strong>BBC Sports <\/strong>y <strong>The Athletic<\/strong> destacaron el fin de una era para el f\u00fatbol mundial. Resaltaron las palabras del capit\u00e1n en su carta abierta donde confes\u00f3 que se \u00abvaci\u00f3\u00bb y que ya no tiene m\u00e1s para dar, abriendo paso a las nuevas generaciones. <\/p>\n<\/div>\n<div id=\"element-body-5\" readability=\"61\">\n<p>Tambi\u00e9n subrayaron que la decisi\u00f3n, redactada inicialmente dos d\u00edas despu\u00e9s de la final del Mundial ante Espa\u00f1a, se termin\u00f3 de consolidar tras el fallecimiento de su padre, Jorge Messi.<\/p>\n<\/div>\n","protected":false},"excerpt":{"rendered":"<p>Lionel Messi anunci\u00f3 este lunes por la ma\u00f1ana su retiro de la Selecci\u00f3n Argentina a trav\u00e9s de una carta que public\u00f3 en su cuenta de Instagram. Fue una bomba mundial que l\u00f3gicamente recorri\u00f3 todos los medios del planeta. Medios de todo el mundo se hicieron eco de la noticia. Y enseguida llenaron sus portadas con [&hellip;]<\/p>\n","protected":false},"author":1,"featured_media":197619,"comment_status":"closed","ping_status":"closed","sticky":false,"template":"","format":"standard","meta":[],"categories":[20],"tags":[],"_links":{"self":[{"href":"http:\/\/cordobainforma.info\/index.php\/wp-json\/wp\/v2\/posts\/197618"}],"collection":[{"href":"http:\/\/cordobainforma.info\/index.php\/wp-json\/wp\/v2\/posts"}],"about":[{"href":"http:\/\/cordobainforma.info\/index.php\/wp-json\/wp\/v2\/types\/post"}],"author":[{"embeddable":true,"href":"http:\/\/cordobainforma.info\/index.php\/wp-json\/wp\/v2\/users\/1"}],"replies":[{"embeddable":true,"href":"http:\/\/cordobainforma.info\/index.php\/wp-json\/wp\/v2\/comments?post=197618"}],"version-history":[{"count":0,"href":"http:\/\/cordobainforma.info\/index.php\/wp-json\/wp\/v2\/posts\/197618\/revisions"}],"wp:featuredmedia":[{"embeddable":true,"href":"http:\/\/cordobainforma.info\/index.php\/wp-json\/wp\/v2\/media\/197619"}],"wp:attachment":[{"href":"http:\/\/cordobainforma.info\/index.php\/wp-json\/wp\/v2\/media?parent=197618"}],"wp:term":[{"taxonomy":"category","embeddable":true,"href":"http:\/\/cordobainforma.info\/index.php\/wp-json\/wp\/v2\/categories?post=197618"},{"taxonomy":"post_tag","embeddable":true,"href":"http:\/\/cordobainforma.info\/index.php\/wp-json\/wp\/v2\/tags?post=197618"}],"curies":[{"name":"wp","href":"https:\/\/api.w.org\/{rel}","templated":true}]}}