{"id":197614,"date":"2026-08-31T11:25:47","date_gmt":"2026-08-31T11:25:47","guid":{"rendered":"https:\/\/somoscordobeses.com\/2026\/08\/31\/gimnasia-de-mendoza-vencio-3-0-a-independiente-en-avellaneda\/"},"modified":"2026-08-31T11:25:47","modified_gmt":"2026-08-31T11:25:47","slug":"gimnasia-de-mendoza-vencio-3-0-a-independiente-en-avellaneda","status":"publish","type":"post","link":"http:\/\/cordobainforma.info\/index.php\/2026\/08\/31\/gimnasia-de-mendoza-vencio-3-0-a-independiente-en-avellaneda\/","title":{"rendered":"Gimnasia de Mendoza venci\u00f3 3-0 a Independiente en Avellaneda"},"content":{"rendered":"<div><img src=\"http:\/\/cordobainforma.info\/wp-content\/uploads\/2026\/08\/gimnasia-de-mendoza-vencio-3-0-a-independiente-en-avellaneda.jpg\" class=\"ff-og-image-inserted\"><\/div>\n<div class=\"tdb-block-inner td-fix-index\" readability=\"42\">\n<p><strong>Con dos goles de Facundo Lencioni, el Lobo derrot\u00f3 al Rojo en el Libertadores de Am\u00e9rica y qued\u00f3 como l\u00edder de la Zona A del Clausura.<\/strong><\/p>\n<p>Gimnasia de Mendoza logr\u00f3 su primera victoria hist\u00f3rica ante Independiente en el estadio Libertadores de Am\u00e9rica-Ricardo Bochini, al imponerse por 3-0 en el marco de la fecha correspondiente del Torneo Clausura. El partido se jug\u00f3 el 30 de agosto en Avellaneda, en el aniversario 118 de la fundaci\u00f3n del club mendocino.<\/p>\n<p>Los goles fueron marcados por Esteban Fern\u00e1ndez al cierre del primer tiempo, y Facundo Lencioni en dos ocasiones, a los 8 y 15 minutos del segundo per\u00edodo. Lencioni, exjugador de Belgrano, convirti\u00f3 ambos tantos con remates de zurda desde fuera del \u00e1rea.<\/p>\n<p>Con este resultado, Gimnasia de Mendoza alcanz\u00f3 15 unidades y qued\u00f3 como \u00fanico l\u00edder de la Zona A. El equipo es dirigido por Dar\u00edo Franco.<\/p>\n<p>Independiente, por su parte, sum\u00f3 su segunda derrota consecutiva como local bajo la conducci\u00f3n de Jadson Viera, quien asumi\u00f3 tras la salida de Gustavo Quinteros. El equipo tambi\u00e9n perdi\u00f3 a su goleador Gabriel \u00c1valos. Durante el partido, el mediocampista Iv\u00e1n Marcone cometi\u00f3 un error en la salida que facilit\u00f3 el segundo gol mendocino.<\/p>\n<p>Al finalizar el encuentro, parte de los aficionados locales expresaron su descontento con silbidos dirigidos tanto a los jugadores como a la directiva encabezada por N\u00e9stor Grindetti. El club tiene elecciones previstas para diciembre.<\/p>\n<\/div>\n","protected":false},"excerpt":{"rendered":"<p>Con dos goles de Facundo Lencioni, el Lobo derrot\u00f3 al Rojo en el Libertadores de Am\u00e9rica y qued\u00f3 como l\u00edder de la Zona A del Clausura. Gimnasia de Mendoza logr\u00f3 su primera victoria hist\u00f3rica ante Independiente en el estadio Libertadores de Am\u00e9rica-Ricardo Bochini, al imponerse por 3-0 en el marco de la fecha correspondiente del [&hellip;]<\/p>\n","protected":false},"author":1,"featured_media":197615,"comment_status":"closed","ping_status":"closed","sticky":false,"template":"","format":"standard","meta":[],"categories":[20,2],"tags":[],"_links":{"self":[{"href":"http:\/\/cordobainforma.info\/index.php\/wp-json\/wp\/v2\/posts\/197614"}],"collection":[{"href":"http:\/\/cordobainforma.info\/index.php\/wp-json\/wp\/v2\/posts"}],"about":[{"href":"http:\/\/cordobainforma.info\/index.php\/wp-json\/wp\/v2\/types\/post"}],"author":[{"embeddable":true,"href":"http:\/\/cordobainforma.info\/index.php\/wp-json\/wp\/v2\/users\/1"}],"replies":[{"embeddable":true,"href":"http:\/\/cordobainforma.info\/index.php\/wp-json\/wp\/v2\/comments?post=197614"}],"version-history":[{"count":0,"href":"http:\/\/cordobainforma.info\/index.php\/wp-json\/wp\/v2\/posts\/197614\/revisions"}],"wp:featuredmedia":[{"embeddable":true,"href":"http:\/\/cordobainforma.info\/index.php\/wp-json\/wp\/v2\/media\/197615"}],"wp:attachment":[{"href":"http:\/\/cordobainforma.info\/index.php\/wp-json\/wp\/v2\/media?parent=197614"}],"wp:term":[{"taxonomy":"category","embeddable":true,"href":"http:\/\/cordobainforma.info\/index.php\/wp-json\/wp\/v2\/categories?post=197614"},{"taxonomy":"post_tag","embeddable":true,"href":"http:\/\/cordobainforma.info\/index.php\/wp-json\/wp\/v2\/tags?post=197614"}],"curies":[{"name":"wp","href":"https:\/\/api.w.org\/{rel}","templated":true}]}}