{"id":197612,"date":"2026-08-31T12:14:09","date_gmt":"2026-08-31T12:14:09","guid":{"rendered":"https:\/\/somoscordobeses.com\/2026\/08\/31\/nahuel-pennisi-concierto-sinfonico-teatro-del-libertador-cordoba\/"},"modified":"2026-08-31T12:14:09","modified_gmt":"2026-08-31T12:14:09","slug":"nahuel-pennisi-ofrecera-un-concierto-sinfonico-en-el-teatro-del-libertador-de-cordoba","status":"publish","type":"post","link":"http:\/\/cordobainforma.info\/index.php\/2026\/08\/31\/nahuel-pennisi-ofrecera-un-concierto-sinfonico-en-el-teatro-del-libertador-de-cordoba\/","title":{"rendered":"Nahuel Pennisi ofrecer\u00e1 un concierto sinf\u00f3nico en el Teatro del Libertador de C\u00f3rdoba"},"content":{"rendered":"<div><img src=\"http:\/\/cordobainforma.info\/wp-content\/uploads\/2026\/08\/nahuel-pennisi-ofrecera-un-concierto-sinfonico-en-el-teatro-del-libertador-de-cordoba.jpg\" class=\"ff-og-image-inserted\"><\/div>\n<div class=\"tdb-block-inner td-fix-index\" readability=\"30\">\n<p><strong>El m\u00fasico Nahuel Pennisi se presentar\u00e1 el viernes 17 de octubre a las 20 en el Teatro del Libertador de C\u00f3rdoba, acompa\u00f1ado por la Orquesta de Cuerdas Municipal y m\u00fasicos de la Banda Sinf\u00f3nica Municipal, bajo la direcci\u00f3n de Santiago Ruiz.<\/strong><\/p>\n<p>El m\u00fasico y cantante Nahuel Pennisi se presentar\u00e1 el viernes 17 de octubre a las 20 en el Teatro del Libertador de C\u00f3rdoba, en el marco del espect\u00e1culo \u201cNahuel Pennisi Sinf\u00f3nico\u201d. La propuesta incluye la participaci\u00f3n de la Orquesta de Cuerdas Municipal y de integrantes de la Banda Sinf\u00f3nica Municipal, bajo la direcci\u00f3n del maestro Santiago Ruiz.<\/p>\n<p>Durante el concierto, Pennisi interpretar\u00e1 parte de su repertorio con arreglos sinf\u00f3nicos, lo que implica un cambio en la sonoridad respecto a sus presentaciones habituales. El encuentro entre la m\u00fasica popular y la formaci\u00f3n orquestal se presenta como una propuesta que combina ambos g\u00e9neros.<\/p>\n<p>La Orquesta de Cuerdas Municipal y la Banda Sinf\u00f3nica Municipal son formaciones dependientes de la Municipalidad de C\u00f3rdoba. La direcci\u00f3n estar\u00e1 a cargo de Santiago Ruiz.<\/p>\n<p>Las entradas se encuentran disponibles a trav\u00e9s del sistema Autoentrada. Tambi\u00e9n se ofrece financiaci\u00f3n con la tarjeta Cordobesa en 3 y 6 cuotas sin inter\u00e9s.<\/p>\n<\/div>\n","protected":false},"excerpt":{"rendered":"<p>El m\u00fasico Nahuel Pennisi se presentar\u00e1 el viernes 17 de octubre a las 20 en el Teatro del Libertador de C\u00f3rdoba, acompa\u00f1ado por la Orquesta de Cuerdas Municipal y m\u00fasicos de la Banda Sinf\u00f3nica Municipal, bajo la direcci\u00f3n de Santiago Ruiz. El m\u00fasico y cantante Nahuel Pennisi se presentar\u00e1 el viernes 17 de octubre a [&hellip;]<\/p>\n","protected":false},"author":1,"featured_media":197613,"comment_status":"closed","ping_status":"closed","sticky":false,"template":"","format":"standard","meta":[],"categories":[2],"tags":[],"_links":{"self":[{"href":"http:\/\/cordobainforma.info\/index.php\/wp-json\/wp\/v2\/posts\/197612"}],"collection":[{"href":"http:\/\/cordobainforma.info\/index.php\/wp-json\/wp\/v2\/posts"}],"about":[{"href":"http:\/\/cordobainforma.info\/index.php\/wp-json\/wp\/v2\/types\/post"}],"author":[{"embeddable":true,"href":"http:\/\/cordobainforma.info\/index.php\/wp-json\/wp\/v2\/users\/1"}],"replies":[{"embeddable":true,"href":"http:\/\/cordobainforma.info\/index.php\/wp-json\/wp\/v2\/comments?post=197612"}],"version-history":[{"count":0,"href":"http:\/\/cordobainforma.info\/index.php\/wp-json\/wp\/v2\/posts\/197612\/revisions"}],"wp:featuredmedia":[{"embeddable":true,"href":"http:\/\/cordobainforma.info\/index.php\/wp-json\/wp\/v2\/media\/197613"}],"wp:attachment":[{"href":"http:\/\/cordobainforma.info\/index.php\/wp-json\/wp\/v2\/media?parent=197612"}],"wp:term":[{"taxonomy":"category","embeddable":true,"href":"http:\/\/cordobainforma.info\/index.php\/wp-json\/wp\/v2\/categories?post=197612"},{"taxonomy":"post_tag","embeddable":true,"href":"http:\/\/cordobainforma.info\/index.php\/wp-json\/wp\/v2\/tags?post=197612"}],"curies":[{"name":"wp","href":"https:\/\/api.w.org\/{rel}","templated":true}]}}