{"id":19629,"date":"2021-08-25T11:23:00","date_gmt":"2021-08-25T11:23:00","guid":{"rendered":"https:\/\/somoscordobeses.com\/2021\/08\/25\/en-fotos-warnes-el-paraiso-de-los-amantes-de-los-fierros\/"},"modified":"2021-08-25T11:23:00","modified_gmt":"2021-08-25T11:23:00","slug":"en-fotos-warnes-el-paraiso-de-los-amantes-de-los-fierros","status":"publish","type":"post","link":"http:\/\/cordobainforma.info\/index.php\/2021\/08\/25\/en-fotos-warnes-el-paraiso-de-los-amantes-de-los-fierros\/","title":{"rendered":"En fotos. Warnes, el para\u00edso de los amantes de los fierros"},"content":{"rendered":"<div>\n<div>\n<div>\n<p><span><time datetime=\"25 de agosto de 2021\">25 de agosto de 2021<\/time><\/span><\/p>\n<p>Atravesando la triple frontera que conforman los barrios de Chacarita, La Paternal y Villa Crespo, la avenida Warnes constituye un universo de c\u00f3digos y est\u00e9tica propia, un verdadero para\u00edso para los fan\u00e1ticos del automovilismo y los veh\u00edculos tuneados.<\/p>\n<div>\n<section role=\"button\">\n<figure role=\"button\"><picture><source media=\"(min-width: 1280px)\"><source media=\"(min-width: 1024px)\"><source media=\"(min-width: 768px)\"><source media=\"(min-width: 360px)\"><source media=\"(min-width: 320px)\"><\/picture><figcaption><span>Esteban (91) e hijo (54). Ocupaci\u00f3n: Taller de chapa y pintura. \u00bfQu\u00e9 es lo que m\u00e1s te gusta del oficio? \u201cEl trabajo creativo que tiene la chapa, que siempre es distinto, porque ten\u00e9s que trabajarla manualmente\u201d. <\/span><span>Jose Nicolini \u2013 Brando<\/span><\/figcaption><\/figure>\n<\/section>\n<\/div>\n<div>\n<section role=\"button\">\n<figure role=\"button\"><picture><source media=\"(min-width: 1280px)\"><source media=\"(min-width: 1024px)\"><source media=\"(min-width: 768px)\"><source media=\"(min-width: 360px)\"><source media=\"(min-width: 320px)\"><\/picture><figcaption><span>Mart\u00edn (54). Ocupaci\u00f3n: Venta de accesorios para veh\u00edculos de colecci\u00f3n. \u00bfQu\u00e9 es lo que m\u00e1s te gusta del oficio? \u201cMe gusta unir piezas que por separado no sirven para nada y encontrarles una funci\u00f3n\u201d. <\/span><span>Jose Nicolini \u2013 Brando<\/span><\/figcaption><\/figure>\n<\/section>\n<\/div>\n<div>\n<section role=\"button\">\n<figure role=\"button\"><picture><source media=\"(min-width: 1280px)\"><source media=\"(min-width: 1024px)\"><source media=\"(min-width: 768px)\"><source media=\"(min-width: 360px)\"><source media=\"(min-width: 320px)\"><\/picture><figcaption><span>Daniel (50). Ocupaci\u00f3n: Reparaci\u00f3n y venta de cajas y diferenciales. \u00bfQu\u00e9 es lo que m\u00e1s te gusta del oficio? \u201cMe gustan los fierros y los engranajes, engrasarme las manos\u201d.<\/span><span>Jose Nicolini \u2013 Brando<\/span><\/figcaption><\/figure>\n<\/section>\n<\/div>\n<div>\n<section role=\"button\">\n<figure role=\"button\"><picture><source media=\"(min-width: 1280px)\"><source media=\"(min-width: 1024px)\"><source media=\"(min-width: 768px)\"><source media=\"(min-width: 360px)\"><source media=\"(min-width: 320px)\"><\/picture><figcaption><span>Nicol\u00e1s (41). Ocupaci\u00f3n: Ploteos de veh\u00edculos. \u00bfQu\u00e9 es lo que m\u00e1s te gusta del oficio? \u201cEs entretenido y muy creativo en cuanto a los dise\u00f1os que te piden\u201d. <\/span><span>Jose Nicolini \u2013 Brando<\/span><\/figcaption><\/figure>\n<\/section>\n<\/div>\n<div>\n<section role=\"button\">\n<figure role=\"button\"><picture><source media=\"(min-width: 1280px)\"><source media=\"(min-width: 1024px)\"><source media=\"(min-width: 768px)\"><source media=\"(min-width: 360px)\"><source media=\"(min-width: 320px)\"><\/picture><figcaption><span>Jon\u00e1s (28). Ocupaci\u00f3n: Taller de mec\u00e1nica general. \u00bfQu\u00e9 es lo que m\u00e1s te gusta del oficio? \u201cMe gusta aprender cosas nuevas, todos los d\u00edas se aprende algo. Y me encanta la torner\u00eda en particular\u201d.<\/span><span>Jose Nicolini \u2013 Brando<\/span><\/figcaption><\/figure>\n<\/section>\n<\/div>\n<div>\n<section role=\"button\">\n<figure role=\"button\"><picture><source media=\"(min-width: 1280px)\"><source media=\"(min-width: 1024px)\"><source media=\"(min-width: 768px)\"><source media=\"(min-width: 360px)\"><source media=\"(min-width: 320px)\"><\/picture><figcaption><span>Lucas (29). Ocupaci\u00f3n: Taller de mec\u00e1nica, chapa y pintura. \u00bfQu\u00e9 es lo que m\u00e1s te gusta del oficio? \u201cMe encanta restaurar autos, en particular los Fiat Uno. Desarmar y volver a armar\u201d.<\/span><span>Jose Nicolini \u2013 Brando<\/span><\/figcaption><\/figure>\n<\/section>\n<\/div>\n<div>\n<section role=\"button\">\n<figure role=\"button\"><picture><source media=\"(min-width: 1280px)\"><source media=\"(min-width: 1024px)\"><source media=\"(min-width: 768px)\"><source media=\"(min-width: 360px)\"><source media=\"(min-width: 320px)\"><\/picture><figcaption><span>Julio. Ocupaci\u00f3n: Restauraci\u00f3n de guardabarros y \u00f3pticas. \u00bfQu\u00e9 es lo que m\u00e1s te gusta del oficio? \u201cMe gusta inventar cosas y ver c\u00f3mo podemos solucionar los problemas del auto. Ac\u00e1 se aprende haciendo\u201d.<\/span><span>Jose Nicolini \u2013 Brando<\/span><\/figcaption><\/figure>\n<\/section>\n<\/div>\n<div>\n<section role=\"button\">\n<figure role=\"button\"><picture><source media=\"(min-width: 1280px)\"><source media=\"(min-width: 1024px)\"><source media=\"(min-width: 768px)\"><source media=\"(min-width: 360px)\"><source media=\"(min-width: 320px)\"><\/picture><figcaption><span>Facundo (30). Ocupaci\u00f3n: Venta de repuestos y desarme de motores. \u00bfQu\u00e9 es lo que m\u00e1s te gusta del oficio? \u201cEl trato con el p\u00fablico y ver c\u00f3mo va cambiando la tecnolog\u00eda de los motores\u201d.<\/span><span>Jose Nicolini \u2013 Brando<\/span><\/figcaption><\/figure>\n<\/section>\n<\/div>\n<div>\n<section role=\"button\">\n<figure role=\"button\"><picture><source media=\"(min-width: 1280px)\"><source media=\"(min-width: 1024px)\"><source media=\"(min-width: 768px)\"><source media=\"(min-width: 360px)\"><source media=\"(min-width: 320px)\"><\/picture><figcaption><span>Pedro (47). Ocupaci\u00f3n: Venta de motores. \u00bfQu\u00e9 es lo que m\u00e1s te gusta del oficio? \u201cMe gusta solucionarles los problemas a las personas con repuestos que provienen de los desarmaderos legales, que son m\u00e1s baratos que comprar nuevos\u201d. <\/span><span>Jose Nicolini \u2013 Brando<\/span><\/figcaption><\/figure>\n<\/section>\n<\/div>\n<div>\n<section role=\"button\">\n<figure role=\"button\"><picture><source media=\"(min-width: 1280px)\"><source media=\"(min-width: 1024px)\"><source media=\"(min-width: 768px)\"><source media=\"(min-width: 360px)\"><source media=\"(min-width: 320px)\"><\/picture><figcaption><span>Marcelo (55). Ocupaci\u00f3n: Venta de repuestos de motos. \u00bfQu\u00e9 es lo que m\u00e1s te gusta del oficio? \u201cMe gusta compartir y explicar la diversidad de repuestos que se consiguen en otros lados\u201d.<\/span><span>Jose Nicolini \u2013 Brando<\/span><\/figcaption><\/figure>\n<\/section>\n<\/div>\n<div>\n<section role=\"button\">\n<figure role=\"button\"><picture><source media=\"(min-width: 1280px)\"><source media=\"(min-width: 1024px)\"><source media=\"(min-width: 768px)\"><source media=\"(min-width: 360px)\"><source media=\"(min-width: 320px)\"><\/picture><figcaption><span>Jose Nicolini \u2013 Brando<\/span><\/figcaption><\/figure>\n<\/section>\n<\/div>\n<p><span>LA NACION<\/span><\/p>\n<section><a href=\"https:\/\/www.lanacion.com.ar\/tema\/the-trust-project-tid68036\/\" title=\"Ir a Proyecto Trust\">Conoc\u00e9 The Trust Project<\/a><\/section>\n<\/div>\n<\/div>\n<\/div>\n<nav class=\"navigation post-navigation\" role=\"navigation\" aria-label=\"Continue Reading\">\n<h2 class=\"screen-reader-text\">Continue Reading<\/h2>\n<\/nav>\n","protected":false},"excerpt":{"rendered":"<p>25 de agosto de 2021 Atravesando la triple frontera que conforman los barrios de Chacarita, La Paternal y Villa Crespo, la avenida Warnes constituye un universo de c\u00f3digos y est\u00e9tica propia, un verdadero para\u00edso para los fan\u00e1ticos del automovilismo y los veh\u00edculos tuneados. Esteban (91) e hijo (54). Ocupaci\u00f3n: Taller de chapa y pintura. \u00bfQu\u00e9 [&hellip;]<\/p>\n","protected":false},"author":1,"featured_media":19630,"comment_status":"closed","ping_status":"closed","sticky":false,"template":"","format":"standard","meta":[],"categories":[2],"tags":[],"_links":{"self":[{"href":"http:\/\/cordobainforma.info\/index.php\/wp-json\/wp\/v2\/posts\/19629"}],"collection":[{"href":"http:\/\/cordobainforma.info\/index.php\/wp-json\/wp\/v2\/posts"}],"about":[{"href":"http:\/\/cordobainforma.info\/index.php\/wp-json\/wp\/v2\/types\/post"}],"author":[{"embeddable":true,"href":"http:\/\/cordobainforma.info\/index.php\/wp-json\/wp\/v2\/users\/1"}],"replies":[{"embeddable":true,"href":"http:\/\/cordobainforma.info\/index.php\/wp-json\/wp\/v2\/comments?post=19629"}],"version-history":[{"count":0,"href":"http:\/\/cordobainforma.info\/index.php\/wp-json\/wp\/v2\/posts\/19629\/revisions"}],"wp:featuredmedia":[{"embeddable":true,"href":"http:\/\/cordobainforma.info\/index.php\/wp-json\/wp\/v2\/media\/19630"}],"wp:attachment":[{"href":"http:\/\/cordobainforma.info\/index.php\/wp-json\/wp\/v2\/media?parent=19629"}],"wp:term":[{"taxonomy":"category","embeddable":true,"href":"http:\/\/cordobainforma.info\/index.php\/wp-json\/wp\/v2\/categories?post=19629"},{"taxonomy":"post_tag","embeddable":true,"href":"http:\/\/cordobainforma.info\/index.php\/wp-json\/wp\/v2\/tags?post=19629"}],"curies":[{"name":"wp","href":"https:\/\/api.w.org\/{rel}","templated":true}]}}