{"id":19618,"date":"2021-08-25T02:26:52","date_gmt":"2021-08-25T02:26:52","guid":{"rendered":"http:\/\/cordobainforma.info\/index.php\/2021\/08\/25\/el-luchador-cm-punk-vuelve-al-ring-7-anos-despues-de-su-escandalosa-salida-de-la-wwe-por-que-todo-el-mundo-no-deja-de-hablar-de-su-regreso\/"},"modified":"2021-08-25T02:26:52","modified_gmt":"2021-08-25T02:26:52","slug":"el-luchador-cm-punk-vuelve-al-ring-7-anos-despues-de-su-escandalosa-salida-de-la-wwe-por-que-todo-el-mundo-no-deja-de-hablar-de-su-regreso","status":"publish","type":"post","link":"http:\/\/cordobainforma.info\/index.php\/2021\/08\/25\/el-luchador-cm-punk-vuelve-al-ring-7-anos-despues-de-su-escandalosa-salida-de-la-wwe-por-que-todo-el-mundo-no-deja-de-hablar-de-su-regreso\/","title":{"rendered":"El luchador CM Punk vuelve al ring 7 a\u00f1os despu\u00e9s de su escandalosa salida de la WWE: \u00bfpor qu\u00e9 todo el mundo no deja de hablar de su regreso?"},"content":{"rendered":"<p><img src=\"http:\/\/cordobainforma.info\/wp-content\/uploads\/2021\/08\/el-luchador-cm-punk-vuelve-al-ring-7-anos-despues-de-su-escandalosa-salida-de-la-wwe-por-que-todo-el-mundo-no-deja-de-hablar-de-su-regreso.jpg\"><\/p>\n<p>El luchador estadounidense CM Punk ha vuelto al ring, siete a\u00f1os despu\u00e9s de su escandalosa salida de la WWE.&nbsp;El pasado viernes&nbsp;<strong>hizo su debut para&nbsp;All Elite Wrestling<\/strong>&nbsp;(AEW) en el evento&nbsp;The First Dance, del programa &#8216;Rampage&#8217;.<\/p>\n<p>En&nbsp;su discurso&nbsp;CM Punk, segundo campe\u00f3n de la WWE con m\u00e1s largo reinado en la era actual, record\u00f3&nbsp;su salida de la empresa Ring of Honor en el 2005 \u2013antes de empezar su carrera en la WWE\u2013, hecho que describi\u00f3 como <strong>el d\u00eda en que dej\u00f3 la lucha libre profesional<\/strong>, y confirm\u00f3 ahora oficialmente su regreso. Adem\u00e1s, invit\u00f3 a otro grande del ring, Darby Allin, que estaba mirando junto a Sting desde las gradas, para un combate del evento All Out, que se celebrar\u00e1 el pr\u00f3ximo 5 de septiembre en Illinois (EE.UU.).<\/p>\n<p>Durante una conferencia de prensa posterior al programa, el luchador, de 42 a\u00f1os,&nbsp;dijo que le \u00abemociona&nbsp;la perspectiva\u00bb de trabajar con estrellas como Brian Pillman Jr., Powerhouse Hobbs, Ricky Starks, Jungle Boy, Darby Allin&nbsp;y Jon Moxley, seg\u00fan&nbsp;<a href=\"https:\/\/www.si.com\/wrestling\/2021\/08\/21\/cm-punk-debuts-with-aew\" target=\"_blank\" rel=\"noopener noreferrer\">recoge<\/a> Sports Illustrated. \u00abLiteralmente, es todo el mundo. Nunca he hecho nada con The Young Bucks. Nunca me he subido al ring con Kenny Omega\u00bb, agreg\u00f3.<\/p>\n<p>\u00ab<strong>Estoy emocionado de estar aqu\u00ed<\/strong>\u00ab, subray\u00f3&nbsp;Punk al explicar que regres\u00f3 a&nbsp;la lucha libre&nbsp;\u00abpor los fans\u00bb y \u00abpor m\u00ed mismo\u00bb. \u00abNo soy un mentiroso, no voy a mentir: si me dicen que esto va a ser divertido otra vez, y que puedo salir ah\u00ed afuera y divertirme como nunca, eso es el jugo para m\u00ed\u00bb, a\u00f1adi\u00f3.<\/p>\n<p>Para evidenciar su gratitud al p\u00fablico,&nbsp;el luchador <a href=\"https:\/\/twitter.com\/abekanan\/status\/1428918253238296576?ref_src=twsrc%5Etfw%7Ctwcamp%5Etweetembed%7Ctwterm%5E1428918253238296576%7Ctwgr%5E%7Ctwcon%5Es1_&amp;ref_url=https%3A%2F%2Fwww.si.com%2Fwrestling%2F2021%2F08%2F21%2Fcm-punk-debuts-with-aew\" target=\"_blank\" rel=\"noopener noreferrer\">ofreci\u00f3<\/a>&nbsp;a los espectadores helados gratuitos cuando ya abandonaban el local, tras el programa. \u00abEstas barras de helado, para m\u00ed, representan una idea, una idea envuelta como regalo para personas que no se molestaron en tomarse el tiempo para tratar de entender a su p\u00fablico\u00bb, dijo.&nbsp;<\/p>\n<h3>\u00abEs genial que todo el mundo se alegre de verte\u00bb<\/h3>\n<p>La exestrella de la WWE <a href=\"https:\/\/podcasts.apple.com\/us\/podcast\/8-23-9-am-c-m-punk\/id1482802816?i=1000532823084\" target=\"_blank\" rel=\"noopener noreferrer\">subray\u00f3<\/a> este lunes, en un episodio del programa &#8216;Kap &amp; J. Hood&#8217;&nbsp;de ESPN 1000 Chicago, que&nbsp;su&nbsp;debut en la AEW fue \u00abla noche perfecta y el momento perfecto por muchas razones\u00bb. \u00abP\u00fablicamente, <strong>creo que es un \u00e9xito rotundo<\/strong>\u00ab, apunt\u00f3.<\/p>\n<p>Al hablar acerca de la plantilla de la AEW, CM Punk destac\u00f3 que es \u00abmuy joven\u00bb.&nbsp;\u00abLa exuberancia juvenil me recuerda otro amor de mi vida, que es el punk rock. Me recuerda a todos los chavales que sol\u00edan ir a espect\u00e1culos de punk rock\u00bb, detall\u00f3. \u00abEs genial que todo el mundo sea amable, es genial que todo el mundo se alegre de verte. Entiendo que quiz\u00e1 algo de eso sea una fase de luna de miel, pero me siento realmente optimista de que resulte algo m\u00e1s. Son j\u00f3venes y tienen hambre, y <strong>lo que les falta de experiencia lo compensan con esfuerzo<\/strong>. Eso es tremendo\u00bb, explic\u00f3.<\/p>\n<p>Adem\u00e1s, el luchador revel\u00f3 c\u00f3mo se est\u00e1 preparando para&nbsp;su primer&nbsp;combate&nbsp;contra Allin. \u00abCreo que esto es un mont\u00f3n de &#8216;\u00bfpuede Punk todav\u00eda seguir? \u00bfPuede Punk todav\u00eda luchar en el ring? \u00bfPuede ser entretenido?&#8217;. Afortunadamente para m\u00ed, nunca fui un tipo que hiciera un mont\u00f3n de volteretas locas y cosas as\u00ed. As\u00ed que no tengo que volver a intentar hacer esas incre\u00edbles haza\u00f1as atl\u00e9ticas. <strong>Mi objetivo es contar una historia<\/strong>\u00ab, dijo.&nbsp;<\/p>\n<p>Agreg\u00f3 que la forma en que&nbsp;se prepara para eso es \u00ab<strong>ver un mont\u00f3n de combates de Darby Allin<\/strong>\u00ab. \u00abNo es diferente de un equipo deportivo que ve la cinta del equipo con el que juega\u00bb, dijo.&nbsp;\u00abLo observo, veo lo que puede hacer, y luego me pongo a pensar en ello. Y as\u00ed es como me preparo\u00bb, precis\u00f3.<\/p>\n<h3>\u00abSin la AEW no habr\u00edamos vuelto a ver a CM Punk en la lucha libre\u00bb<\/h3>\n<p>El regreso de&nbsp;Punk al ring hab\u00eda sido muy esperado por sus m\u00faltiples fan\u00e1ticos, para quienes esto ha sido \u00abuno de los mejores momentos en la historia de la lucha libre\u00bb. Los videos <a href=\"https:\/\/www.youtube.com\/c\/AEW\/search\" target=\"_blank\" rel=\"noopener noreferrer\">publicados<\/a> por la AEW en su canal de YouTube,&nbsp;con la primera aparici\u00f3n del luchador en el programa de la empresa, ya han logrado un total de&nbsp;<strong>m\u00e1s de 10 millones de visualizaciones<\/strong>.<\/p>\n<p>\u00abEl mejor del mundo y ha vuelto\u00bb,&nbsp;coment\u00f3 uno de los usuarios de la plataforma. \u00abSin la AEW, probablemente no habr\u00edamos vuelto a ver a CM Punk en la lucha libre. \u00a1Estoy tan feliz de que la AEW est\u00e9 presente! Qu\u00e9 momento tan incre\u00edble para la lucha libre profesional. De esto&nbsp;<strong>hablaremos durante d\u00e9cadas<\/strong>\u00ab, agreg\u00f3 otro.<\/p>\n<p>Adem\u00e1s, su retorno caus\u00f3&nbsp;un gran revuelo no solo en las redes sociales y los medios especializados en la lucha libre, sino incluso en los de informaci\u00f3n general, como <a href=\"https:\/\/www.forbes.com\/sites\/alfredkonuwa\/2021\/08\/20\/cm-punk-returns-at-aew-rampage-a-timeline\/?sh=634ca8364f6d\" target=\"_blank\" rel=\"noopener noreferrer\">Forbes<\/a>, <a href=\"https:\/\/www.cbssports.com\/wwe\/news\/aew-rampage-results-as-cm-punk-returns-to-wrestling-after-seven-years-recap-highlights\/live\/\" target=\"_blank\" rel=\"noopener noreferrer\">CBS<\/a>&nbsp;o <a href=\"https:\/\/nypost.com\/2021\/08\/20\/cm-punk-returns-to-pro-wrestling-at-aew-rampage\/\" target=\"_blank\" rel=\"noopener noreferrer\">New York Post<\/a>, entre otros.<\/p>\n<h3>La escandalosa salida de la WWE<\/h3>\n<p>Punk sali\u00f3 de la WWE en el 2014.&nbsp;El hecho result\u00f3&nbsp;especialmente irritante porque <strong>fue despedido el d\u00eda de su boda<\/strong>. El director&nbsp;ejecutivo de la compa\u00f1\u00eda, Vince McMahon, se disculp\u00f3&nbsp;posteriormente&nbsp;por el mal momento, pero el da\u00f1o entre las dos partes parec\u00eda irrevocable.<\/p>\n<p>Su relaci\u00f3n con la&nbsp;empresa se descarril\u00f3 a\u00fan m\u00e1s despu\u00e9s de un juicio, en 2018, en el que un jurado fall\u00f3 a favor del luchador en una demanda por difamaci\u00f3n, presentada por el m\u00e9dico de la WWE Chris Amann.&nbsp;La demanda se centr\u00f3 en <strong>las cr\u00edticas de Punk a la atenci\u00f3n m\u00e9dica que recibi\u00f3&nbsp;<\/strong>durante su carrera en esa empresa, tema del que <a href=\"https:\/\/www.cagesideseats.com\/wwe\/2014\/11\/28\/7301549\/cm-punk-tell-all-interview-with-colt-cabana-transcribed\" target=\"_blank\" rel=\"noopener noreferrer\">habl\u00f3<\/a> en 2014 en un episodio del podcast &#8216;Art of Wrestling&#8217; con Colt Cabana, quien actualmente trabaja tambi\u00e9n para la AEW. Afirm\u00f3 entonces que&nbsp;se vio&nbsp;obligado a trabajar incluso cuando sufr\u00eda alguna lesi\u00f3n o se recuperaba de una cirug\u00eda.<\/p>\n<div class=\"ReadMore-root Section-root Section-is1to3-xs_is1to1\" data-widgets=\"ReadMore\">\n<div class=\"Section-container Section-isRow-isTop-isWrap\">\n<article class=\"Card-root Card-is1to1 \">\n<div class=\"Card-imageWrap\">\n<div class=\"Card-picture\"> <picture class=\"Picture-root Picture-default\"><!--[if IE 9]><video style=\"display: none;\"><![endif]--><source media=\"(-webkit-min-device-pixel-ratio: 2) and (min-resolution: 120dpi)\" srcset=\"http:\/\/cordobainforma.info\/wp-content\/uploads\/2021\/08\/el-luchador-cm-punk-vuelve-al-ring-7-anos-despues-de-su-escandalosa-salida-de-la-wwe-por-que-todo-el-mundo-no-deja-de-hablar-de-su-regreso-2.jpg 850w, http:\/\/cordobainforma.info\/wp-content\/uploads\/2021\/08\/el-luchador-cm-punk-vuelve-al-ring-7-anos-despues-de-su-escandalosa-salida-de-la-wwe-por-que-todo-el-mundo-no-deja-de-hablar-de-su-regreso-3.jpg 1960w\"><source srcset=\"http:\/\/cordobainforma.info\/wp-content\/uploads\/2021\/08\/el-luchador-cm-punk-vuelve-al-ring-7-anos-despues-de-su-escandalosa-salida-de-la-wwe-por-que-todo-el-mundo-no-deja-de-hablar-de-su-regreso-2.jpg 460w, http:\/\/cordobainforma.info\/wp-content\/uploads\/2021\/08\/el-luchador-cm-punk-vuelve-al-ring-7-anos-despues-de-su-escandalosa-salida-de-la-wwe-por-que-todo-el-mundo-no-deja-de-hablar-de-su-regreso-3.jpg 980w\"><!--[if IE 9]><\/video><![endif]--><img data-sizes=\"auto\" src=\"http:\/\/cordobainforma.info\/wp-content\/uploads\/2021\/08\/el-luchador-cm-punk-vuelve-al-ring-7-anos-despues-de-su-escandalosa-salida-de-la-wwe-por-que-todo-el-mundo-no-deja-de-hablar-de-su-regreso-2.jpg\" class=\"Picture-root Picture-default lazyload\" alt=\"\u00bfRevoluci\u00f3n en la lucha libre? Por primera vez en d\u00e9cadas, la WWE es destronada y troleada por otra empresa: se llama AEW y as\u00ed lo ha logrado\"><\/picture><!-- noscript pattern --><noscript><img src=\"http:\/\/cordobainforma.info\/wp-content\/uploads\/2021\/08\/el-luchador-cm-punk-vuelve-al-ring-7-anos-despues-de-su-escandalosa-salida-de-la-wwe-por-que-todo-el-mundo-no-deja-de-hablar-de-su-regreso-3.jpg\" alt=\"\u00bfRevoluci\u00f3n en la lucha libre? Por primera vez en d\u00e9cadas, la WWE es destronada y troleada por otra empresa: se llama AEW y as\u00ed lo ha logrado\"><\/noscript> <\/div><\/div>\n<\/article><\/div><\/div>\n<p>En aquella entrevista, el luchador declar\u00f3 que <strong>estaba&nbsp;insatisfecho con la direcci\u00f3n de la WWE<\/strong> y particularmente molesto por no estar involucrado en el evento principal de WrestleMania en el 2013, a pesar de&nbsp;haber&nbsp;ostentado el t\u00edtulo de campe\u00f3n de la WWE por 434 d\u00edas, desde el&nbsp;20 de noviembre de 2011&nbsp;al&nbsp;27 de enero de 2013.<\/p>\n<p>\u00ab<strong>Estaba descontento con mis historias<\/strong>, estaba golpeado, estaba enojado porque no era el evento principal de WrestleMania. Estaba enojado porque estaba luchando contra Triple H&#8230; Hay un elemento de verdad en todas esas cosas, pero no puedo decir que hubo una gran cosa que me llevara a mi decisi\u00f3n [de retirarme] y, en realidad, la gran cosa que me llev\u00f3 a eso fue mi salud\u00bb, dijo.<\/p>\n<p>Durante el tiempo en que estuvo alejado de la lucha libre profesional, Punk compiti\u00f3 en artes marciales mixtas y&nbsp;<strong>luch\u00f3 para la UFC<\/strong> en dos ocasiones. Tambi\u00e9n se dedic\u00f3 a escribir y a actuar,&nbsp;mientras sus fan\u00e1ticos&nbsp;exig\u00edan su regreso.&nbsp;Volvi\u00f3 brevemente a la programaci\u00f3n de la WWE en noviembre del 2019 como parte del programa WWE Backstage, contratado a trav\u00e9s del canal FOX y no de la WWE.&nbsp;<\/p>\n<p><strong><em>Si te ha gustado, \u00a1comp\u00e1rtelo con tus amigos!<\/em><\/strong><\/p>\n","protected":false},"excerpt":{"rendered":"<p>El luchador estadounidense CM Punk ha vuelto al ring, siete a\u00f1os despu\u00e9s de su escandalosa salida de la WWE.&nbsp;El pasado viernes&nbsp;hizo su debut para&nbsp;All Elite Wrestling&nbsp;(AEW) en el evento&nbsp;The First Dance, del programa &#8216;Rampage&#8217;. En&nbsp;su discurso&nbsp;CM Punk, segundo campe\u00f3n de la WWE con m\u00e1s largo reinado en la era actual, record\u00f3&nbsp;su salida de la empresa [&hellip;]<\/p>\n","protected":false},"author":1,"featured_media":19619,"comment_status":"closed","ping_status":"closed","sticky":false,"template":"","format":"standard","meta":[],"categories":[22],"tags":[],"_links":{"self":[{"href":"http:\/\/cordobainforma.info\/index.php\/wp-json\/wp\/v2\/posts\/19618"}],"collection":[{"href":"http:\/\/cordobainforma.info\/index.php\/wp-json\/wp\/v2\/posts"}],"about":[{"href":"http:\/\/cordobainforma.info\/index.php\/wp-json\/wp\/v2\/types\/post"}],"author":[{"embeddable":true,"href":"http:\/\/cordobainforma.info\/index.php\/wp-json\/wp\/v2\/users\/1"}],"replies":[{"embeddable":true,"href":"http:\/\/cordobainforma.info\/index.php\/wp-json\/wp\/v2\/comments?post=19618"}],"version-history":[{"count":0,"href":"http:\/\/cordobainforma.info\/index.php\/wp-json\/wp\/v2\/posts\/19618\/revisions"}],"wp:featuredmedia":[{"embeddable":true,"href":"http:\/\/cordobainforma.info\/index.php\/wp-json\/wp\/v2\/media\/19619"}],"wp:attachment":[{"href":"http:\/\/cordobainforma.info\/index.php\/wp-json\/wp\/v2\/media?parent=19618"}],"wp:term":[{"taxonomy":"category","embeddable":true,"href":"http:\/\/cordobainforma.info\/index.php\/wp-json\/wp\/v2\/categories?post=19618"},{"taxonomy":"post_tag","embeddable":true,"href":"http:\/\/cordobainforma.info\/index.php\/wp-json\/wp\/v2\/tags?post=19618"}],"curies":[{"name":"wp","href":"https:\/\/api.w.org\/{rel}","templated":true}]}}