{"id":19616,"date":"2021-08-25T02:56:49","date_gmt":"2021-08-25T02:56:49","guid":{"rendered":"http:\/\/cordobainforma.info\/index.php\/2021\/08\/25\/la-corte-suprema-de-ee-uu-falla-que-biden-debe-restablecer-el-programa-de-proteccion-a-migrantes-quedate-en-mexico-introducido-por-trump\/"},"modified":"2021-08-25T02:56:49","modified_gmt":"2021-08-25T02:56:49","slug":"la-corte-suprema-de-ee-uu-falla-que-biden-debe-restablecer-el-programa-de-proteccion-a-migrantes-quedate-en-mexico-introducido-por-trump","status":"publish","type":"post","link":"http:\/\/cordobainforma.info\/index.php\/2021\/08\/25\/la-corte-suprema-de-ee-uu-falla-que-biden-debe-restablecer-el-programa-de-proteccion-a-migrantes-quedate-en-mexico-introducido-por-trump\/","title":{"rendered":"La Corte Suprema de EE.UU. falla que Biden debe restablecer el programa de protecci\u00f3n a migrantes &#8216;Qu\u00e9date en M\u00e9xico&#8217;, introducido por Trump"},"content":{"rendered":"<p><img src=\"http:\/\/cordobainforma.info\/wp-content\/uploads\/2021\/08\/la-corte-suprema-de-ee-uu-falla-que-biden-debe-restablecer-el-programa-de-proteccion-a-migrantes-quedate-en-mexico-introducido-por-trump.jpg\"><\/p>\n<div readability=\"32\">\n<p><span>Publicado:<\/span><time class=\"Timestamp-root Timestamp-isBlackColor \" datetime=\"2021-08-25T02:56:49+00:00\"> 25 ago 2021 02:56 GMT <\/time><\/p>\n<\/div>\n<div readability=\"34\">\n<p> Bajo esta pol\u00edtica, el Gobierno estadounidense deport\u00f3 a M\u00e9xico a unos 68.000 centroamericanos que solicitaron asilo. <\/p>\n<\/div>\n<div readability=\"58.029490616622\">\n<p>La Corte Suprema de EE.UU. fall\u00f3 este martes que el gobierno de Joe Biden debe restablecer&nbsp;el programa de Protocolos de Protecci\u00f3n a Migrantes (MPP, por sus siglas en ingl\u00e9s), mediante el cual,&nbsp;miles de&nbsp;centroamericanos que solicitaron asilo en&nbsp;esa naci\u00f3n fueron deportados a M\u00e9xico.&nbsp;<\/p>\n<p>Por mayor\u00eda, la Corte Suprema deneg\u00f3 el recurso interpuesto por la administraci\u00f3n Biden para intentar desechar la orden al Ejecutivo&nbsp;de reinstalar el programa, conocido tambi\u00e9n como &#8216;Qu\u00e9date en M\u00e9xico&#8217;.&nbsp;<\/p>\n<div class=\"EmbedBlock-root EmbedBlock-twitter\">\n<div class=\"TwitterEmbed\" readability=\"6.3898916967509\">\n<blockquote class=\"twitter-tweet\" data-twitter=\"twitter-tweet\" readability=\"6.8158844765343\">\n<p lang=\"en\" dir=\"ltr\">NEW: Rejecting Biden, Supreme Court allows reinstatement of Trump-era policy requiring asylum seekers at the southern border to wait in Mexico for their cases to be processed. Court&#8217;s three liberals dissent. <a href=\"https:\/\/t.co\/mWwXTxJ1Ry\">pic.twitter.com\/mWwXTxJ1Ry<\/a><\/p>\n<p>\u2014 Greg Stohr (@GregStohr) <a href=\"https:\/\/twitter.com\/GregStohr\/status\/1430315416539344897?ref_src=twsrc%5Etfw\">August 24, 2021<\/a><\/p><\/blockquote>\n<\/div>\n<\/div>\n<p>Con esta resoluci\u00f3n, queda vigente el reciente fallo del juez de distrito Matthew Kacsmaryk, que orden\u00f3 la reinstalaci\u00f3n de esta pol\u00edtica, al considerar que el gobierno de Biden no proporcion\u00f3 una justificaci\u00f3n v\u00e1lida para suspenderla.&nbsp;<\/p>\n<div class=\"ReadMore-root Section-root Section-is1to3-xs_is1to1\" data-widgets=\"ReadMore\">\n<div class=\"Section-container Section-isRow-isTop-isWrap\">\n<article class=\"Card-root Card-is1to1 \">\n<div class=\"Card-imageWrap\">\n<div class=\"Card-picture\"> <picture class=\"Picture-root Picture-default\"><!--[if IE 9]><video style=\"display: none;\"><![endif]--><source media=\"(-webkit-min-device-pixel-ratio: 2) and (min-resolution: 120dpi)\" srcset=\"http:\/\/cordobainforma.info\/wp-content\/uploads\/2021\/08\/la-corte-suprema-de-ee-uu-falla-que-biden-debe-restablecer-el-programa-de-proteccion-a-migrantes-quedate-en-mexico-introducido-por-trump-2.jpg 850w, http:\/\/cordobainforma.info\/wp-content\/uploads\/2021\/08\/la-corte-suprema-de-ee-uu-falla-que-biden-debe-restablecer-el-programa-de-proteccion-a-migrantes-quedate-en-mexico-introducido-por-trump-3.jpg 1960w\"><source srcset=\"http:\/\/cordobainforma.info\/wp-content\/uploads\/2021\/08\/la-corte-suprema-de-ee-uu-falla-que-biden-debe-restablecer-el-programa-de-proteccion-a-migrantes-quedate-en-mexico-introducido-por-trump-2.jpg 460w, http:\/\/cordobainforma.info\/wp-content\/uploads\/2021\/08\/la-corte-suprema-de-ee-uu-falla-que-biden-debe-restablecer-el-programa-de-proteccion-a-migrantes-quedate-en-mexico-introducido-por-trump-3.jpg 980w\"><!--[if IE 9]><\/video><![endif]--><img data-sizes=\"auto\" src=\"http:\/\/cordobainforma.info\/wp-content\/uploads\/2021\/08\/la-corte-suprema-de-ee-uu-falla-que-biden-debe-restablecer-el-programa-de-proteccion-a-migrantes-quedate-en-mexico-introducido-por-trump-2.jpg\" class=\"Picture-root Picture-default lazyload\" alt=\"Presentar\u00e1n art\u00edculos de destituci\u00f3n contra el secretario de Seguridad Nacional de EE.UU. por la mala gesti\u00f3n de la crisis migratoria\"><\/picture><!-- noscript pattern --><noscript><img src=\"http:\/\/cordobainforma.info\/wp-content\/uploads\/2021\/08\/la-corte-suprema-de-ee-uu-falla-que-biden-debe-restablecer-el-programa-de-proteccion-a-migrantes-quedate-en-mexico-introducido-por-trump-3.jpg\" alt=\"Presentar\u00e1n art\u00edculos de destituci\u00f3n contra el secretario de Seguridad Nacional de EE.UU. por la mala gesti\u00f3n de la crisis migratoria\"><\/noscript> <\/div><\/div>\n<\/article><\/div><\/div>\n<h3>Pol\u00edtica de Trump<\/h3>\n<p>La administraci\u00f3n del republicano Donald Trump implement\u00f3 el programa para obligar a los solicitantes de asilo a&nbsp;que esperasen en el pa\u00eds vecino la resoluci\u00f3n de sus casos.<\/p>\n<p>Bajo esta pol\u00edtica,&nbsp;<strong>EE.UU.&nbsp;deport\u00f3 a M\u00e9xico a unos 68.000 centroamericanos que solicitaron asilo<\/strong>, pero el ejecutivo de Biden&nbsp;<a href=\"https:\/\/www.dhs.gov\/sites\/default\/files\/publications\/21_0601_termination_of_mpp_program.pdf\" target=\"_blank\" rel=\"noopener noreferrer\">anunci\u00f3<\/a>&nbsp;el pasado 1 de junio la finalizaci\u00f3n del programa, tras concluir que no sirvi\u00f3 para una \u00ab<strong>adecuada\u00bb gesti\u00f3n de las fronteras<\/strong>.&nbsp;<\/p>\n<\/div>\n","protected":false},"excerpt":{"rendered":"<p>Publicado: 25 ago 2021 02:56 GMT Bajo esta pol\u00edtica, el Gobierno estadounidense deport\u00f3 a M\u00e9xico a unos 68.000 centroamericanos que solicitaron asilo. La Corte Suprema de EE.UU. fall\u00f3 este martes que el gobierno de Joe Biden debe restablecer&nbsp;el programa de Protocolos de Protecci\u00f3n a Migrantes (MPP, por sus siglas en ingl\u00e9s), mediante el cual,&nbsp;miles de&nbsp;centroamericanos [&hellip;]<\/p>\n","protected":false},"author":1,"featured_media":19617,"comment_status":"closed","ping_status":"closed","sticky":false,"template":"","format":"standard","meta":[],"categories":[22],"tags":[],"_links":{"self":[{"href":"http:\/\/cordobainforma.info\/index.php\/wp-json\/wp\/v2\/posts\/19616"}],"collection":[{"href":"http:\/\/cordobainforma.info\/index.php\/wp-json\/wp\/v2\/posts"}],"about":[{"href":"http:\/\/cordobainforma.info\/index.php\/wp-json\/wp\/v2\/types\/post"}],"author":[{"embeddable":true,"href":"http:\/\/cordobainforma.info\/index.php\/wp-json\/wp\/v2\/users\/1"}],"replies":[{"embeddable":true,"href":"http:\/\/cordobainforma.info\/index.php\/wp-json\/wp\/v2\/comments?post=19616"}],"version-history":[{"count":0,"href":"http:\/\/cordobainforma.info\/index.php\/wp-json\/wp\/v2\/posts\/19616\/revisions"}],"wp:featuredmedia":[{"embeddable":true,"href":"http:\/\/cordobainforma.info\/index.php\/wp-json\/wp\/v2\/media\/19617"}],"wp:attachment":[{"href":"http:\/\/cordobainforma.info\/index.php\/wp-json\/wp\/v2\/media?parent=19616"}],"wp:term":[{"taxonomy":"category","embeddable":true,"href":"http:\/\/cordobainforma.info\/index.php\/wp-json\/wp\/v2\/categories?post=19616"},{"taxonomy":"post_tag","embeddable":true,"href":"http:\/\/cordobainforma.info\/index.php\/wp-json\/wp\/v2\/tags?post=19616"}],"curies":[{"name":"wp","href":"https:\/\/api.w.org\/{rel}","templated":true}]}}