{"id":19552,"date":"2021-08-24T22:45:00","date_gmt":"2021-08-24T22:45:00","guid":{"rendered":"https:\/\/ahora.com.ar\/\/aseguran-que-real-madrid-ofrecio-160-millones-euros-mbappe-n4244014"},"modified":"2021-08-24T22:45:00","modified_gmt":"2021-08-24T22:45:00","slug":"aseguran-que-real-madrid-ofrecio-160-millones-de-euros-por-mbappe","status":"publish","type":"post","link":"http:\/\/cordobainforma.info\/index.php\/2021\/08\/24\/aseguran-que-real-madrid-ofrecio-160-millones-de-euros-por-mbappe\/","title":{"rendered":"Aseguran que Real Madrid ofreci\u00f3 160 millones de euros por Mbapp\u00e9"},"content":{"rendered":"<div><img src=\"http:\/\/cordobainforma.info\/wp-content\/uploads\/2021\/08\/aseguran-que-real-madrid-ofrecio-160-millones-de-euros-por-mbappe.jpg\" class=\"ff-og-image-inserted\"><\/div>\n<div id=\"article-post\">\n<header class=\"article-info-wrapper\" readability=\"29.211538461538\">\n<p><span class=\"fecha-detallenota\">24 de agosto de 2021 &#8211; 19:08<\/span><\/p>\n<p class=\"interiorCopete\"> REAL MADRID QUIERE A MBAPP\u00c9 #F\u00fatbol<br \/>\nLo asegur\u00f3 el peri\u00f3dico L&#8217;Equipe. Por el momento el PSG no estar\u00eda interesado en desprenderse del franc\u00e9s<\/p>\n<\/header>\n<\/div>\n<div id=\"article-post\">\n<div class=\"cuerpo\" data-twitter-link=\"https:\/\/twitter.com\/intent\/tweet?url=https:\/\/ahora.com.ar\/c4244014&amp;via=PlataformaAhora&amp;related=Ahora&amp;text=\" readability=\"11\">\n<p>Real Madrid <strong>realiz\u00f3 una oferta de 160 millones de euros<\/strong> (unos 188,11 millones de d\u00f3lares) por el atacante franc\u00e9s del Paris St Germain, <strong>Kylian Mbapp\u00e9<\/strong>, inform\u00f3 el martes el peri\u00f3dico <em>L&#8217;Equipe<\/em>.<\/p>\n<\/div>\n<\/div>\n<div id=\"article-post\">\n<div class=\"cuerpo\" data-twitter-link=\"https:\/\/twitter.com\/intent\/tweet?url=https:\/\/ahora.com.ar\/c4244014&amp;via=PlataformaAhora&amp;related=Ahora&amp;text=\" readability=\"17\">\n<p>No hubo comentarios inmediatos por parte de los clubes.<\/p>\n<p>L&#8217;Equipe dijo que la posici\u00f3n del PSG se mantiene sin cambios, con el club decidido a <strong>mantener a Mbapp\u00e9 hasta al menos el final de su contrato en junio del pr\u00f3ximo a\u00f1o<\/strong>.<\/p>\n<p>La cadena brit\u00e1nica <em>Sky Sports<\/em> asegur\u00f3 que la oferta se present\u00f3 el domingo.<\/p>\n<p>La venta del campe\u00f3n del mundo con su selecci\u00f3n permitir\u00eda al PSG recuperar parte de los costos del paquete salarial de Lionel Messi despu\u00e9s de fichar al atacante argentino y seis veces ganador del Bal\u00f3n de Oro tras su salida del Barcelona.<\/p>\n<\/div>\n<\/div>\n","protected":false},"excerpt":{"rendered":"<p>24 de agosto de 2021 &#8211; 19:08 REAL MADRID QUIERE A MBAPP\u00c9 #F\u00fatbol Lo asegur\u00f3 el peri\u00f3dico L&#8217;Equipe. Por el momento el PSG no estar\u00eda interesado en desprenderse del franc\u00e9s Real Madrid realiz\u00f3 una oferta de 160 millones de euros (unos 188,11 millones de d\u00f3lares) por el atacante franc\u00e9s del Paris St Germain, Kylian Mbapp\u00e9, [&hellip;]<\/p>\n","protected":false},"author":1,"featured_media":19553,"comment_status":"closed","ping_status":"closed","sticky":false,"template":"","format":"standard","meta":[],"categories":[20],"tags":[],"_links":{"self":[{"href":"http:\/\/cordobainforma.info\/index.php\/wp-json\/wp\/v2\/posts\/19552"}],"collection":[{"href":"http:\/\/cordobainforma.info\/index.php\/wp-json\/wp\/v2\/posts"}],"about":[{"href":"http:\/\/cordobainforma.info\/index.php\/wp-json\/wp\/v2\/types\/post"}],"author":[{"embeddable":true,"href":"http:\/\/cordobainforma.info\/index.php\/wp-json\/wp\/v2\/users\/1"}],"replies":[{"embeddable":true,"href":"http:\/\/cordobainforma.info\/index.php\/wp-json\/wp\/v2\/comments?post=19552"}],"version-history":[{"count":0,"href":"http:\/\/cordobainforma.info\/index.php\/wp-json\/wp\/v2\/posts\/19552\/revisions"}],"wp:featuredmedia":[{"embeddable":true,"href":"http:\/\/cordobainforma.info\/index.php\/wp-json\/wp\/v2\/media\/19553"}],"wp:attachment":[{"href":"http:\/\/cordobainforma.info\/index.php\/wp-json\/wp\/v2\/media?parent=19552"}],"wp:term":[{"taxonomy":"category","embeddable":true,"href":"http:\/\/cordobainforma.info\/index.php\/wp-json\/wp\/v2\/categories?post=19552"},{"taxonomy":"post_tag","embeddable":true,"href":"http:\/\/cordobainforma.info\/index.php\/wp-json\/wp\/v2\/tags?post=19552"}],"curies":[{"name":"wp","href":"https:\/\/api.w.org\/{rel}","templated":true}]}}