{"id":19548,"date":"2021-08-24T18:35:00","date_gmt":"2021-08-24T18:35:00","guid":{"rendered":"https:\/\/somoscordobeses.com\/2021\/08\/24\/murio-charlie-watts-el-baterista-de-los-rolling-stones\/"},"modified":"2021-08-24T18:35:00","modified_gmt":"2021-08-24T18:35:00","slug":"murio-charlie-watts-el-baterista-de-los-rolling-stones","status":"publish","type":"post","link":"http:\/\/cordobainforma.info\/index.php\/2021\/08\/24\/murio-charlie-watts-el-baterista-de-los-rolling-stones\/","title":{"rendered":"Muri\u00f3 Charlie Watts, el baterista de los Rolling Stones"},"content":{"rendered":"<div>\n<div>\n<div>\n<p>A los 80 a\u00f1os, <strong>muri\u00f3 Charlie Watts<\/strong>, el hist\u00f3rico baterista de los <strong>Rolling Stones<\/strong>. La noticia fue confirmada este martes por su representante pasadas las 13, hora de Argentina, y puso de luto al mundo de la m\u00fasica.<\/p>\n<p><strong>\u201cEs con inmensa tristeza que anunciamos la muerte de nuestro amado Charlie Watts\u201c<\/strong>, afirma el comunicado difundido en las cuentas oficiales de la banda brit\u00e1nica, que agrega que el artista<strong> \u201cfalleci\u00f3 pac\u00edficamente\u201d<\/strong> en un hospital de Londres, rodeado de su familia.<\/p>\n<p><strong>\u201cEra un querido esposo, padre y abuelo y uno de los m\u00e1s grandes bateristas de su generaci\u00f3n\u201d<\/strong>, resume el texto, y cierra: \u201cSolicitamos amablemente que se respete la privacidad de su familia, miembros de la banda y amigos cercanos en este momento dif\u00edcil\u201d.<\/p>\n<p>La noticia se conoce semanas despu\u00e9s de que el entorno de Watts anunciara que el baterista no podr\u00eda participar de los shows que la banda ten\u00eda previstos en los Estados Unidos, entre septiembre y noviembre de este a\u00f1o. \u201c<mark>Charlie se ha sometido a un procedimiento que ha sido totalmente exitoso, pero deducimos que sus m\u00e9dicos concluyeron esta semana que necesita un descanso para recuperarse<\/mark>. Al empezar los ensayos en un par de semanas, es muy decepcionante anunciarlo, pero tambi\u00e9n es justo advertirlo, que nadie vio que esto pod\u00eda pasar\u201c, rezaba <a data-reactroot href=\"https:\/\/www.lanacion.com.ar\/espectaculos\/musica\/decepcionante-los-motivos-por-los-que-el-baterista-charlie-watts-se-bajo-de-la-gira-de-los-rolling-nid05082021\/\" target=\"_self\" title=\"el comunicado publicado en las cuentas oficiales de la banda brit\u00e1nica, a comienzos de agosto\" rel=\"noopener noreferrer\">el comunicado publicado en las cuentas oficiales de la banda brit\u00e1nica, a comienzos de agosto<\/a>.<\/p>\n<div>\n<section role=\"button\">\n<figure role=\"button\"><picture><source media=\"(min-width: 1280px)\"><source media=\"(min-width: 1024px)\"><source media=\"(min-width: 768px)\"><source media=\"(min-width: 360px)\"><source media=\"(min-width: 320px)\"><\/picture><figcaption><span>Una imagen de la banda en 2016, al aterrizar en La Habana para brindar un hist\u00f3rico concierto en la capital cubana<\/span><span>Ramon Espinosa \u2013 AP<\/span><\/figcaption><\/figure>\n<\/section>\n<\/div>\n<p>Tras tener que posponer los conciertos de 2020 por la pandemia del coronavirus, los Stones ten\u00edan previsto regresar a los escenarios el pr\u00f3ximo 26 de septiembre con un concierto en St Louis, Misuri. \u201cDespu\u00e9s de todo el sufrimiento de los fans causado por el Covid-19, realmente no quiero que los muchos seguidores de los Rolling Stones que ten\u00edan entradas para esta gira queden decepcionados por otro retraso o cancelaci\u00f3n. Es por ello que he pedido a mi gran amigo Steve Jordan [el baterista de Keith Richards solista] que se presente por m\u00ed\u201d, expres\u00f3 el baterista en el mismo comunicado, dando a conocer su propio reemplazo para el tramo de la gira norteamericana de la banda.<\/p>\n<p>\u201cEstaremos ansiosos por darle nuevamente la bienvenida a Charlie a los escenarios ni bien est\u00e9 completamente recuperado. Gracias a nuestro amigo Steve Jordan por hacerse cargo, para que a\u00fan podamos actuar en todas las presentaciones previstas para el oto\u00f1o [boreal]\u201d, expres\u00f3 Mick Jagger en su cuenta de Twitter, tranquilizando a sus seguidores y dejando en claro que el problema de salud de Watts era algo pasajero.<\/p>\n<div>\n<section role=\"button\">\n<figure role=\"button\"><picture><source media=\"(min-width: 1280px)\"><source media=\"(min-width: 1024px)\"><source media=\"(min-width: 768px)\"><source media=\"(min-width: 360px)\"><source media=\"(min-width: 320px)\"><\/picture><figcaption><span>Watts junto a Ron Wood, Keith Richards y Mick Jagger, en una imagen de 1983<\/span><span>Carlos Rene Perez \u2013 AP<\/span><\/figcaption><\/figure>\n<\/section>\n<\/div>\n<p>Watts, oriundo de Londres, fue<strong> miembro de los Stones desde enero de 1963<\/strong>, cuando se uni\u00f3 a Mick Jagger, Keith Richards y Brian Jones en su incipiente grupo. Pese a ser reconocido como el miembro m\u00e1s introvertido y tranquilo de la banda -una percepci\u00f3n basada en su gesto adusto y su vida alejada de los esc\u00e1ndalos-, el baterista reconoci\u00f3 que transit\u00f3 a\u00f1os de zozobra por su adicci\u00f3n al alcohol y la hero\u00edna. \u201cMe drogaba cuando me iba a casa. Mi mujer se daba cuenta de que no estaba bien\u201d, cont\u00f3 en 2011.<\/p>\n<p>Aun as\u00ed, Watts siempre se tom\u00f3 su trabajo con mucha responsabilidad. \u201cEl baterista es el motor. No hay nada peor que cuando ya no ten\u00e9s m\u00e1s aire y te mor\u00eds del dolor de manos, pero todav\u00eda te queda un cuarto de recital. Es lo peor\u201d, <a data-reactroot href=\"https:\/\/www.lanacion.com.ar\/espectaculos\/musica\/como-hicieron-los-rolling-stones-para-soportarse-nid1859605\/\" target=\"_self\" title=\"explicaba sobre la \u201csuerte\u201d de tener que permanecer en el escenario durante las dos horas que pod\u00eda durar un show\" rel=\"noopener noreferrer\">explicaba sobre la \u201csuerte\u201d de tener que permanecer en el escenario durante las dos horas que pod\u00eda durar un show<\/a>. <\/p>\n<p>Su amor por el jazz lo llev\u00f3 tambi\u00e9n a fundar una banda paralela a los Stones, Charlie Watts Quintet, con la que public\u00f3 varios discos. Tambi\u00e9n, su aplomo y su sentido est\u00e9tico lo convirtieron en un pilar fundamental de la banda al momento de encarar negocios o elegir el arte de tapa de un disco, tal como cont\u00f3 alguna vez Jagger. <\/p>\n<p><iframe loading=\"lazy\" allow=\"accelerometer; autoplay; clipboard-write; encrypted-media; gyroscope; picture-in-picture\" allowfullscreen frameborder=\"0\" height=\"340\" src=\"https:\/\/www.youtube.com\/embed\/PHcrrsDgkuo?feature=oembed\" width=\"453\">[embedded content]<\/iframe><\/p>\n<p>Watts se cas\u00f3 el 14 de octubre de 1964 con Shirley Ann Shepherd, su novia de la adolescencia, con quien tuvo a su \u00fanica hija, Serafina (nacida en marzo de 1968). Su matrimonio resisti\u00f3 no solo a la explosi\u00f3n de popularidad de la banda, sino tambi\u00e9n a los a\u00f1os adicciones que atraves\u00f3 el m\u00fasico. <\/p>\n<p><mark>En junio de 2004, <\/mark><a data-reactroot href=\"https:\/\/www.lanacion.com.ar\/espectaculos\/el-baterista-de-los-rolling-stones-tiene-cancer-de-garganta-nid627470\/\" target=\"_self\" rel=\"noopener noreferrer\">se le diagnostic\u00f3 un c\u00e1ncer de garganta\u201c&gt;<mark>se le diagnostic\u00f3 un c\u00e1ncer de garganta<\/mark><\/a><mark>, fue sometido a una intervenci\u00f3n para extirpar el tumor y comenz\u00f3 un tratamiento de radioterapia que se extendi\u00f3 por seis semanas<\/mark> y arroj\u00f3 buenos resultados. <\/p>\n<p>Pocos meses despu\u00e9s, se reintegr\u00f3 a las grabaciones del disco <em>A Bigger Band<\/em> y en mayo de 2005 reapareci\u00f3 en p\u00fablico junto a sus compa\u00f1eros, para brindar una peque\u00f1a presentaci\u00f3n en la Juilliard School de Nueva York, anunciar el lanzamiento de su nuevo trabajo de estudio en m\u00e1s de ocho a\u00f1os y de una nueva gira mundial.<\/p>\n<p>La \u00faltima presentaci\u00f3n del baterista junto The Rolling Stones se produjo el 30 de agosto de 2019, en Miami, en el marco del <em>No Filter Tour<\/em>. La gira hab\u00eda iniciado el 9 de septiembre de 2017 en Hamburgo, Alemania, y ten\u00eda previsto completar su tramo por los Estados Unidos en 2020; esos planes, sin embargo, se vieron modificados por el avance de la pandemia de coronavirus.<\/p>\n<section><a href=\"https:\/\/www.lanacion.com.ar\/tema\/the-trust-project-tid68036\/\" title=\"Ir a Proyecto Trust\">Conoc\u00e9 The Trust Project<\/a><\/section>\n<\/div>\n<\/div>\n<\/div>\n<nav class=\"navigation post-navigation\" role=\"navigation\" aria-label=\"Continue Reading\">\n<h2 class=\"screen-reader-text\">Continue Reading<\/h2>\n<\/nav>\n","protected":false},"excerpt":{"rendered":"<p>A los 80 a\u00f1os, muri\u00f3 Charlie Watts, el hist\u00f3rico baterista de los Rolling Stones. La noticia fue confirmada este martes por su representante pasadas las 13, hora de Argentina, y puso de luto al mundo de la m\u00fasica. \u201cEs con inmensa tristeza que anunciamos la muerte de nuestro amado Charlie Watts\u201c, afirma el comunicado difundido [&hellip;]<\/p>\n","protected":false},"author":1,"featured_media":19549,"comment_status":"closed","ping_status":"closed","sticky":false,"template":"","format":"standard","meta":[],"categories":[2],"tags":[],"_links":{"self":[{"href":"http:\/\/cordobainforma.info\/index.php\/wp-json\/wp\/v2\/posts\/19548"}],"collection":[{"href":"http:\/\/cordobainforma.info\/index.php\/wp-json\/wp\/v2\/posts"}],"about":[{"href":"http:\/\/cordobainforma.info\/index.php\/wp-json\/wp\/v2\/types\/post"}],"author":[{"embeddable":true,"href":"http:\/\/cordobainforma.info\/index.php\/wp-json\/wp\/v2\/users\/1"}],"replies":[{"embeddable":true,"href":"http:\/\/cordobainforma.info\/index.php\/wp-json\/wp\/v2\/comments?post=19548"}],"version-history":[{"count":0,"href":"http:\/\/cordobainforma.info\/index.php\/wp-json\/wp\/v2\/posts\/19548\/revisions"}],"wp:featuredmedia":[{"embeddable":true,"href":"http:\/\/cordobainforma.info\/index.php\/wp-json\/wp\/v2\/media\/19549"}],"wp:attachment":[{"href":"http:\/\/cordobainforma.info\/index.php\/wp-json\/wp\/v2\/media?parent=19548"}],"wp:term":[{"taxonomy":"category","embeddable":true,"href":"http:\/\/cordobainforma.info\/index.php\/wp-json\/wp\/v2\/categories?post=19548"},{"taxonomy":"post_tag","embeddable":true,"href":"http:\/\/cordobainforma.info\/index.php\/wp-json\/wp\/v2\/tags?post=19548"}],"curies":[{"name":"wp","href":"https:\/\/api.w.org\/{rel}","templated":true}]}}