{"id":193,"date":"2020-08-26T21:24:57","date_gmt":"2020-08-26T21:24:57","guid":{"rendered":"http:\/\/www.clarin.com\/deportes\/messi-razon-razones_0_Kq5KVznR6.html"},"modified":"2020-08-26T21:24:57","modified_gmt":"2020-08-26T21:24:57","slug":"messi-no-tiene-razon-ni-razones","status":"publish","type":"post","link":"http:\/\/cordobainforma.info\/index.php\/2020\/08\/26\/messi-no-tiene-razon-ni-razones\/","title":{"rendered":"Messi no tiene raz\u00f3n ni razones"},"content":{"rendered":"<p><img src=\"http:\/\/cordobainforma.info\/wp-content\/uploads\/2020\/08\/messi-no-tiene-razon-ni-razones.jpg\"><\/p>\n<div><img src=\"http:\/\/cordobainforma.info\/wp-content\/uploads\/2020\/08\/messi-no-tiene-razon-ni-razones-2.jpg\" class=\"ff-og-image-inserted\"><\/div>\n<p>Si los hechos fueron como se cuentan, <strong>Messi no tiene razones para abandonar Barcelona<\/strong>. Es m\u00e1s, si todo ocurri\u00f3 como dicen que ocurri\u00f3, ciertas cosas que pasaron&nbsp;en la Selecci\u00f3n Argentina en los \u00faltimos a\u00f1os se resignifican.<\/p>\n<p>Claro que la salida de Messi genera un impacto tan colosal que resulta dif\u00edcil poner la lupa en&nbsp;estos detalles inc\u00f3modos. Su magnetismo de estrella universal y su condici\u00f3n de mejor futbolista del mundo impiden casi cualquier an\u00e1lisis matizado. Pero vale&nbsp;intentarlo.<\/p>\n<p>Si las cosas fueron como trascienden, y entendiendo que por ahora s\u00f3lo se conocen filtraciones period\u00edsticas, hubo una frase del nuevo entrenador del Barcelona, Ronald Koeman, que no le gust\u00f3 a Messi y lo convenci\u00f3 de cambiar de camiseta. <em>\u201cSe terminaron los privilegios en el plantel\u201d,<\/em> le habr\u00eda dicho el neerland\u00e9s. <em>\u201cHay que hacer todo para el equipo\u201d<\/em>, habr\u00eda agregado. \u00bfD\u00f3nde estar\u00eda lo grave de dichas frases? \u00bfCu\u00e1les ser\u00edan la razones para el portazo del futbolista?<\/p>\n<p>La reconstrucci\u00f3n esc\u00e9nica de ese primer encuentro <strong>habla mejor de Koeman que de Messi.<\/strong> Uno intenta hacer su trabajo y lo plantea de manera frontal. El otro parece no estar dispuesto a renunciar a posibles&nbsp;privilegios.<\/p>\n<p>Se insiste, si ocurri\u00f3 como se cuenta, y Koeman machac\u00f3&nbsp;la idea de <em>\u201cahora la prioridad es el equipo\u201d,<\/em> Messi debi\u00f3 ser el m\u00e1s entusiasmado. Debi\u00f3 abrazar de inmediato la&nbsp;idea y&nbsp;ponerse a las \u00f3rdenes del entrenador. <strong>Lejos de ser un motivo para dejar el Barcelona, debi\u00f3 serlo para asegurar su continuidad.&nbsp;<\/strong>Por muchos motivos, pero por uno principal: el jugador&nbsp;necesita volver a ganar cosas importantes y la manera de lograrlo es con un equipo. Justo lo que su entrenador ven\u00eda a proponerle.&nbsp;<\/p>\n<p>Se entiende poco, entonces, el desenlace, salvo que&nbsp;Messi se sienta m\u00e1s a gusto&nbsp;al&nbsp;jugar con su amigo el uruguayo Luis Su\u00e1rez, y crea que para ganar alcanza con \u00e9l y una suma de figuras&nbsp;que lo acompa\u00f1en. No es raro que as\u00ed lo piense, se lo viene diciendo el mundo entero desde hace tiempo.<\/p>\n<p>As\u00ed planteadas las cosas, para el futuro entrenador de Messi debe ser tan tentadora<strong> la idea de contar con su inigualable talento, como inquietante&nbsp;la posibilidad de sumar&nbsp;a un futbolista que pretende negociar las decisiones.&nbsp;<\/strong><\/p>\n<p>Si lo que busca Messi es un club con posibilidades de triunfos importantes que le otorguen brillo al final de su carrera, su deseo es leg\u00edtimo. Pero deber\u00e1 aceptar que eso excluya a los compa\u00f1eros que \u00e9l prefiere. <strong>Si, en cambio, lo que busca es un equipo donde juegue con los que \u00e9l quiera, tendr\u00e1 que saber que el riesgo es grande. <\/strong>La Selecci\u00f3n Argentina es&nbsp;el mejor testimonio de esa realidad. A prop\u00f3sito, vale recordar y repensar ahora mucho de lo que se habl\u00f3 en los d\u00edas del Mundial de Rusia, las penurias de Sampaoli y el espinoso camino all\u00ed recorrido. Y tambi\u00e9n las razones por las que el Cholo Simeone se neg\u00f3&nbsp;a asumir en la Selecci\u00f3n Argentina. Ese sencillo <em>\u201cno es el momento\u201d<\/em>&nbsp; expresado por el t\u00e9cnico hoy se resignifica. Tal vez hab\u00eda algo que Simeone sab\u00eda. <strong>Que su primera frase ser\u00eda igual a la de Koeman. Y lo que vendr\u00eda despu\u00e9s.<\/strong><\/p>\n<div class=\"entry-tags\">\n<h2>TEMAS QUE APARECEN EN ESTA NOTA<\/h2>\n<\/p><\/div>\n","protected":false},"excerpt":{"rendered":"<p>Si los hechos fueron como se cuentan, Messi no tiene razones para abandonar Barcelona. Es m\u00e1s, si todo ocurri\u00f3 como dicen que ocurri\u00f3, ciertas cosas que pasaron&nbsp;en la Selecci\u00f3n Argentina en los \u00faltimos a\u00f1os se resignifican. Claro que la salida de Messi genera un impacto tan colosal que resulta dif\u00edcil poner la lupa en&nbsp;estos detalles [&hellip;]<\/p>\n","protected":false},"author":1,"featured_media":194,"comment_status":"closed","ping_status":"closed","sticky":false,"template":"","format":"standard","meta":[],"categories":[20],"tags":[],"_links":{"self":[{"href":"http:\/\/cordobainforma.info\/index.php\/wp-json\/wp\/v2\/posts\/193"}],"collection":[{"href":"http:\/\/cordobainforma.info\/index.php\/wp-json\/wp\/v2\/posts"}],"about":[{"href":"http:\/\/cordobainforma.info\/index.php\/wp-json\/wp\/v2\/types\/post"}],"author":[{"embeddable":true,"href":"http:\/\/cordobainforma.info\/index.php\/wp-json\/wp\/v2\/users\/1"}],"replies":[{"embeddable":true,"href":"http:\/\/cordobainforma.info\/index.php\/wp-json\/wp\/v2\/comments?post=193"}],"version-history":[{"count":0,"href":"http:\/\/cordobainforma.info\/index.php\/wp-json\/wp\/v2\/posts\/193\/revisions"}],"wp:featuredmedia":[{"embeddable":true,"href":"http:\/\/cordobainforma.info\/index.php\/wp-json\/wp\/v2\/media\/194"}],"wp:attachment":[{"href":"http:\/\/cordobainforma.info\/index.php\/wp-json\/wp\/v2\/media?parent=193"}],"wp:term":[{"taxonomy":"category","embeddable":true,"href":"http:\/\/cordobainforma.info\/index.php\/wp-json\/wp\/v2\/categories?post=193"},{"taxonomy":"post_tag","embeddable":true,"href":"http:\/\/cordobainforma.info\/index.php\/wp-json\/wp\/v2\/tags?post=193"}],"curies":[{"name":"wp","href":"https:\/\/api.w.org\/{rel}","templated":true}]}}