{"id":191007,"date":"2026-05-03T06:55:51","date_gmt":"2026-05-03T06:55:51","guid":{"rendered":"https:\/\/www.mujerhoy.com\/vivir\/bienestar\/hambre-media-manana-desayunado-problema-estomago-comes-20260503170931-nt.html"},"modified":"2026-05-03T06:55:51","modified_gmt":"2026-05-03T06:55:51","slug":"si-tienes-hambre-a-media-manana-aunque-hayas-desayunado-el-problema-no-es-el-estomago-sino-lo-que-comes","status":"publish","type":"post","link":"http:\/\/cordobainforma.info\/index.php\/2026\/05\/03\/si-tienes-hambre-a-media-manana-aunque-hayas-desayunado-el-problema-no-es-el-estomago-sino-lo-que-comes\/","title":{"rendered":"Si tienes hambre a media ma\u00f1ana aunque hayas desayunado, el problema no es el est\u00f3mago sino lo que comes"},"content":{"rendered":"<div class=\"media_block\"><\/div>\n<p><!-- AUTHOR --><\/p>\n<div class=\"voc-author-timesocial \">\n<!-- AUTHOR --><\/p>\n<div class=\"voc-author-timesocial__signature \">\n<!-- IMAGE AUTHOR -->\n<picture class=\"voc-image-signature\">\n<img class=\"voc-image-signature__img\" src=\"http:\/\/cordobainforma.info\/wp-content\/uploads\/2026\/05\/si-tienes-hambre-a-media-manana-aunque-hayas-desayunado-el-problema-no-es-el-estomago-sino-lo-que-comes.png\" alt=\"Sandra Hern\u00e1ndez\">\n<\/picture>\n<!-- INFO AUTHOR --> <\/div><\/div>\n<p><!-- COMPONENTS --><\/p>\n<p class=\"voc-paragraph\">Hay un patr\u00f3n que se repite m\u00e1s de lo que parece: <a href=\"https:\/\/www.mujerhoy.com\/vivir\/bienestar\/cuatro-ingredientes-desayuno-saludable-adelgazar-harvard-20240904075720-nt.html\" target=\"_self\" data-voc-vtm-id=\"in-text-traffic\" title=\"desayunar\" data-mrf-link=\"www.mujerhoy.com\" rel=\"noopener noreferrer\">desayunar<\/a>, llegar a media ma\u00f1ana con hambre y acabar <a href=\"https:\/\/www.mujerhoy.com\/vivir\/bienestar\/truco-picar-horas-saludable-sin-engordar-harvard-20241217203421-nt.html\" target=\"_self\" data-voc-vtm-id=\"in-text-traffic\" title=\"picando\" data-mrf-link=\"www.mujerhoy.com\" rel=\"noopener noreferrer\">picando<\/a> cualquier cosa antes de comer. No es falta de voluntad ni un est\u00f3mago especialmente exigente. Es una cuesti\u00f3n de qu\u00e9 se pone en el plato por la ma\u00f1ana. <strong>Salena Sainz, nutricionista de Naturae Nutrici\u00f3n<\/strong>, lo explica con claridad: cuando la primera comida del d\u00eda se basa en hidratos de carbono refinados \u2014galletas, pan blanco, cereales azucarados, zumos\u2014 provoca una subida r\u00e1pida de glucosa y, despu\u00e9s, una bajada que reactiva el apetito antes de lo esperado.<\/p>\n<p class=\"voc-paragraph\"><strong>El problema no es desayunar poco, sino desayunar mal<\/strong>. \u00abCuando lo que se toma por la ma\u00f1ana tiene <a href=\"https:\/\/www.mujerhoy.com\/vivir\/bienestar\/desayunar-sardinas-omega3-beneficios-20260327154536-nt.html\" target=\"_self\" data-voc-vtm-id=\"in-text-traffic\" title=\"poca prote\u00edna\" data-mrf-link=\"www.mujerhoy.com\" rel=\"noopener noreferrer\">poca prote\u00edna<\/a>, el cerebro recibe menos se\u00f1ales de saciedad, lo que aumenta la probabilidad de picar entre horas o llegar con m\u00e1s hambre a la comida\u00ab, se\u00f1ala Sainz. La soluci\u00f3n no pasa por comer m\u00e1s cantidad, sino por cambiar la composici\u00f3n de lo que se come. Y eso, bien planteado, no requiere m\u00e1s tiempo ni m\u00e1s esfuerzo.<\/p>\n<div class=\"v-c-cmp v-c-cmp--t1 \">\n<div class=\"v-cmp-rld v-cmp-rld--2 \">\n<div class=\"v-cnt-m v-cnt-m--m\">\n<div class=\"v-cnt-m__c\">\n<div class=\"v-cnt-m__w v-cnt-m__w--1\">\n<p class=\"v-cnt-m__t\">\nTAMBI\u00c9N TE INTERESA\n<\/p>\n<\/div>\n<\/div>\n<\/div>\n<div class=\"v-g v-g--2-c v-g--bdr-min-xs\">\n<div class=\"v-g__c \">\n<article class=\"v-a v-a--cmp-rld v-a--cmp-rld-2 v-a--p-l\">\n<div class=\"v-a-img-c\">\n<figure class=\"v-a-fig\">\n<a href=\"https:\/\/www.mujerhoy.com\/vivir\/bienestar\/diferencias-suplementos-complementos-alimenticios-20260413143456-nt.html#vtm_modulosEngag=mod-rel:vivir:noticia:1:cmp:2-not\" class=\"v-a-link\" title=\"Suplementos o complementos alimenticios: la diferencia que casi nadie tiene clara\"><br \/>\n<img loading=\"lazy\" class=\"v-a-img\" src=\"http:\/\/cordobainforma.info\/wp-content\/uploads\/2026\/05\/si-tienes-hambre-a-media-manana-aunque-hayas-desayunado-el-problema-no-es-el-estomago-sino-lo-que-comes.jpg\" alt=\"Suplementos o complementos alimenticios: la diferencia que casi nadie tiene clara\"><br \/>\n<\/a><br \/>\n<\/figure>\n<\/div>\n<\/article>\n<\/div>\n<div class=\"v-g__c \">\n<article class=\"v-a v-a--cmp-rld v-a--cmp-rld-2 v-a--p-l\">\n<div class=\"v-a-img-c\">\n<figure class=\"v-a-fig\">\n<a href=\"https:\/\/www.mujerhoy.com\/vivir\/bienestar\/mejores-suplementos-cansancio-primavera-verdad-funcionan-segun-20260412131330-nt.html#vtm_modulosEngag=mod-rel:vivir:noticia:2:cmp:2-not\" class=\"v-a-link\" title=\"Los mejores suplementos para el cansancio de primavera: los que de verdad funcionan, seg\u00fan la farmac\u00e9utica Sheila Segura\"><br \/>\n<img loading=\"lazy\" class=\"v-a-img\" src=\"http:\/\/cordobainforma.info\/wp-content\/uploads\/2026\/05\/si-tienes-hambre-a-media-manana-aunque-hayas-desayunado-el-problema-no-es-el-estomago-sino-lo-que-comes-1.jpg\" alt=\"Los mejores suplementos para el cansancio de primavera: los que de verdad funcionan, seg\u00fan la farmac\u00e9utica Sheila Segura\"><br \/>\n<\/a><br \/>\n<\/figure>\n<\/div>\n<\/article>\n<\/div>\n<\/div>\n<\/div>\n<\/div>\n<p class=\"voc-paragraph\">Un desayuno que mantenga saciada hasta la comida necesita tres elementos: prote\u00edna, fibra y grasas saludables. \u00ab<strong>La prote\u00edna es el nutriente que m\u00e1s influye en la saciedad<\/strong> porque estimula hormonas como GLP-1 y PYY, y reduce la grelina, la hormona del hambre\u00ab, explica Sainz. La fibra ralentiza la digesti\u00f3n y evita subidas r\u00e1pidas de glucosa, mientras que las grasas saludables prolongan la energ\u00eda. Cuando los tres est\u00e1n presentes, la digesti\u00f3n es m\u00e1s lenta y la sensaci\u00f3n de saciedad se mantiene durante m\u00e1s horas.<\/p>\n<p><h3 class=\"v-cmp-suh\">\n5 desayunos completos que se preparan menos de 5 minutos<br \/>\n<\/h3>\n<\/p>\n<p class=\"voc-paragraph\">La combinaci\u00f3n m\u00e1s eficaz para evitar el picoteo incluye una fuente clara de prote\u00edna \u2014huevo, yogur, queso, k\u00e9fir\u2014, fibra \u2014fruta, avena, pan integral, semillas\u2014 y una peque\u00f1a cantidad de grasa saludable \u2014aceite de oliva, frutos secos o aguacate\u2014. \u00abEsta estructura estabiliza la glucosa, mejora la saciedad y reduce los antojos, especialmente a media ma\u00f1ana o por la tarde\u00bb, se\u00f1ala Sainz. Y no hace falta cocinar: se puede montar en menos de cinco minutos.<\/p>\n<p class=\"voc-paragraph\">Las opciones concretas que recomienda Sainz son un yogur natural con frutos rojos y nueces, una tostada integral con huevo y aceite de oliva, k\u00e9fir con avena y semillas, queso fresco con fruta y almendras, o un batido con leche o k\u00e9fir, prote\u00edna y frutos rojos. Todas aportan los <strong>tres macronutrientes clave sin necesidad de planificaci\u00f3n compleja<\/strong>. Son desayunos que cualquiera puede preparar antes de salir de casa, incluso con poco tiempo y menos ganas.<\/p>\n<p class=\"voc-paragraph\">Un desayuno equilibrado s\u00ed puede ayudar a evitar el picoteo entre horas. \u00abCuando es rico en prote\u00edna y fibra, mejora el control del apetito y reduce los antojos posteriores, especialmente de alimentos dulces\u00bb, explica Sainz. Esto favorece una ingesta m\u00e1s estable durante el d\u00eda y evita llegar a la comida con hambre excesiva, que es cuando se toman peores decisiones alimentarias. Lo que se come por la ma\u00f1ana no es un detalle menor: condiciona todo lo que viene despu\u00e9s.<\/p>\n<p><h3 class=\"v-cmp-suh\">\nC\u00f3mo adaptarlo seg\u00fan el estilo de vida<br \/>\n<\/h3>\n<\/p>\n<p class=\"voc-paragraph\">El tipo de desayuno tambi\u00e9n puede ajustarse seg\u00fan las necesidades de cada persona. En personas con trabajo sedentario conviene priorizar prote\u00edna y fibra con menor carga de carbohidratos. En deportistas se puede a\u00f1adir m\u00e1s carbohidrato complejo \u2014avena o pan integral\u2014 para aportar energ\u00eda antes del esfuerzo. En procesos de p\u00e9rdida de peso, aumentar la prote\u00edna ayuda a controlar el apetito a lo largo del d\u00eda. Y para quienes tienen poco tiempo o poco apetito por la ma\u00f1ana, las versiones l\u00edquidas como los batidos completos son una alternativa igual de v\u00e1lida.<\/p>\n<p class=\"voc-paragraph\">Lo que <strong>no funciona es saltarse la primera comida del d\u00eda<\/strong> pensando que as\u00ed se come menos. Sin ese primer aporte de nutrientes, el hambre aparece antes y con m\u00e1s intensidad, y el cuerpo tiende a compensar en las comidas siguientes. Prote\u00edna, fibra y grasa saludable por la ma\u00f1ana es la diferencia entre llegar a la comida con hambre controlada o llegar dispuesta a comer cualquier cosa.<\/p>\n<p class=\"voc-paragraph\">Cinco minutos, tres ingredientes clave y la decisi\u00f3n de no tomar lo primero que aparezca. No hace falta una nevera sofisticada ni una rutina elaborada. Un yogur con nueces y frutos rojos, una tostada con huevo, un k\u00e9fir con avena. <strong>Opciones que est\u00e1n al alcance de cualquiera<\/strong> y que, repetidas en el tiempo, cambian la relaci\u00f3n con el hambre, con el picoteo y con la energ\u00eda de todo el d\u00eda.<\/p>\n<div class=\"v-c-cmp v-c-cmp--t1 \">\n<div class=\"v-cmp-rld v-cmp-rld--2 \">\n<div class=\"v-cnt-m v-cnt-m--m\">\n<div class=\"v-cnt-m__c\">\n<div class=\"v-cnt-m__w v-cnt-m__w--1\">\n<p class=\"v-cnt-m__t\">\nTAMBI\u00c9N TE INTERESA\n<\/p>\n<\/div>\n<\/div>\n<\/div>\n<div class=\"v-g v-g--2-c v-g--bdr-min-xs\">\n<div class=\"v-g__c \">\n<article class=\"v-a v-a--cmp-rld v-a--cmp-rld-2 v-a--p-l\">\n<div class=\"v-a-img-c\">\n<figure class=\"v-a-fig\">\n<a href=\"https:\/\/www.mujerhoy.com\/vivir\/bienestar\/agua-electrolitos-gesto-cambiando-energia-piel-saben-20260329154504-nt.html#vtm_modulosEngag=mod-rel:vivir:noticia:1:cmp:2-not\" class=\"v-a-link\" title=\"\u00bfAgua o electrolitos? El gesto que est\u00e1 cambiando la energ\u00eda (y la piel) de las que m\u00e1s saben de bienestar\"><br \/>\n<img loading=\"lazy\" class=\"v-a-img\" src=\"http:\/\/cordobainforma.info\/wp-content\/uploads\/2026\/05\/si-tienes-hambre-a-media-manana-aunque-hayas-desayunado-el-problema-no-es-el-estomago-sino-lo-que-comes-2.jpg\" alt=\"\u00bfAgua o electrolitos? El gesto que est\u00e1 cambiando la energ\u00eda (y la piel) de las que m\u00e1s saben de bienestar\"><br \/>\n<\/a><br \/>\n<\/figure>\n<\/div>\n<\/article>\n<\/div>\n<div class=\"v-g__c \">\n<article class=\"v-a v-a--cmp-rld v-a--cmp-rld-2 v-a--p-l\">\n<div class=\"v-a-img-c\">\n<figure class=\"v-a-fig\">\n<a href=\"https:\/\/www.mujerhoy.com\/vivir\/fitness\/magnesio-despues-50-anos-beneficios-metabolismo-huesos-edad-20260321211006-nt.html#vtm_modulosEngag=mod-rel:vivir:noticia:2:cmp:2-not\" class=\"v-a-link\" title=\"\u00bfMagnesio despu\u00e9s de los 50? Por qu\u00e9 este mineral es el \u00abaceite\u00bb que tu metabolismo necesita\"><br \/>\n<img loading=\"lazy\" class=\"v-a-img\" src=\"http:\/\/cordobainforma.info\/wp-content\/uploads\/2026\/05\/si-tienes-hambre-a-media-manana-aunque-hayas-desayunado-el-problema-no-es-el-estomago-sino-lo-que-comes-3.jpg\" alt=\"\u00bfMagnesio despu\u00e9s de los 50? Por qu\u00e9 este mineral es el \u00abaceite\u00bb que tu metabolismo necesita\"><br \/>\n<\/a><br \/>\n<\/figure>\n<\/div>\n<\/article>\n<\/div>\n<\/div>\n<\/div>\n<\/div>\n","protected":false},"excerpt":{"rendered":"<p>Hay un patr\u00f3n que se repite m\u00e1s de lo que parece: desayunar, llegar a media ma\u00f1ana con hambre y acabar picando cualquier cosa antes de comer. No es falta de voluntad ni un est\u00f3mago especialmente exigente. Es una cuesti\u00f3n de qu\u00e9 se pone en el plato por la ma\u00f1ana. Salena Sainz, nutricionista de Naturae Nutrici\u00f3n, [&hellip;]<\/p>\n","protected":false},"author":1,"featured_media":191008,"comment_status":"open","ping_status":"closed","sticky":false,"template":"","format":"standard","meta":[],"categories":[18],"tags":[],"_links":{"self":[{"href":"http:\/\/cordobainforma.info\/index.php\/wp-json\/wp\/v2\/posts\/191007"}],"collection":[{"href":"http:\/\/cordobainforma.info\/index.php\/wp-json\/wp\/v2\/posts"}],"about":[{"href":"http:\/\/cordobainforma.info\/index.php\/wp-json\/wp\/v2\/types\/post"}],"author":[{"embeddable":true,"href":"http:\/\/cordobainforma.info\/index.php\/wp-json\/wp\/v2\/users\/1"}],"replies":[{"embeddable":true,"href":"http:\/\/cordobainforma.info\/index.php\/wp-json\/wp\/v2\/comments?post=191007"}],"version-history":[{"count":0,"href":"http:\/\/cordobainforma.info\/index.php\/wp-json\/wp\/v2\/posts\/191007\/revisions"}],"wp:featuredmedia":[{"embeddable":true,"href":"http:\/\/cordobainforma.info\/index.php\/wp-json\/wp\/v2\/media\/191008"}],"wp:attachment":[{"href":"http:\/\/cordobainforma.info\/index.php\/wp-json\/wp\/v2\/media?parent=191007"}],"wp:term":[{"taxonomy":"category","embeddable":true,"href":"http:\/\/cordobainforma.info\/index.php\/wp-json\/wp\/v2\/categories?post=191007"},{"taxonomy":"post_tag","embeddable":true,"href":"http:\/\/cordobainforma.info\/index.php\/wp-json\/wp\/v2\/tags?post=191007"}],"curies":[{"name":"wp","href":"https:\/\/api.w.org\/{rel}","templated":true}]}}