{"id":191005,"date":"2026-05-03T06:51:02","date_gmt":"2026-05-03T06:51:02","guid":{"rendered":"https:\/\/www.mujerhoy.com\/moda\/no-te-pierdas\/vestidos-midi-nuevo-basicos-invierno-stradivarius-20260503073209-nt.html"},"modified":"2026-05-03T06:51:02","modified_gmt":"2026-05-03T06:51:02","slug":"las-novedades-de-stradivarius-de-la-semana-vestidos-negros-bolsos-de-rafia-y-muchos-basicos-de-primavera-imbatibles","status":"publish","type":"post","link":"http:\/\/cordobainforma.info\/index.php\/2026\/05\/03\/las-novedades-de-stradivarius-de-la-semana-vestidos-negros-bolsos-de-rafia-y-muchos-basicos-de-primavera-imbatibles\/","title":{"rendered":"Las novedades de Stradivarius de la semana: vestidos negros, bolsos de rafia y muchos b\u00e1sicos de primavera imbatibles"},"content":{"rendered":"<div class=\"media_block\"><\/div>\n<p><!-- AUTHOR --><\/p>\n<div class=\"voc-author-timesocial \">\n<!-- AUTHOR --><\/p>\n<div class=\"voc-author-timesocial__signature \">\n<!-- IMAGE AUTHOR -->\n<picture class=\"voc-image-signature\">\n<img class=\"voc-image-signature__img\" src=\"http:\/\/cordobainforma.info\/wp-content\/uploads\/2026\/05\/las-novedades-de-stradivarius-de-la-semana-vestidos-negros-bolsos-de-rafia-y-muchos-basicos-de-primavera-imbatibles.jpg\" alt=\"Gemma Cano\">\n<\/picture>\n<!-- INFO AUTHOR --><\/p>\n<div class=\"voc-author-timesocial__info\" data-mrf-recirculation=\"Autor\">\n<div class=\"voc-author-info\">\n<author><br \/>\n<a class=\"voc-author\" href=\"https:\/\/www.mujerhoy.com\/autor\/gemma-cano-1220.html\">Gemma Cano<\/a><br \/>\n<\/author><br \/>\n<!-- TIME --><br \/>\n<time datetime=\"2026-05-03T06:51:02Z\" data-timestamp><br \/>\nPublicado \u00b7 <span data-voc-date-modified-short> 3 de mayo de 2026, 08:51 h <\/span><br \/>\n<\/time>\n<\/div>\n<\/div>\n<\/div><\/div>\n<p><!-- COMPONENTS --><\/p>\n<p class=\"voc-paragraph\">Una semana m\u00e1s, aqu\u00ed tenemos <strong>la mejor selecci\u00f3n con las compras m\u00e1s interesantes<\/strong> de los \u00faltimos 7 d\u00edas, para que puedas renovar a tu armario al mejor precio. \u00bfQu\u00e9 te proponen tus marcas de cabecera para refrescar todos tus looks de primavera-verano? Stradivarius apuesta por una colecci\u00f3n con sabor a buen tiempo.<\/p>\n<p class=\"voc-paragraph\">Esta semana han llegado a las tiendas elegantes vestidos midi con estampado de lunares o en color negro, muchos b\u00e1sicos, como la americana blanca, totalmente imprescindibles y originales bolsos con lentejuelas. <a href=\"https:\/\/www.mujerhoy.com\/moda\/no-te-pierdas\/oysho-sfera-camisa-japonesa-prenda-perfecta-primavera-20260502181402-nt.html\" target=\"_self\" data-voc-vtm-id=\"in-text-traffic\" title=\"Camisas\" data-mrf-link=\"www.mujerhoy.com\" rel=\"noopener noreferrer\">Camisas<\/a> con estampado de cuadros, <a href=\"https:\/\/www.mujerhoy.com\/moda\/no-te-pierdas\/pantalones-tendencia-bombachos-primavera-versatiles-elegantes-20260421112655-nt.html\" target=\"_self\" data-voc-vtm-id=\"in-text-traffic\" title=\"pantalones\" data-mrf-link=\"www.mujerhoy.com\" rel=\"noopener noreferrer\">pantalones<\/a> bombachos, sandalias planas con detalles dorados y muchas otras novedades que <strong>completar\u00e1n la lista de favoritos de la semana<\/strong>.<\/p>\n<div class=\"v-c-cmp v-c-cmp--t1 \">\n<div class=\"v-cmp-rld v-cmp-rld--2 \">\n<div class=\"v-cnt-m v-cnt-m--m\">\n<div class=\"v-cnt-m__c\">\n<div class=\"v-cnt-m__w v-cnt-m__w--1\">\n<p class=\"v-cnt-m__t\">\nTAMBI\u00c9N TE INTERESA\n<\/p>\n<\/div>\n<\/div>\n<\/div>\n<div class=\"v-g v-g--2-c v-g--bdr-min-xs\">\n<div class=\"v-g__c \">\n<article class=\"v-a v-a--cmp-rld v-a--cmp-rld-2 v-a--p-l\">\n<div class=\"v-a-img-c\">\n<figure class=\"v-a-fig\">\n<a href=\"https:\/\/www.mujerhoy.com\/moda\/no-te-pierdas\/mejores-basicos-para-looks-elegantes-20260426120808-nt.html#vtm_modulosEngag=mod-rel:moda:noticia:1:cmp:2-not\" class=\"v-a-link\" title=\"Seis b\u00e1sicos que siempre hacen que mis looks parezcan m\u00e1s caros de lo que son\"><br \/>\n<img loading=\"lazy\" class=\"v-a-img\" src=\"http:\/\/cordobainforma.info\/wp-content\/uploads\/2026\/05\/las-novedades-de-stradivarius-de-la-semana-vestidos-negros-bolsos-de-rafia-y-muchos-basicos-de-primavera-imbatibles-1.jpg\" alt=\"Seis b\u00e1sicos que siempre hacen que mis looks parezcan m\u00e1s caros de lo que son\"><br \/>\n<\/a><br \/>\n<\/figure>\n<\/div>\n<\/article>\n<\/div>\n<div class=\"v-g__c \">\n<article class=\"v-a v-a--cmp-rld v-a--cmp-rld-2 v-a--p-l\">\n<div class=\"v-a-img-c\">\n<figure class=\"v-a-fig\">\n<a href=\"https:\/\/www.mujerhoy.com\/moda\/no-te-pierdas\/bolsos-rafia-originales-estilosos-buen-tiempo-primavera-2026-20260417105450-nt.html#vtm_modulosEngag=mod-rel:moda:noticia:2:cmp:2-not\" class=\"v-a-link\" title=\"Ni b\u00e1sicos, ni aburridos: los bolsos de rafia m\u00e1s originales para estrenar con el buen tiempo\"><br \/>\n<img loading=\"lazy\" class=\"v-a-img\" src=\"http:\/\/cordobainforma.info\/wp-content\/uploads\/2026\/05\/las-novedades-de-stradivarius-de-la-semana-vestidos-negros-bolsos-de-rafia-y-muchos-basicos-de-primavera-imbatibles-2.jpg\" alt=\"Ni b\u00e1sicos, ni aburridos: los bolsos de rafia m\u00e1s originales para estrenar con el buen tiempo\"><br \/>\n<\/a><br \/>\n<\/figure>\n<\/div>\n<\/article>\n<\/div>\n<\/div>\n<\/div>\n<\/div>\n<div class=\"v-c-cmp \">\n<div class=\"v-cmp-m v-cmp-m--t1\">\n<article class=\"v-a v-a--cmp-m v-c-cmp--m-p\">\n<div class=\"v-a-img-c v-a-img-c--fw-xs\">\n<div class=\"v-a-fig\">\n<div class=\"v-a-link\">\n<img loading=\"lazy\" src=\"http:\/\/cordobainforma.info\/wp-content\/uploads\/2026\/05\/las-novedades-de-stradivarius-de-la-semana-vestidos-negros-bolsos-de-rafia-y-muchos-basicos-de-primavera-imbatibles-3.jpg\" class=\"v-a-img\" width=\"650\" height=\"975\" alt=\"Bolso de rafia de Stradivarius (22,99 euros)\" data-voc-vtm-id=\"in-text-traffic\">\n<\/div><figcaption class=\"v-fc\">\n<span class=\"v-fc__t\"><br \/>\nBolso de rafia de Stradivarius (22,99 euros)<br \/>\n<\/span><br \/>\n<\/figcaption><\/div>\n<\/div>\n<\/article>\n<\/div>\n<\/div>\n<p><h3 class=\"v-cmp-suh\">\nBolso de rafia de Stradivarius (22,99 euros)<br \/>\n<\/h3>\n<\/p>\n<p class=\"voc-paragraph\">La nueva temporada ha llegado con accesorios de primavera-verano tan especiales como este dise\u00f1o con brillo. Un bolso infalible para los d\u00edas de calor con la que crear\u00e1s los mejores looks de fiesta del momento.<\/p>\n<div class=\"v-c-cmp \">\n<div class=\"v-cmp-m v-cmp-m--t1\">\n<article class=\"v-a v-a--cmp-m v-c-cmp--m-p\">\n<div class=\"v-a-img-c v-a-img-c--fw-xs\">\n<div class=\"v-a-fig\">\n<div class=\"v-a-link\">\n<img loading=\"lazy\" src=\"http:\/\/cordobainforma.info\/wp-content\/uploads\/2026\/05\/las-novedades-de-stradivarius-de-la-semana-vestidos-negros-bolsos-de-rafia-y-muchos-basicos-de-primavera-imbatibles-4.jpg\" class=\"v-a-img\" width=\"650\" height=\"975\" alt=\"Vestido midi de Stradivarius (25,99 euros)\" data-voc-vtm-id=\"in-text-traffic\">\n<\/div><figcaption class=\"v-fc\">\n<span class=\"v-fc__t\"><br \/>\nVestido midi de Stradivarius (25,99 euros)<br \/>\n<\/span><br \/>\n<\/figcaption><\/div>\n<\/div>\n<\/article>\n<\/div>\n<\/div>\n<p><h3 class=\"v-cmp-suh\">\nVestido midi de Stradivarius (25,99 euros)<br \/>\n<\/h3>\n<\/p>\n<p class=\"voc-paragraph\">Las secciones de novedades de tus tiendas favoritas est\u00e1n llegando cargadas de prendas de primavera tan especiales como este dise\u00f1o midi con estampado de lunares. Una propuesta muy elegante que aportar\u00e1 un toque sofisticado a todos tus looks de nueva temporada.<\/p>\n<div class=\"v-c-cmp \">\n<div class=\"v-cmp-m v-cmp-m--t1\">\n<article class=\"v-a v-a--cmp-m v-c-cmp--m-p\">\n<div class=\"v-a-img-c v-a-img-c--fw-xs\">\n<div class=\"v-a-fig\">\n<div class=\"v-a-link\">\n<img loading=\"lazy\" src=\"http:\/\/cordobainforma.info\/wp-content\/uploads\/2026\/05\/las-novedades-de-stradivarius-de-la-semana-vestidos-negros-bolsos-de-rafia-y-muchos-basicos-de-primavera-imbatibles-5.jpg\" class=\"v-a-img\" width=\"650\" height=\"975\" alt=\"Pantal\u00f3n negro de Stradivarius (39,99 euros)\" data-voc-vtm-id=\"in-text-traffic\">\n<\/div><figcaption class=\"v-fc\">\n<span class=\"v-fc__t\"><br \/>\nPantal\u00f3n negro de Stradivarius (39,99 euros)<br \/>\n<\/span><br \/>\n<\/figcaption><\/div>\n<\/div>\n<\/article>\n<\/div>\n<\/div>\n<p><h3 class=\"v-cmp-suh\">\nPantal\u00f3n negro de Stradivarius (39,99 euros)<br \/>\n<\/h3>\n<\/p>\n<p class=\"voc-paragraph\">Es hora de empezar a descubrir las prendas m\u00e1s vers\u00e1tiles de la nueva temporada de cara a los d\u00edas de buen tiempo. Apuesta por dise\u00f1os de corte bombacho en colores b\u00e1sicos como el negro o el camel.<\/p>\n<div class=\"v-c-cmp \">\n<div class=\"v-cmp-m v-cmp-m--t1\">\n<article class=\"v-a v-a--cmp-m v-c-cmp--m-p\">\n<div class=\"v-a-img-c v-a-img-c--fw-xs\">\n<div class=\"v-a-fig\">\n<div class=\"v-a-link\">\n<img loading=\"lazy\" src=\"http:\/\/cordobainforma.info\/wp-content\/uploads\/2026\/05\/las-novedades-de-stradivarius-de-la-semana-vestidos-negros-bolsos-de-rafia-y-muchos-basicos-de-primavera-imbatibles-6.jpg\" class=\"v-a-img\" width=\"650\" height=\"975\" alt=\"Camisa con estampado de cuadros de Stradivarius (17,99 euros)\" data-voc-vtm-id=\"in-text-traffic\">\n<\/div><figcaption class=\"v-fc\">\n<span class=\"v-fc__t\"><br \/>\nCamisa con estampado de cuadros de Stradivarius (17,99 euros)<br \/>\n<\/span><br \/>\n<\/figcaption><\/div>\n<\/div>\n<\/article>\n<\/div>\n<\/div>\n<p><h3 class=\"v-cmp-suh\">\nCamisa con estampado de cuadros de Stradivarius (17,99 euros)<br \/>\n<\/h3>\n<\/p>\n<p class=\"voc-paragraph\">Este tipo de prendas de primavera-verano son una apuesta segura para los primeros looks de la temporada. Una camisa con estampado de cuadros en blanco y azul con la que elevar\u00e1s todos tus looks diarios.<\/p>\n<div class=\"v-c-cmp \">\n<div class=\"v-cmp-m v-cmp-m--t1\">\n<article class=\"v-a v-a--cmp-m v-c-cmp--m-p\">\n<div class=\"v-a-img-c v-a-img-c--fw-xs\">\n<div class=\"v-a-fig\">\n<div class=\"v-a-link\">\n<img loading=\"lazy\" src=\"http:\/\/cordobainforma.info\/wp-content\/uploads\/2026\/05\/las-novedades-de-stradivarius-de-la-semana-vestidos-negros-bolsos-de-rafia-y-muchos-basicos-de-primavera-imbatibles-7.jpg\" class=\"v-a-img\" width=\"650\" height=\"975\" alt=\"Vestido negro de Stradivarius (25,99 euros)\" data-voc-vtm-id=\"in-text-traffic\">\n<\/div><figcaption class=\"v-fc\">\n<span class=\"v-fc__t\"><br \/>\nVestido negro de Stradivarius (25,99 euros)<br \/>\n<\/span><br \/>\n<\/figcaption><\/div>\n<\/div>\n<\/article>\n<\/div>\n<\/div>\n<p><h3 class=\"v-cmp-suh\">\nVestido negro de Stradivarius (25,99 euros)<br \/>\n<\/h3>\n<\/p>\n<p class=\"voc-paragraph\">Si hay una prenda que no puede faltar en ning\u00fan armario de primavera-verano, esa es un buen vestido negro. Un dise\u00f1o muy elegante con el que crear\u00e1s los mejores looks de fiesta. \u00a1No puede ser m\u00e1s bonito!<\/p>\n<div class=\"v-c-cmp \">\n<div class=\"v-cmp-m v-cmp-m--t1\">\n<article class=\"v-a v-a--cmp-m v-c-cmp--m-p\">\n<div class=\"v-a-img-c v-a-img-c--fw-xs\">\n<div class=\"v-a-fig\">\n<div class=\"v-a-link\">\n<img loading=\"lazy\" src=\"http:\/\/cordobainforma.info\/wp-content\/uploads\/2026\/05\/las-novedades-de-stradivarius-de-la-semana-vestidos-negros-bolsos-de-rafia-y-muchos-basicos-de-primavera-imbatibles-8.jpg\" class=\"v-a-img\" width=\"650\" height=\"975\" alt=\"Sandalias planas de Stradivarius (25,99 euros)\" data-voc-vtm-id=\"in-text-traffic\">\n<\/div><figcaption class=\"v-fc\">\n<span class=\"v-fc__t\"><br \/>\nSandalias planas de Stradivarius (25,99 euros)<br \/>\n<\/span><br \/>\n<\/figcaption><\/div>\n<\/div>\n<\/article>\n<\/div>\n<\/div>\n<p><h3 class=\"v-cmp-suh\">\nSandalias planas de Stradivarius (25,99 euros)<br \/>\n<\/h3>\n<\/p>\n<p class=\"voc-paragraph\">Siempre hay espacio para incorporar un nuevo accesorio a tu armario de primavera-verano. Si no sabes qu\u00e9 color elegir, el blanco, es una apuesta segura esta temporada. Los detalles dorados marcan la diferencia.<\/p>\n<div class=\"v-c-cmp \">\n<div class=\"v-cmp-m v-cmp-m--t1\">\n<article class=\"v-a v-a--cmp-m v-c-cmp--m-p\">\n<div class=\"v-a-img-c v-a-img-c--fw-xs\">\n<div class=\"v-a-fig\">\n<div class=\"v-a-link\">\n<img loading=\"lazy\" src=\"http:\/\/cordobainforma.info\/wp-content\/uploads\/2026\/05\/las-novedades-de-stradivarius-de-la-semana-vestidos-negros-bolsos-de-rafia-y-muchos-basicos-de-primavera-imbatibles-9.jpg\" class=\"v-a-img\" width=\"650\" height=\"975\" alt=\"Top con estampado de lunares de Stradivarius (19,99 euros)\" data-voc-vtm-id=\"in-text-traffic\">\n<\/div><figcaption class=\"v-fc\">\n<span class=\"v-fc__t\"><br \/>\nTop con estampado de lunares de Stradivarius (19,99 euros)<br \/>\n<\/span><br \/>\n<\/figcaption><\/div>\n<\/div>\n<\/article>\n<\/div>\n<\/div>\n<p><h3 class=\"v-cmp-suh\">\nTop con estampado de lunares de Stradivarius (19,99 euros)<br \/>\n<\/h3>\n<\/p>\n<p class=\"voc-paragraph\">Una prenda de fiesta completamente infalible, que elevar\u00e1 todos tus looks de primavera-verano. El estampado de lunares, en blanco y negro, se ha convertido por derecho propio en una de las tendencias clave de la nueva temporada. Ll\u00e9valo sobre un top de tirantes.<\/p>\n<div class=\"v-c-cmp \">\n<div class=\"v-cmp-m v-cmp-m--t1\">\n<article class=\"v-a v-a--cmp-m v-c-cmp--m-p\">\n<div class=\"v-a-img-c v-a-img-c--fw-xs\">\n<div class=\"v-a-fig\">\n<div class=\"v-a-link\">\n<img loading=\"lazy\" src=\"http:\/\/cordobainforma.info\/wp-content\/uploads\/2026\/05\/las-novedades-de-stradivarius-de-la-semana-vestidos-negros-bolsos-de-rafia-y-muchos-basicos-de-primavera-imbatibles-10.jpg\" class=\"v-a-img\" width=\"650\" height=\"975\" alt=\"Americana corta de Stradivarius (29,99 euros)\" data-voc-vtm-id=\"in-text-traffic\">\n<\/div><figcaption class=\"v-fc\">\n<span class=\"v-fc__t\"><br \/>\nAmericana corta de Stradivarius (29,99 euros)<br \/>\n<\/span><br \/>\n<\/figcaption><\/div>\n<\/div>\n<\/article>\n<\/div>\n<\/div>\n<p><h3 class=\"v-cmp-suh\">\nAmericana corta de Stradivarius (29,99 euros)<br \/>\n<\/h3>\n<\/p>\n<p class=\"voc-paragraph\">Y en esta selecci\u00f3n semanal no pod\u00eda faltar una prenda m\u00e1s formal en unos de los colores que siempre funciona: el blanco. Este tipo de propuestas son siempre infalibles para crear los mejores looks de oficina.<\/p>\n<div class=\"v-c-cmp \">\n<div class=\"v-cmp-m v-cmp-m--t1\">\n<article class=\"v-a v-a--cmp-m v-c-cmp--m-p\">\n<div class=\"v-a-img-c v-a-img-c--fw-xs\">\n<div class=\"v-a-fig\">\n<div class=\"v-a-link\">\n<img loading=\"lazy\" src=\"http:\/\/cordobainforma.info\/wp-content\/uploads\/2026\/05\/las-novedades-de-stradivarius-de-la-semana-vestidos-negros-bolsos-de-rafia-y-muchos-basicos-de-primavera-imbatibles-11.jpg\" class=\"v-a-img\" width=\"650\" height=\"975\" alt=\"Bolso con lentejuelas de Stradivarius (25,99 euros)\" data-voc-vtm-id=\"in-text-traffic\">\n<\/div><figcaption class=\"v-fc\">\n<span class=\"v-fc__t\"><br \/>\nBolso con lentejuelas de Stradivarius (25,99 euros)<br \/>\n<\/span><br \/>\n<\/figcaption><\/div>\n<\/div>\n<\/article>\n<\/div>\n<\/div>\n<p><h3 class=\"v-cmp-suh\">\nBolso con lentejuelas de Stradivarius (25,99 euros)<br \/>\n<\/h3>\n<\/p>\n<p class=\"voc-paragraph\">Si quieres a\u00f1adir a tu armario de primavera un dise\u00f1o realmente especial apuesta por este tipo de propuestas tejidas con detalles joya. El naranja pondr\u00e1 la nota especial a cualquier look. \u00a1No lo puedes dejar escapar! \u00c9xito asegurado.<\/p>\n<div class=\"v-c-cmp \">\n<div class=\"v-cmp-m v-cmp-m--t1\">\n<article class=\"v-a v-a--cmp-m v-c-cmp--m-p\">\n<div class=\"v-a-img-c v-a-img-c--fw-xs\">\n<div class=\"v-a-fig\">\n<div class=\"v-a-link\">\n<img loading=\"lazy\" src=\"http:\/\/cordobainforma.info\/wp-content\/uploads\/2026\/05\/las-novedades-de-stradivarius-de-la-semana-vestidos-negros-bolsos-de-rafia-y-muchos-basicos-de-primavera-imbatibles-12.jpg\" class=\"v-a-img\" width=\"650\" height=\"975\" alt=\"Pantal\u00f3n con estampado de rayas de Stradivarius (29,99 euros)\" data-voc-vtm-id=\"in-text-traffic\">\n<\/div><figcaption class=\"v-fc\">\n<span class=\"v-fc__t\"><br \/>\nPantal\u00f3n con estampado de rayas de Stradivarius (29,99 euros)<br \/>\n<\/span><br \/>\n<\/figcaption><\/div>\n<\/div>\n<\/article>\n<\/div>\n<\/div>\n<p><h3 class=\"v-cmp-suh\">\nPantal\u00f3n con estampado de rayas de Stradivarius (29,99 euros)<br \/>\n<\/h3>\n<\/p>\n<p class=\"voc-paragraph\">Y para rematar con mucho estilo nuestra lista de deseos de nueva temporada, nada mejor que un bonito pantal\u00f3n de corte bombacho. Una prenda que podr\u00e1s estrenar ahora, pero que tambi\u00e9n la lucir\u00e1s cuando llegue el verano.<\/p>\n<div class=\"v-c-cmp v-c-cmp--t1 \">\n<div class=\"v-cmp-rld v-cmp-rld--2 \">\n<div class=\"v-cnt-m v-cnt-m--m\">\n<div class=\"v-cnt-m__c\">\n<div class=\"v-cnt-m__w v-cnt-m__w--1\">\n<p class=\"v-cnt-m__t\">\nTAMBI\u00c9N TE INTERESA\n<\/p>\n<\/div>\n<\/div>\n<\/div>\n<div class=\"v-g v-g--2-c v-g--bdr-min-xs\">\n<div class=\"v-g__c \">\n<article class=\"v-a v-a--cmp-rld v-a--cmp-rld-2 v-a--p-l\">\n<div class=\"v-a-img-c\">\n<figure class=\"v-a-fig\">\n<a href=\"https:\/\/www.mujerhoy.com\/moda\/no-te-pierdas\/mejores-vestidos-minimalistas-para-dias-poca-inspiracion-20260501151427-nt.html#vtm_modulosEngag=mod-rel:moda:noticia:1:cmp:2-not\" class=\"v-a-link\" title=\"Seis vestidos minimalistas que llevar\u00e1s cuando no sepas qu\u00e9 ponerte\"><br \/>\n<img loading=\"lazy\" class=\"v-a-img\" src=\"http:\/\/cordobainforma.info\/wp-content\/uploads\/2026\/05\/las-novedades-de-stradivarius-de-la-semana-vestidos-negros-bolsos-de-rafia-y-muchos-basicos-de-primavera-imbatibles-13.jpg\" alt=\"Seis vestidos minimalistas que llevar\u00e1s cuando no sepas qu\u00e9 ponerte\"><br \/>\n<\/a><br \/>\n<\/figure>\n<\/div>\n<\/article>\n<\/div>\n<div class=\"v-g__c \">\n<article class=\"v-a v-a--cmp-rld v-a--cmp-rld-2 v-a--p-l\">\n<div class=\"v-a-img-c\">\n<figure class=\"v-a-fig\">\n<a href=\"https:\/\/www.mujerhoy.com\/moda\/no-te-pierdas\/nuevo-vestidos-midi-camisas-primavera-baratos-primark-20260502071708-nt.html#vtm_modulosEngag=mod-rel:moda:noticia:2:cmp:2-not\" class=\"v-a-link\" title=\"Las novedades de Primark de la semana: vestidos estampados, bolsos de rafia y pantalones de primavera\"><br \/>\n<img loading=\"lazy\" class=\"v-a-img\" src=\"http:\/\/cordobainforma.info\/wp-content\/uploads\/2026\/05\/las-novedades-de-stradivarius-de-la-semana-vestidos-negros-bolsos-de-rafia-y-muchos-basicos-de-primavera-imbatibles-14.jpg\" alt=\"Las novedades de Primark de la semana: vestidos estampados, bolsos de rafia y pantalones de primavera\"><br \/>\n<\/a><br \/>\n<\/figure>\n<\/div>\n<\/article>\n<\/div>\n<\/div>\n<\/div>\n<\/div>\n","protected":false},"excerpt":{"rendered":"<p>Gemma Cano Publicado \u00b7 3 de mayo de 2026, 08:51 h Una semana m\u00e1s, aqu\u00ed tenemos la mejor selecci\u00f3n con las compras m\u00e1s interesantes de los \u00faltimos 7 d\u00edas, para que puedas renovar a tu armario al mejor precio. \u00bfQu\u00e9 te proponen tus marcas de cabecera para refrescar todos tus looks de primavera-verano? Stradivarius apuesta [&hellip;]<\/p>\n","protected":false},"author":1,"featured_media":191006,"comment_status":"closed","ping_status":"closed","sticky":false,"template":"","format":"standard","meta":[],"categories":[24],"tags":[],"_links":{"self":[{"href":"http:\/\/cordobainforma.info\/index.php\/wp-json\/wp\/v2\/posts\/191005"}],"collection":[{"href":"http:\/\/cordobainforma.info\/index.php\/wp-json\/wp\/v2\/posts"}],"about":[{"href":"http:\/\/cordobainforma.info\/index.php\/wp-json\/wp\/v2\/types\/post"}],"author":[{"embeddable":true,"href":"http:\/\/cordobainforma.info\/index.php\/wp-json\/wp\/v2\/users\/1"}],"replies":[{"embeddable":true,"href":"http:\/\/cordobainforma.info\/index.php\/wp-json\/wp\/v2\/comments?post=191005"}],"version-history":[{"count":0,"href":"http:\/\/cordobainforma.info\/index.php\/wp-json\/wp\/v2\/posts\/191005\/revisions"}],"wp:featuredmedia":[{"embeddable":true,"href":"http:\/\/cordobainforma.info\/index.php\/wp-json\/wp\/v2\/media\/191006"}],"wp:attachment":[{"href":"http:\/\/cordobainforma.info\/index.php\/wp-json\/wp\/v2\/media?parent=191005"}],"wp:term":[{"taxonomy":"category","embeddable":true,"href":"http:\/\/cordobainforma.info\/index.php\/wp-json\/wp\/v2\/categories?post=191005"},{"taxonomy":"post_tag","embeddable":true,"href":"http:\/\/cordobainforma.info\/index.php\/wp-json\/wp\/v2\/tags?post=191005"}],"curies":[{"name":"wp","href":"https:\/\/api.w.org\/{rel}","templated":true}]}}