{"id":190972,"date":"2026-05-02T20:31:40","date_gmt":"2026-05-02T20:31:40","guid":{"rendered":"http:\/\/cordobainforma.info\/index.php\/2026\/05\/02\/emprendedores-cordobeses-podran-acceder-a-una-capacitacion-gratuita-de-la-agencia\/"},"modified":"2026-05-02T20:31:40","modified_gmt":"2026-05-02T20:31:40","slug":"emprendedores-cordobeses-podran-acceder-a-una-capacitacion-gratuita-de-la-agencia","status":"publish","type":"post","link":"http:\/\/cordobainforma.info\/index.php\/2026\/05\/02\/emprendedores-cordobeses-podran-acceder-a-una-capacitacion-gratuita-de-la-agencia\/","title":{"rendered":"Emprendedores cordobeses podr\u00e1n acceder a una capacitaci\u00f3n gratuita de la Agencia &#8230;"},"content":{"rendered":"<p>Luego de una primera cohorte con r\u00e9cord de inscriptos, la Agencia <b>C\u00f3rdoba<\/b> Joven abre una <b>nueva<\/b> convocatoria para anotarse en la capacitaci\u00f3n del&nbsp;&#8230; <\/p>\n","protected":false},"excerpt":{"rendered":"<p>Luego de una primera cohorte con r\u00e9cord de inscriptos, la Agencia C\u00f3rdoba Joven abre una nueva convocatoria para anotarse en la capacitaci\u00f3n del&nbsp;&#8230;<\/p>\n","protected":false},"author":1,"featured_media":0,"comment_status":"closed","ping_status":"closed","sticky":false,"template":"","format":"standard","meta":[],"categories":[23],"tags":[],"_links":{"self":[{"href":"http:\/\/cordobainforma.info\/index.php\/wp-json\/wp\/v2\/posts\/190972"}],"collection":[{"href":"http:\/\/cordobainforma.info\/index.php\/wp-json\/wp\/v2\/posts"}],"about":[{"href":"http:\/\/cordobainforma.info\/index.php\/wp-json\/wp\/v2\/types\/post"}],"author":[{"embeddable":true,"href":"http:\/\/cordobainforma.info\/index.php\/wp-json\/wp\/v2\/users\/1"}],"replies":[{"embeddable":true,"href":"http:\/\/cordobainforma.info\/index.php\/wp-json\/wp\/v2\/comments?post=190972"}],"version-history":[{"count":0,"href":"http:\/\/cordobainforma.info\/index.php\/wp-json\/wp\/v2\/posts\/190972\/revisions"}],"wp:attachment":[{"href":"http:\/\/cordobainforma.info\/index.php\/wp-json\/wp\/v2\/media?parent=190972"}],"wp:term":[{"taxonomy":"category","embeddable":true,"href":"http:\/\/cordobainforma.info\/index.php\/wp-json\/wp\/v2\/categories?post=190972"},{"taxonomy":"post_tag","embeddable":true,"href":"http:\/\/cordobainforma.info\/index.php\/wp-json\/wp\/v2\/tags?post=190972"}],"curies":[{"name":"wp","href":"https:\/\/api.w.org\/{rel}","templated":true}]}}