{"id":190967,"date":"2026-05-03T02:33:58","date_gmt":"2026-05-03T02:33:58","guid":{"rendered":"https:\/\/www.clarin.com\/deportes\/f1-gp-miami-horarios-carrera-ver-formula-1_0_GyzAAzApE5.html"},"modified":"2026-05-03T02:33:58","modified_gmt":"2026-05-03T02:33:58","slug":"f1-gp-de-miami-horarios-de-la-carrera-como-y-donde-ver-la-formula-1","status":"publish","type":"post","link":"http:\/\/cordobainforma.info\/index.php\/2026\/05\/03\/f1-gp-de-miami-horarios-de-la-carrera-como-y-donde-ver-la-formula-1\/","title":{"rendered":"F1 GP de Miami: horarios de la carrera, c\u00f3mo y d\u00f3nde ver la F\u00f3rmula 1"},"content":{"rendered":"<p><img src=\"http:\/\/cordobainforma.info\/wp-content\/uploads\/2026\/05\/f1-gp-de-miami-horarios-de-la-carrera-como-y-donde-ver-la-formula-1.jpg\"><\/p>\n<div><img src=\"http:\/\/cordobainforma.info\/wp-content\/uploads\/2026\/05\/f1-gp-de-miami-horarios-de-la-carrera-como-y-donde-ver-la-formula-1-2.jpg\" class=\"ff-og-image-inserted\"><\/div>\n<div id=\"element-body-0\" readability=\"49.439814814815\">\n<p>El clima apura la acci\u00f3n y cambia todo en <strong>Miami<\/strong>. <strong>La F\u00f3rmula 1<\/strong> decidi\u00f3 <a href=\"https:\/\/www.clarin.com\/deportes\/formula-1-adelanta-horario-largada-gp-miami-cambiar-agenda-ver-colapinto_0_g6owu1c1Lu.html\" target=\"_blank\" title=\"adelantar la largada del Gran Premio\" alt=\"adelantar la largada del Gran Premio\" rel=\"noopener noreferrer\">adelantar la largada del <\/a><strong><a href=\"https:\/\/www.clarin.com\/deportes\/formula-1-adelanta-horario-largada-gp-miami-cambiar-agenda-ver-colapinto_0_g6owu1c1Lu.html\" target=\"_blank\" title=\"adelantar la largada del Gran Premio\" alt=\"adelantar la largada del Gran Premio\" rel=\"noopener noreferrer\">Gran Premio<\/a><\/strong> por la amenaza de fuertes lluvias que podr\u00edan condicionar la carrera en el <em>Miami International Autodrome<\/em>.<\/p>\n<\/div>\n<div id=\"element-body-1\" readability=\"62\">\n<p>La prueba principal <strong>se disputar\u00e1 finalmente a las 13:00 hora local (14:00 de la Argentina)<\/strong>, tras una decisi\u00f3n conjunta entre la FIA, la FOM y los organizadores, que buscaron evitar el pico de tormentas previsto para la tarde. <\/p>\n<\/div>\n<div id=\"element-body-2\" readability=\"64\">\n<p>El ajuste impacta en toda la programaci\u00f3n. La carrera de F\u00f3rmula 2, donde compite el argentino Nicol\u00e1s Varrone, se adelant\u00f3 a las 10:25, mientras que la Porsche Carrera Cup fue directamente cancelada. Tambi\u00e9n se recortaron actividades promocionales para compactar la jornada, que terminar\u00e1 incluso antes del horario original de largada.<\/p>\n<\/div>\n<div id=\"element-body-3\" readability=\"61\">\n<p>Con este escenario, el clima vuelve a meterse de lleno en la ecuaci\u00f3n de la F\u00f3rmula 1. La posibilidad de lluvia no solo agrega incertidumbre, sino que puede redefinir estrategias en segundos y abrir oportunidades inesperadas en una carrera que ya se perfilaba impredecible.<\/p>\n<\/div>\n<div id=\"element-body-7\" readability=\"59\">\n<p>Con la grilla definida y el cielo como amenaza, Miami se prepara para una carrera en la que todo puede cambiar en cuesti\u00f3n de minutos.<\/p>\n<\/div>\n<div id=\"element-body-9\" readability=\"61\">\n<p>El <em>Miami International Autodrome<\/em> es uno de los trazados m\u00e1s nuevos del calendario de la F\u00f3rmula 1 y est\u00e1 ubicado alrededor del famoso Hard Rock Stadium, en la ciudad de Miami Gardens. Se trata de un <strong>circuito semipermanente que combina sectores de alta velocidad con curvas t\u00e9cnicas<\/strong> que suelen generar oportunidades de adelantamiento.<\/p>\n<\/div>\n<div id=\"element-body-11\" readability=\"61\">\n<p>El dise\u00f1o del trazado incluye <strong>rectas largas<\/strong>, frenadas exigentes y varias zonas DRS, lo que lo convierte en un circuito propicio para maniobras de sobrepaso y estrategias distintas durante la carrera. Entre sus principales caracter\u00edsticas se destacan: <\/p>\n<\/div>\n<div id=\"element-body-13\" readability=\"60\">\n<p>Uno de los sectores m\u00e1s t\u00e9cnicos del circuito de Miamo es la <strong>zona lenta entre las curvas 14 y 16<\/strong>, donde los pilotos deben reducir considerablemente la velocidad tras una recta larga. Ese contraste entre sectores r\u00e1pidos y t\u00e9cnicos suele ser determinante en el desarrollo de la competencia.<\/p>\n<\/div>\n<div id=\"element-body-18\" readability=\"63\">\n<p>La competencia se podr\u00e1 seguir en vivo desde Argentina a trav\u00e9s de <strong>ESPN<\/strong>, Fox Sports, la plataforma Disney+ y el servicio oficial<strong> F1 TV<\/strong>, que transmiten toda la actividad del fin de semana con c\u00e1maras a bordo, radios de equipo y seguimiento en tiempo real de cada piloto.<\/p>\n<\/div>\n","protected":false},"excerpt":{"rendered":"<p>El clima apura la acci\u00f3n y cambia todo en Miami. La F\u00f3rmula 1 decidi\u00f3 adelantar la largada del Gran Premio por la amenaza de fuertes lluvias que podr\u00edan condicionar la carrera en el Miami International Autodrome. La prueba principal se disputar\u00e1 finalmente a las 13:00 hora local (14:00 de la Argentina), tras una decisi\u00f3n conjunta [&hellip;]<\/p>\n","protected":false},"author":1,"featured_media":190968,"comment_status":"closed","ping_status":"closed","sticky":false,"template":"","format":"standard","meta":[],"categories":[20],"tags":[],"_links":{"self":[{"href":"http:\/\/cordobainforma.info\/index.php\/wp-json\/wp\/v2\/posts\/190967"}],"collection":[{"href":"http:\/\/cordobainforma.info\/index.php\/wp-json\/wp\/v2\/posts"}],"about":[{"href":"http:\/\/cordobainforma.info\/index.php\/wp-json\/wp\/v2\/types\/post"}],"author":[{"embeddable":true,"href":"http:\/\/cordobainforma.info\/index.php\/wp-json\/wp\/v2\/users\/1"}],"replies":[{"embeddable":true,"href":"http:\/\/cordobainforma.info\/index.php\/wp-json\/wp\/v2\/comments?post=190967"}],"version-history":[{"count":0,"href":"http:\/\/cordobainforma.info\/index.php\/wp-json\/wp\/v2\/posts\/190967\/revisions"}],"wp:featuredmedia":[{"embeddable":true,"href":"http:\/\/cordobainforma.info\/index.php\/wp-json\/wp\/v2\/media\/190968"}],"wp:attachment":[{"href":"http:\/\/cordobainforma.info\/index.php\/wp-json\/wp\/v2\/media?parent=190967"}],"wp:term":[{"taxonomy":"category","embeddable":true,"href":"http:\/\/cordobainforma.info\/index.php\/wp-json\/wp\/v2\/categories?post=190967"},{"taxonomy":"post_tag","embeddable":true,"href":"http:\/\/cordobainforma.info\/index.php\/wp-json\/wp\/v2\/tags?post=190967"}],"curies":[{"name":"wp","href":"https:\/\/api.w.org\/{rel}","templated":true}]}}