{"id":190955,"date":"2026-05-02T06:55:28","date_gmt":"2026-05-02T06:55:28","guid":{"rendered":"https:\/\/www.mujerhoy.com\/vivir\/decoracion\/teoria-espacio-negativo-truco-expertos-decoracion-casa-mas-grande-luminosa-20260502160028-nt.html"},"modified":"2026-05-02T06:55:28","modified_gmt":"2026-05-02T06:55:28","slug":"que-es-la-teoria-del-espacio-negativo-el-truco-que-usan-los-mejores-decoradores-para-que-tu-casa-parezca-mas-grande-y-luminosa","status":"publish","type":"post","link":"http:\/\/cordobainforma.info\/index.php\/2026\/05\/02\/que-es-la-teoria-del-espacio-negativo-el-truco-que-usan-los-mejores-decoradores-para-que-tu-casa-parezca-mas-grande-y-luminosa\/","title":{"rendered":"Qu\u00e9 es la teor\u00eda del espacio negativo, el truco que usan los mejores decoradores para que tu casa parezca m\u00e1s grande y luminosa"},"content":{"rendered":"<div class=\"media_block\"><\/div>\n<p><!-- AUTHOR --><\/p>\n<div class=\"voc-author-timesocial \">\n<!-- AUTHOR --><\/p>\n<div class=\"voc-author-timesocial__signature \">\n<!-- IMAGE AUTHOR -->\n<picture class=\"voc-image-signature\">\n<img class=\"voc-image-signature__img\" src=\"http:\/\/cordobainforma.info\/wp-content\/uploads\/2026\/05\/que-es-la-teoria-del-espacio-negativo-el-truco-que-usan-los-mejores-decoradores-para-que-tu-casa-parezca-mas-grande-y-luminosa.jpg\" alt=\"Ana Calvo\">\n<\/picture>\n<!-- INFO AUTHOR --><\/p>\n<div class=\"voc-author-timesocial__info\" data-mrf-recirculation=\"Autor\">\n<div class=\"voc-author-info\">\n<author><br \/>\n<a class=\"voc-author\" href=\"https:\/\/www.mujerhoy.com\/autor\/ana-calvo-1186.html\">Ana Calvo<\/a><br \/>\n<\/author><br \/>\n<!-- TIME --><br \/>\n<time datetime=\"2026-05-02T06:55:28Z\" data-timestamp><br \/>\nPublicado \u00b7 <span data-voc-date-modified-short> 2 de mayo de 2026, 08:55 h <\/span><br \/>\n<\/time>\n<\/div>\n<\/div>\n<\/div><\/div>\n<p><!-- COMPONENTS --><\/p>\n<p class=\"voc-paragraph\">Los <a href=\"https:\/\/www.mujerhoy.com\/vivir\/decoracion\/predicciones-deco-2026-lorenzo-meazza-experto-interiorista-como-seran-casas-mas-bonitas-20260202122100-nt.html\" title=\"www.mujerhoy.com\" data-voc-vtm-id=\"in-text-traffic\" data-mrf-link=\"www.mujerhoy.com\">mejores decoradores y los expertos interioristas<\/a> lo tienen claro: frente al ruido visual y el horror vacui, aire. Este truco de experto que cada vez se usa m\u00e1s en espacios dom\u00e9sticos tiene nombre, <strong>teor\u00eda del espacio negativo<\/strong>, y te aseguramos que es la clave para que los espacios, y <a href=\"https:\/\/www.mujerhoy.com\/vivir\/decoracion\/teoria-espejos-truco-deco-expertos-casa-mas-grande-luminosa-20250829150748-nt.html\" title=\"www.mujerhoy.com\" data-voc-vtm-id=\"in-text-traffic\" data-mrf-link=\"www.mujerhoy.com\">tu propia casa, parezcan m\u00e1s grandes y luminosos<\/a>.<\/p>\n<p class=\"voc-paragraph\">Uno de los <a href=\"https:\/\/www.mujerhoy.com\/vivir\/decoracion\/cinco-errores-decoracion-casa-parece-anticuada-como-solucionarlo-tendencias-bonitas-baratas-20260330143153-nt.html\" title=\"www.mujerhoy.com\" data-voc-vtm-id=\"in-text-traffic\" data-mrf-link=\"www.mujerhoy.com\">grandes errores deco<\/a> que todas tendemos a cometer es llenar nuestra casa de cosas. M\u00e1s all\u00e1 de gustos y est\u00e9ticas, esta acumulaci\u00f3n de elementos provoca que los espacios se ven m\u00e1s abigarrados, desordenados y estrechos. Por eso, si atendemos a la teor\u00eda del espacio negativo, el secreto no est\u00e1 tanto en centrarse en los elementos que llenan las habitaciones, sino en <strong>las \u00e1reas vac\u00edas que quedan<\/strong> y que son cruciales para definir los espacios. <\/p>\n<div class=\"v-c-cmp v-c-cmp--t1 \">\n<div class=\"v-cmp-rld v-cmp-rld--2 \">\n<div class=\"v-cnt-m v-cnt-m--m\">\n<div class=\"v-cnt-m__c\">\n<div class=\"v-cnt-m__w v-cnt-m__w--1\">\n<p class=\"v-cnt-m__t\">\nTAMBI\u00c9N TE INTERESA\n<\/p>\n<\/div>\n<\/div>\n<\/div>\n<div class=\"v-g v-g--2-c v-g--bdr-min-xs\">\n<div class=\"v-g__c \">\n<article class=\"v-a v-a--cmp-rld v-a--cmp-rld-2 v-a--p-l\">\n<div class=\"v-a-img-c\">\n<figure class=\"v-a-fig\">\n<a href=\"https:\/\/www.mujerhoy.com\/vivir\/decoracion\/reforma-impresionante-piso-pequeno-35-metros-oscuro-apartamento-luminoso-fotos-antes-despues-20260421163649-nt.html#vtm_modulosEngag=mod-rel:vivir:noticia:1:cmp:2-not\" class=\"v-a-link\" title=\"La incre\u00edble transformaci\u00f3n de un diminuto piso oscuro de 35 metros en un apartamento precioso, funcional y lleno de luz\"><br \/>\n<img loading=\"lazy\" class=\"v-a-img\" src=\"http:\/\/cordobainforma.info\/wp-content\/uploads\/2026\/05\/que-es-la-teoria-del-espacio-negativo-el-truco-que-usan-los-mejores-decoradores-para-que-tu-casa-parezca-mas-grande-y-luminosa-1.jpg\" alt=\"La incre\u00edble transformaci\u00f3n de un diminuto piso oscuro de 35 metros en un apartamento precioso, funcional y lleno de luz\"><br \/>\n<\/a><br \/>\n<\/figure>\n<\/div>\n<\/article>\n<\/div>\n<div class=\"v-g__c \">\n<article class=\"v-a v-a--cmp-rld v-a--cmp-rld-2 v-a--p-l\">\n<div class=\"v-a-img-c\">\n<figure class=\"v-a-fig\">\n<a href=\"https:\/\/www.mujerhoy.com\/vivir\/decoracion\/trucos-como-usar-bien-luz-color-decoracion-casa-inspiracion-cuadros-famosos-20260415155015-nt.html#vtm_modulosEngag=mod-rel:vivir:noticia:2:cmp:2-not\" class=\"v-a-link\" title=\"Insp\u00edrate en estos cuadros famosos para usar mejor la luz y el color en la decoraci\u00f3n de tu casa\"><br \/>\n<img loading=\"lazy\" class=\"v-a-img\" src=\"http:\/\/cordobainforma.info\/wp-content\/uploads\/2026\/05\/que-es-la-teoria-del-espacio-negativo-el-truco-que-usan-los-mejores-decoradores-para-que-tu-casa-parezca-mas-grande-y-luminosa-2.jpg\" alt=\"Insp\u00edrate en estos cuadros famosos para usar mejor la luz y el color en la decoraci\u00f3n de tu casa\"><br \/>\n<\/a><br \/>\n<\/figure>\n<\/div>\n<\/article>\n<\/div>\n<\/div>\n<\/div>\n<\/div>\n<p class=\"voc-paragraph\">Para entender esta teor\u00eda del espacio negativo hay que viajar hasta <strong>el origen<\/strong>. Heredada directamente del arte cl\u00e1sico y la pintura japonesa, est\u00e1 presente en la arquitectura de grandes figuras como Mies van der Rohe, Tadao Ando o Zaha Hadid, que lo aplicaron con maestr\u00eda jugando con la luz natural como un elemento estructural m\u00e1s y apostando por paredes m\u00e1s delgadas, ventanas amplias y espacios que parec\u00edan mucho m\u00e1s amplios que los del dise\u00f1o tradicional. <\/p>\n<p class=\"voc-paragraph\">Este concepto arquitect\u00f3nico en origen se ha extrapolado, como no pod\u00eda ser de otra forma, al \u00e1mbito de la decoraci\u00f3n y el interiorismo para transformar estancias y darles una sensaci\u00f3n de amplitud visual, como vemos en tendencias de plena actualidad como <strong>el minimalismo c\u00e1lido, el estilo n\u00f3rdico o escandinavo y el japandi<\/strong>.<\/p>\n<div class=\"v-c-cmp v-c-cmp--s\">\n<div class=\"v-cmp-m \">\n<article class=\"v-a v-a--cmp-m v-c-cmp--m-z\">\n<div class=\"v-a-img-c \">\n<div class=\"v-a-fig\">\n<button class=\"v-a-link\" popovertarget=\"photo-273\"><br \/>\n<img loading=\"lazy\" src=\"http:\/\/cordobainforma.info\/wp-content\/uploads\/2026\/05\/que-es-la-teoria-del-espacio-negativo-el-truco-que-usan-los-mejores-decoradores-para-que-tu-casa-parezca-mas-grande-y-luminosa-3.jpg\" class=\"v-a-img\" width=\"650\" height=\"650\" alt=\"Sal\u00f3n de estilo japandi.\" data-voc-vtm-id=\"in-text-traffic\"> <\/button><figcaption class=\"v-fc\">\n<span class=\"v-fc__t\"><br \/>\nSal\u00f3n de estilo japandi.<br \/>\n<\/span><br \/>\n<span class=\"v-fc__p\"><br \/>\nPexels<br \/>\n<\/span><br \/>\n<\/figcaption><\/div>\n<\/div>\n<div id=\"photo-273\" popover class=\"v-mdl v-mdl--fw\">\n<button class=\"v-x\" popovertarget=\"photo-273\" popovertargetaction=\"hide\"><br \/>\n<span class=\"v-i\"><br \/>\n<svg width=\"24\" height=\"23.996\" viewBox=\"0 0 24 23.996\">\n<path data-name=\"Uni\u00f3n 29\" d=\"M12,14.03,2.031,24,0,21.963,9.968,12,0,2.033,2.031,0,12,9.966,21.969,0,24,2.033,14.032,12,24,21.963,21.969,24Z\" \/>\n<\/svg><br \/>\n<\/span><br \/>\n<\/button><\/p>\n<div class=\"v-mdl__c\">\n<div class=\"v-mdl__w\">\n<img loading=\"lazy\" src=\"http:\/\/cordobainforma.info\/wp-content\/uploads\/2026\/05\/que-es-la-teoria-del-espacio-negativo-el-truco-que-usan-los-mejores-decoradores-para-que-tu-casa-parezca-mas-grande-y-luminosa-3.jpg\" class=\"v-mdl__img-z\" width=\"650\" height=\"650\" alt>\n<\/div>\n<\/div>\n<\/div>\n<p><span class=\"v-bdp\"><\/span><br \/>\n<\/article>\n<\/div>\n<\/div>\n<p><h3 class=\"v-cmp-suh\">\nC\u00f3mo aplicar la teor\u00eda del espacio negativo en tu casa<br \/>\n<\/h3>\n<\/p>\n<p class=\"voc-paragraph\">As\u00ed, la importancia del espacio negativo en interiorismo no radica en lo que se ve sino, sobre todo, en lo que no se ve y es capaz de crear una sensaci\u00f3n de fluidez y mayor amplitud. En ese vac\u00edo invisible que<strong> genera armon\u00eda y equilibrio<\/strong> en el conjunto a trav\u00e9s de las zonas desnudas que rodean y definen los objetos.<\/p>\n<p class=\"voc-paragraph\">La clave est\u00e1 en <strong>liberar la estancia de ruido visual y permitir que respire<\/strong>, eliminando los objetos innecesarios desde un punto de vista funcional. De esta manera, como ocurre con los espacios open-concept, los ojos de quien observa y habita pueden deslizarse sin obst\u00e1culos, consiguiendo que el espacio se ampl\u00ede m\u00e1s all\u00e1 de las dimensiones f\u00edsicas de la habitaci\u00f3n.<\/p>\n<p class=\"voc-paragraph\">Al <strong>aplicar la teor\u00eda del espacio negativo<\/strong> en la decoraci\u00f3n de una casa cada elemento tiene la oportunidad de destacar La disposici\u00f3n correcta de los muebles con suficiente espacio a su alrededor, la elecci\u00f3n adecuada de la paleta de colores, la eliminaci\u00f3n de adornos innecesarios y la incorporaci\u00f3n consciente de zonas vac\u00edas permiten que nos fijemos en los detalles importantes sin sobrecargar el conjunto, al tiempo que conseguimos que la estancia parezca m\u00e1s amplia, organizada y accesible.<\/p>\n<div class=\"v-c-cmp v-c-cmp--s\">\n<div class=\"v-cmp-m \">\n<article class=\"v-a v-a--cmp-m v-c-cmp--m-z\">\n<div class=\"v-a-img-c \">\n<div class=\"v-a-fig\">\n<button class=\"v-a-link\" popovertarget=\"photo-864\"><br \/>\n<img loading=\"lazy\" src=\"http:\/\/cordobainforma.info\/wp-content\/uploads\/2026\/05\/que-es-la-teoria-del-espacio-negativo-el-truco-que-usan-los-mejores-decoradores-para-que-tu-casa-parezca-mas-grande-y-luminosa-4.jpg\" class=\"v-a-img\" width=\"650\" height=\"650\" alt data-voc-vtm-id=\"in-text-traffic\"> <\/button><figcaption class=\"v-fc\">\n<span class=\"v-fc__p\"><br \/>\nPexels<br \/>\n<\/span><br \/>\n<\/figcaption><\/div>\n<\/div>\n<div id=\"photo-864\" popover class=\"v-mdl v-mdl--fw\">\n<button class=\"v-x\" popovertarget=\"photo-864\" popovertargetaction=\"hide\"><br \/>\n<span class=\"v-i\"><br \/>\n<svg width=\"24\" height=\"23.996\" viewBox=\"0 0 24 23.996\">\n<path data-name=\"Uni\u00f3n 29\" d=\"M12,14.03,2.031,24,0,21.963,9.968,12,0,2.033,2.031,0,12,9.966,21.969,0,24,2.033,14.032,12,24,21.963,21.969,24Z\" \/>\n<\/svg><br \/>\n<\/span><br \/>\n<\/button><\/p>\n<div class=\"v-mdl__c\">\n<div class=\"v-mdl__w\">\n<img loading=\"lazy\" src=\"http:\/\/cordobainforma.info\/wp-content\/uploads\/2026\/05\/que-es-la-teoria-del-espacio-negativo-el-truco-que-usan-los-mejores-decoradores-para-que-tu-casa-parezca-mas-grande-y-luminosa-4.jpg\" class=\"v-mdl__img-z\" width=\"650\" height=\"650\" alt>\n<\/div>\n<\/div>\n<\/div>\n<p><span class=\"v-bdp\"><\/span><br \/>\n<\/article>\n<\/div>\n<\/div>\n<p class=\"voc-paragraph\">Adem\u00e1s, el uso del espacio negativo tambi\u00e9n favorece la distribuci\u00f3n de <strong>la iluminaci\u00f3n natural<\/strong>. En una casa peque\u00f1a o en estancias oscuras, este vac\u00edo estrat\u00e9gico y consciente permite que la luz se distribuya de manera m\u00e1s eficiente. Cuando se abren ventanas y vanos, se eliminan tabiques y muebles grandes o, simplemente, se organiza el espacio de forma que los elementos decorativos ocupen zonas espec\u00edficas, los rayos de luz tienen libertad para recorrer todos los espacios, creando una atm\u00f3sfera m\u00e1s c\u00e1lida, luminosa y abierta. <\/p>\n<p class=\"voc-paragraph\">Al evitar la saturaci\u00f3n y darle valor a lo que no est\u00e1 presente, la teor\u00eda del espacio negativo consigue un ambiente sofisticado y equilibrado que eleva el menos es m\u00e1s a otra dimensi\u00f3n. Por \u00faltimo, al crearse espacios m\u00e1s limpios, se genera mayor sensaci\u00f3n de libertad, calma, serenidad y orden, lo que <strong>favorece la creatividad, el descanso y la reflexi\u00f3n<\/strong>.<\/p>\n<div class=\"v-c-cmp v-c-cmp--t1 \">\n<div class=\"v-cmp-rld v-cmp-rld--2 \">\n<div class=\"v-cnt-m v-cnt-m--m\">\n<div class=\"v-cnt-m__c\">\n<div class=\"v-cnt-m__w v-cnt-m__w--1\">\n<p class=\"v-cnt-m__t\">\nTAMBI\u00c9N TE INTERESA\n<\/p>\n<\/div>\n<\/div>\n<\/div>\n<div class=\"v-g v-g--2-c v-g--bdr-min-xs\">\n<div class=\"v-g__c \">\n<article class=\"v-a v-a--cmp-rld v-a--cmp-rld-2 v-a--p-l\">\n<div class=\"v-a-img-c\">\n<figure class=\"v-a-fig\">\n<a href=\"https:\/\/www.mujerhoy.com\/vivir\/decoracion\/colores-tendencia-decoracion-primavera-verano-azul-precioso-baby-blue-facil-combinar-muebles-bonitos-20260409160817-nt.html#vtm_modulosEngag=mod-rel:vivir:noticia:1:cmp:2-not\" class=\"v-a-link\" title=\"Este azul precioso es el color tendencia de la primavera-verano: c\u00f3mo combinarlo y d\u00f3nde comprar los muebles m\u00e1s bonitos\"><br \/>\n<img loading=\"lazy\" class=\"v-a-img\" src=\"http:\/\/cordobainforma.info\/wp-content\/uploads\/2026\/05\/que-es-la-teoria-del-espacio-negativo-el-truco-que-usan-los-mejores-decoradores-para-que-tu-casa-parezca-mas-grande-y-luminosa-5.jpg\" alt=\"Este azul precioso es el color tendencia de la primavera-verano: c\u00f3mo combinarlo y d\u00f3nde comprar los muebles m\u00e1s bonitos\"><br \/>\n<\/a><br \/>\n<\/figure>\n<\/div>\n<\/article>\n<\/div>\n<div class=\"v-g__c \">\n<article class=\"v-a v-a--cmp-rld v-a--cmp-rld-2 v-a--p-l\">\n<div class=\"v-a-img-c\">\n<figure class=\"v-a-fig\">\n<a href=\"https:\/\/www.mujerhoy.com\/vivir\/decoracion\/tendencias-decoracion-primavera-muebles-colores-amazon-baratos-20260311162321-nt.html#vtm_modulosEngag=mod-rel:vivir:noticia:2:cmp:2-not\" class=\"v-a-link\" title=\"Los muebles de colores son tendencia esta primavera y estos siete arrasan en Amazon porque son preciosos y muy baratos\"><br \/>\n<img loading=\"lazy\" class=\"v-a-img\" src=\"http:\/\/cordobainforma.info\/wp-content\/uploads\/2026\/05\/que-es-la-teoria-del-espacio-negativo-el-truco-que-usan-los-mejores-decoradores-para-que-tu-casa-parezca-mas-grande-y-luminosa-6.jpg\" alt=\"Los muebles de colores son tendencia esta primavera y estos siete arrasan en Amazon porque son preciosos y muy baratos\"><br \/>\n<\/a><br \/>\n<\/figure>\n<\/div>\n<\/article>\n<\/div>\n<\/div>\n<\/div>\n<\/div>\n","protected":false},"excerpt":{"rendered":"<p>Ana Calvo Publicado \u00b7 2 de mayo de 2026, 08:55 h Los mejores decoradores y los expertos interioristas lo tienen claro: frente al ruido visual y el horror vacui, aire. Este truco de experto que cada vez se usa m\u00e1s en espacios dom\u00e9sticos tiene nombre, teor\u00eda del espacio negativo, y te aseguramos que es la [&hellip;]<\/p>\n","protected":false},"author":1,"featured_media":190956,"comment_status":"open","ping_status":"closed","sticky":false,"template":"","format":"standard","meta":[],"categories":[18],"tags":[],"_links":{"self":[{"href":"http:\/\/cordobainforma.info\/index.php\/wp-json\/wp\/v2\/posts\/190955"}],"collection":[{"href":"http:\/\/cordobainforma.info\/index.php\/wp-json\/wp\/v2\/posts"}],"about":[{"href":"http:\/\/cordobainforma.info\/index.php\/wp-json\/wp\/v2\/types\/post"}],"author":[{"embeddable":true,"href":"http:\/\/cordobainforma.info\/index.php\/wp-json\/wp\/v2\/users\/1"}],"replies":[{"embeddable":true,"href":"http:\/\/cordobainforma.info\/index.php\/wp-json\/wp\/v2\/comments?post=190955"}],"version-history":[{"count":0,"href":"http:\/\/cordobainforma.info\/index.php\/wp-json\/wp\/v2\/posts\/190955\/revisions"}],"wp:featuredmedia":[{"embeddable":true,"href":"http:\/\/cordobainforma.info\/index.php\/wp-json\/wp\/v2\/media\/190956"}],"wp:attachment":[{"href":"http:\/\/cordobainforma.info\/index.php\/wp-json\/wp\/v2\/media?parent=190955"}],"wp:term":[{"taxonomy":"category","embeddable":true,"href":"http:\/\/cordobainforma.info\/index.php\/wp-json\/wp\/v2\/categories?post=190955"},{"taxonomy":"post_tag","embeddable":true,"href":"http:\/\/cordobainforma.info\/index.php\/wp-json\/wp\/v2\/tags?post=190955"}],"curies":[{"name":"wp","href":"https:\/\/api.w.org\/{rel}","templated":true}]}}