{"id":190951,"date":"2026-05-02T06:47:02","date_gmt":"2026-05-02T06:47:02","guid":{"rendered":"https:\/\/www.mujerhoy.com\/moda\/no-te-pierdas\/marcas-triunfan-madrilenas-vestir-diferente-looks-especiales-20260502004109-nt.html"},"modified":"2026-05-02T06:47:02","modified_gmt":"2026-05-02T06:47:02","slug":"6-marcas-que-triunfan-entre-las-madrilenas-para-vestir-diferente-y-con-looks-especiales","status":"publish","type":"post","link":"http:\/\/cordobainforma.info\/index.php\/2026\/05\/02\/6-marcas-que-triunfan-entre-las-madrilenas-para-vestir-diferente-y-con-looks-especiales\/","title":{"rendered":"6 marcas que triunfan entre las madrile\u00f1as para vestir diferente y con looks especiales"},"content":{"rendered":"<div class=\"media_block\"><\/div>\n<p><!-- AUTHOR --><\/p>\n<div class=\"voc-author-timesocial \">\n<!-- AUTHOR --><\/p>\n<div class=\"voc-author-timesocial__signature \">\n<!-- IMAGE AUTHOR -->\n<picture class=\"voc-image-signature\">\n<img class=\"voc-image-signature__img\" src=\"http:\/\/cordobainforma.info\/wp-content\/uploads\/2026\/05\/6-marcas-que-triunfan-entre-las-madrilenas-para-vestir-diferente-y-con-looks-especiales.jpg\" alt=\"Raquel Rodr\u00edguez\">\n<\/picture>\n<!-- INFO AUTHOR --> <\/div><\/div>\n<p><!-- COMPONENTS --><\/p>\n<p class=\"voc-paragraph\">\u00bfBuscas vestir diferente m\u00e1s all\u00e1 de lo que encuentras en las <a href=\"https:\/\/www.mujerhoy.com\/moda\/no-te-pierdas\/vestido-midi-nuevo-basicos-baratos-zara-20260427073110-nt.html\" title=\"www.mujerhoy.com\" data-voc-vtm-id=\"in-text-traffic\" data-mrf-link=\"www.mujerhoy.com\">novedades de Zara<\/a>? Pues aunque suponga un desembolso un poco mayor, lo cierto es que hay mil opciones donde fichar <strong>piezas mucho m\u00e1s sofisticadas <\/strong>y que te ayudan a marcar la diferencia. Y las madrile\u00f1as son las mejores referentes en eso.<\/p>\n<p class=\"voc-paragraph\">A pesar de que el street style de las portuguesas y las danesas est\u00e1n en el top de los estilos m\u00e1s inspiradores, las chicas de la capital espa\u00f1ola no se quedan atr\u00e1s. Y, \u00bfc\u00f3mo lo hacen? Recurriendo a<strong> piezas rom\u00e1nticas donde el color y los estampados son clave<\/strong>. Y estas son algunas de las marcas donde puedes encontrarlas.<\/p>\n<div class=\"v-c-cmp v-c-cmp--t1 \">\n<div class=\"v-cmp-rld v-cmp-rld--2 \">\n<div class=\"v-cnt-m v-cnt-m--m\">\n<div class=\"v-cnt-m__c\">\n<div class=\"v-cnt-m__w v-cnt-m__w--1\">\n<p class=\"v-cnt-m__t\">\nTAMBI\u00c9N TE INTERESA\n<\/p>\n<\/div>\n<\/div>\n<\/div>\n<div class=\"v-g v-g--2-c v-g--bdr-min-xs\">\n<div class=\"v-g__c \">\n<article class=\"v-a v-a--cmp-rld v-a--cmp-rld-2 v-a--p-l\">\n<div class=\"v-a-img-c\">\n<figure class=\"v-a-fig\">\n<a href=\"https:\/\/www.mujerhoy.com\/moda\/no-te-pierdas\/revolucion-silenciosa-fast-fashion-marcas-moda-aspiran-lujo-accesible-zara-hym-mango-primark-20260427160246-nt.html#vtm_modulosEngag=mod-rel:moda:noticia:1:cmp:2-not\" class=\"v-a-link\" title=\"La revoluci\u00f3n silenciosa del fast fashion o c\u00f3mo las marcas aspiran a ser lujo accesible\"><br \/>\n<img loading=\"lazy\" class=\"v-a-img\" src=\"http:\/\/cordobainforma.info\/wp-content\/uploads\/2026\/05\/6-marcas-que-triunfan-entre-las-madrilenas-para-vestir-diferente-y-con-looks-especiales-1.jpg\" alt=\"La revoluci\u00f3n silenciosa del fast fashion o c\u00f3mo las marcas aspiran a ser lujo accesible\"><br \/>\n<\/a><br \/>\n<\/figure>\n<\/div>\n<\/article>\n<\/div>\n<div class=\"v-g__c \">\n<article class=\"v-a v-a--cmp-rld v-a--cmp-rld-2 v-a--p-l\">\n<div class=\"v-a-img-c\">\n<figure class=\"v-a-fig\">\n<a href=\"https:\/\/www.mujerhoy.com\/moda\/no-te-pierdas\/marcas-vestidos-invitada-diferentes-encontrar-look-boda-original-20260416191529-nt.html#vtm_modulosEngag=mod-rel:moda:noticia:2:cmp:2-not\" class=\"v-a-link\" title=\"9 marcas de vestidos de invitada diferentes donde encontrar un look original y elegante\"><br \/>\n<img loading=\"lazy\" class=\"v-a-img\" src=\"http:\/\/cordobainforma.info\/wp-content\/uploads\/2026\/05\/6-marcas-que-triunfan-entre-las-madrilenas-para-vestir-diferente-y-con-looks-especiales-2.jpg\" alt=\"9 marcas de vestidos de invitada diferentes donde encontrar un look original y elegante\"><br \/>\n<\/a><br \/>\n<\/figure>\n<\/div>\n<\/article>\n<\/div>\n<\/div>\n<\/div>\n<\/div>\n<div class=\"v-c-cmp \">\n<div class=\"v-cmp-m v-cmp-m--t1\">\n<article class=\"v-a v-a--cmp-m v-c-cmp--m-p\">\n<div class=\"v-a-img-c v-a-img-c--fw-xs\">\n<div class=\"v-a-fig\">\n<div class=\"v-a-link\">\n<img loading=\"lazy\" src=\"http:\/\/cordobainforma.info\/wp-content\/uploads\/2026\/05\/6-marcas-que-triunfan-entre-las-madrilenas-para-vestir-diferente-y-con-looks-especiales.png\" class=\"v-a-img\" width=\"650\" height=\"975\" alt data-voc-vtm-id=\"in-text-traffic\">\n<\/div>\n<\/div>\n<\/div>\n<\/article>\n<\/div>\n<\/div>\n<p><h3 class=\"v-cmp-suh\">\nMar\u00c0vic<br \/>\n<\/h3>\n<\/p>\n<p class=\"voc-paragraph\">Mar\u00c0vic es una firma &#8216;made in Spain&#8217; que apuesta por dise\u00f1os con identidad propia, atemporales y confeccionados con tejidos de alta calidad. Fundada en 2021 por Victoria Cardiel, la marca nace con una clara vocaci\u00f3n creativa y un fuerte compromiso con la excelencia artesanal. Su ADN se sustenta en valores como la creatividad, la autenticidad y una feminidad atemporal, respaldados por la producci\u00f3n local y procesos responsables. De est\u00e9tica bohemia e intensamente femenina, Mar\u00c0vic impregna cada colecci\u00f3n de color y estampados \u00fanicos, pensados para mujeres que desean diferenciarse y expresar su personalidad a trav\u00e9s de la moda.<\/p>\n<div class=\"v-c-cmp \">\n<div class=\"v-cmp-m v-cmp-m--t1\">\n<article class=\"v-a v-a--cmp-m v-c-cmp--m-p\">\n<div class=\"v-a-img-c v-a-img-c--fw-xs\">\n<div class=\"v-a-fig\">\n<div class=\"v-a-link\">\n<img loading=\"lazy\" src=\"http:\/\/cordobainforma.info\/wp-content\/uploads\/2026\/05\/6-marcas-que-triunfan-entre-las-madrilenas-para-vestir-diferente-y-con-looks-especiales-1.png\" class=\"v-a-img\" width=\"650\" height=\"975\" alt data-voc-vtm-id=\"in-text-traffic\">\n<\/div>\n<\/div>\n<\/div>\n<\/article>\n<\/div>\n<\/div>\n<p><h3 class=\"v-cmp-suh\">\nRiviet<br \/>\n<\/h3>\n<\/p>\n<p class=\"voc-paragraph\">Riviet es color, estampados, y creatividad sin miedo. Es la evoluci\u00f3n natural de una idea que buscaba algo distinto y que encontr\u00f3 su identidad en la artesan\u00eda, en el detalle y en la autenticidad. Pero, sobre todo, Riviet es una invitaci\u00f3n a expresarse, a vestir con personalidad y a recordar que a veces solo hace falta un poco de valent\u00eda para transformar una idea en algo real.<\/p>\n<div class=\"v-c-cmp \">\n<div class=\"v-cmp-m v-cmp-m--t1\">\n<article class=\"v-a v-a--cmp-m v-c-cmp--m-p\">\n<div class=\"v-a-img-c v-a-img-c--fw-xs\">\n<div class=\"v-a-fig\">\n<div class=\"v-a-link\">\n<img loading=\"lazy\" src=\"http:\/\/cordobainforma.info\/wp-content\/uploads\/2026\/05\/6-marcas-que-triunfan-entre-las-madrilenas-para-vestir-diferente-y-con-looks-especiales-2.png\" class=\"v-a-img\" width=\"650\" height=\"975\" alt data-voc-vtm-id=\"in-text-traffic\">\n<\/div>\n<\/div>\n<\/div>\n<\/article>\n<\/div>\n<\/div>\n<p><h3 class=\"v-cmp-suh\">\nLaganini<br \/>\n<\/h3>\n<\/p>\n<p class=\"voc-paragraph\">Laganini es una marca que nace en Zaragoza y cultiva el esp\u00edritu de libertad con cuestiones sociales, medioambientales y \u00e9ticas. Con una filosof\u00eda slow life- slow fashion, creen que existe otra manera de hacer moda. Por ello, hacen peque\u00f1as producciones Limited Edition para asegurarse de crear solamente lo necesario, cuidando as\u00ed de nuestras materias primas para durar y evolucionar contigo a lo largo del tiempo.<\/p>\n<div class=\"v-c-cmp \">\n<div class=\"v-cmp-m v-cmp-m--t1\">\n<article class=\"v-a v-a--cmp-m v-c-cmp--m-p\">\n<div class=\"v-a-img-c v-a-img-c--fw-xs\">\n<div class=\"v-a-fig\">\n<div class=\"v-a-link\">\n<img loading=\"lazy\" src=\"http:\/\/cordobainforma.info\/wp-content\/uploads\/2026\/05\/6-marcas-que-triunfan-entre-las-madrilenas-para-vestir-diferente-y-con-looks-especiales-3.png\" class=\"v-a-img\" width=\"650\" height=\"975\" alt data-voc-vtm-id=\"in-text-traffic\">\n<\/div>\n<\/div>\n<\/div>\n<\/article>\n<\/div>\n<\/div>\n<p><h3 class=\"v-cmp-suh\">\nRitaVon<br \/>\n<\/h3>\n<\/p>\n<p class=\"voc-paragraph\">RitaVon es una marca espa\u00f1ola de moda nacida en el a\u00f1o 2009 que destaca por su creatividad, su atenci\u00f3n al detalle y su pasi\u00f3n por las prendas bien hechas. Con cada colecci\u00f3n, apuesta por una est\u00e9tica \u00fanica, que combina tradici\u00f3n y creatividad, y un firme compromiso con la calidad y el dise\u00f1o.<\/p>\n<div class=\"v-c-cmp \">\n<div class=\"v-cmp-m v-cmp-m--t1\">\n<article class=\"v-a v-a--cmp-m v-c-cmp--m-p\">\n<div class=\"v-a-img-c v-a-img-c--fw-xs\">\n<div class=\"v-a-fig\">\n<div class=\"v-a-link\">\n<img loading=\"lazy\" src=\"http:\/\/cordobainforma.info\/wp-content\/uploads\/2026\/05\/6-marcas-que-triunfan-entre-las-madrilenas-para-vestir-diferente-y-con-looks-especiales-4.png\" class=\"v-a-img\" width=\"650\" height=\"975\" alt data-voc-vtm-id=\"in-text-traffic\">\n<\/div>\n<\/div>\n<\/div>\n<\/article>\n<\/div>\n<\/div>\n<p><h3 class=\"v-cmp-suh\">\nNurrk<br \/>\n<\/h3>\n<\/p>\n<p class=\"voc-paragraph\">Nurrk naci\u00f3 en 2021 de la mano de \u00c1lex Ses\u00e9, fusionando la energ\u00eda de Nueva York y las ra\u00edces de Urrea de Ga\u00e9n (Teruel). Con un profundo compromiso con la sostenibilidad, la marca crea piezas \u00fanicas que fusionan tradici\u00f3n y modernidad, todas producidas en Espa\u00f1a. Sus estampados, como el ic\u00f3nico print de langosta, se han convertido en un distintivo de esta marca que naci\u00f3 para ofrecer una moda aut\u00e9ntica, responsable y con car\u00e1cter.<\/p>\n<div class=\"v-c-cmp \">\n<div class=\"v-cmp-m v-cmp-m--t1\">\n<article class=\"v-a v-a--cmp-m v-c-cmp--m-p\">\n<div class=\"v-a-img-c v-a-img-c--fw-xs\">\n<div class=\"v-a-fig\">\n<div class=\"v-a-link\">\n<img loading=\"lazy\" src=\"http:\/\/cordobainforma.info\/wp-content\/uploads\/2026\/05\/6-marcas-que-triunfan-entre-las-madrilenas-para-vestir-diferente-y-con-looks-especiales-5.png\" class=\"v-a-img\" width=\"650\" height=\"975\" alt data-voc-vtm-id=\"in-text-traffic\">\n<\/div>\n<\/div>\n<\/div>\n<\/article>\n<\/div>\n<\/div>\n<p><h3 class=\"v-cmp-suh\">\nSeasons by Macabla<br \/>\n<\/h3>\n<\/p>\n<p class=\"voc-paragraph\">Fundada por Marta Vaca, en 2018, al iniciar la universidad, Seasons by Macabla, arranc\u00f3 como una marca de accesorios y joyas que naci\u00f3 del v\u00ednculo personal de la fundadora con su abuelo, quien se hab\u00eda entregado en cuerpo y alma al mundo de la joyer\u00eda. Una firma que ha evolucionado con una colecci\u00f3n de ropa con personalidad que no deja a nadie indiferente.<\/p>\n<div class=\"v-c-cmp v-c-cmp--t1 \">\n<div class=\"v-cmp-rld v-cmp-rld--2 \">\n<div class=\"v-cnt-m v-cnt-m--m\">\n<div class=\"v-cnt-m__c\">\n<div class=\"v-cnt-m__w v-cnt-m__w--1\">\n<p class=\"v-cnt-m__t\">\nTAMBI\u00c9N TE INTERESA\n<\/p>\n<\/div>\n<\/div>\n<\/div>\n<div class=\"v-g v-g--2-c v-g--bdr-min-xs\">\n<div class=\"v-g__c \">\n<article class=\"v-a v-a--cmp-rld v-a--cmp-rld-2 v-a--p-l\">\n<div class=\"v-a-img-c\">\n<figure class=\"v-a-fig\">\n<a href=\"https:\/\/www.mujerhoy.com\/moda\/no-te-pierdas\/firmas-moda-poco-conocidas-bobbies-lasdelaisla-arma-20260421105930-nt.html#vtm_modulosEngag=mod-rel:moda:noticia:1:cmp:2-not\" class=\"v-a-link\" title=\"Firmas de moda para no vestir como todo el mundo\"><br \/>\n<img loading=\"lazy\" class=\"v-a-img\" src=\"http:\/\/cordobainforma.info\/wp-content\/uploads\/2026\/05\/6-marcas-que-triunfan-entre-las-madrilenas-para-vestir-diferente-y-con-looks-especiales-3.jpg\" alt=\"Firmas de moda para no vestir como todo el mundo\"><br \/>\n<\/a><br \/>\n<\/figure>\n<\/div>\n<\/article>\n<\/div>\n<div class=\"v-g__c \">\n<article class=\"v-a v-a--cmp-rld v-a--cmp-rld-2 v-a--p-l\">\n<div class=\"v-a-img-c\">\n<figure class=\"v-a-fig\">\n<a href=\"https:\/\/www.mujerhoy.com\/moda\/no-te-pierdas\/prendas-estampado-lunares-tendencia-primavera-verano-20260428115818-nt.html#vtm_modulosEngag=mod-rel:moda:noticia:2:cmp:2-not\" class=\"v-a-link\" title=\"Las prendas con estampado de lunares que transformar\u00e1n todos tus looks de primavera\/verano 2026\"><br \/>\n<img loading=\"lazy\" class=\"v-a-img\" src=\"http:\/\/cordobainforma.info\/wp-content\/uploads\/2026\/05\/6-marcas-que-triunfan-entre-las-madrilenas-para-vestir-diferente-y-con-looks-especiales-4.jpg\" alt=\"Las prendas con estampado de lunares que transformar\u00e1n todos tus looks de primavera\/verano 2026\"><br \/>\n<\/a><br \/>\n<\/figure>\n<\/div>\n<\/article>\n<\/div>\n<\/div>\n<\/div>\n<\/div>\n","protected":false},"excerpt":{"rendered":"<p>\u00bfBuscas vestir diferente m\u00e1s all\u00e1 de lo que encuentras en las novedades de Zara? Pues aunque suponga un desembolso un poco mayor, lo cierto es que hay mil opciones donde fichar piezas mucho m\u00e1s sofisticadas y que te ayudan a marcar la diferencia. Y las madrile\u00f1as son las mejores referentes en eso. A pesar de [&hellip;]<\/p>\n","protected":false},"author":1,"featured_media":190952,"comment_status":"closed","ping_status":"closed","sticky":false,"template":"","format":"standard","meta":[],"categories":[24],"tags":[],"_links":{"self":[{"href":"http:\/\/cordobainforma.info\/index.php\/wp-json\/wp\/v2\/posts\/190951"}],"collection":[{"href":"http:\/\/cordobainforma.info\/index.php\/wp-json\/wp\/v2\/posts"}],"about":[{"href":"http:\/\/cordobainforma.info\/index.php\/wp-json\/wp\/v2\/types\/post"}],"author":[{"embeddable":true,"href":"http:\/\/cordobainforma.info\/index.php\/wp-json\/wp\/v2\/users\/1"}],"replies":[{"embeddable":true,"href":"http:\/\/cordobainforma.info\/index.php\/wp-json\/wp\/v2\/comments?post=190951"}],"version-history":[{"count":0,"href":"http:\/\/cordobainforma.info\/index.php\/wp-json\/wp\/v2\/posts\/190951\/revisions"}],"wp:featuredmedia":[{"embeddable":true,"href":"http:\/\/cordobainforma.info\/index.php\/wp-json\/wp\/v2\/media\/190952"}],"wp:attachment":[{"href":"http:\/\/cordobainforma.info\/index.php\/wp-json\/wp\/v2\/media?parent=190951"}],"wp:term":[{"taxonomy":"category","embeddable":true,"href":"http:\/\/cordobainforma.info\/index.php\/wp-json\/wp\/v2\/categories?post=190951"},{"taxonomy":"post_tag","embeddable":true,"href":"http:\/\/cordobainforma.info\/index.php\/wp-json\/wp\/v2\/tags?post=190951"}],"curies":[{"name":"wp","href":"https:\/\/api.w.org\/{rel}","templated":true}]}}