{"id":190918,"date":"2026-05-02T03:38:28","date_gmt":"2026-05-02T03:38:28","guid":{"rendered":"http:\/\/cordobainforma.info\/index.php\/2026\/05\/02\/el-marquezgate-cumple-a-un-ano-desde-su-explosion-los-damnificados-salen-a-la-calle-y-le\/"},"modified":"2026-05-02T03:38:28","modified_gmt":"2026-05-02T03:38:28","slug":"el-marquezgate-cumple-a-un-ano-desde-su-explosion-los-damnificados-salen-a-la-calle-y-le","status":"publish","type":"post","link":"http:\/\/cordobainforma.info\/index.php\/2026\/05\/02\/el-marquezgate-cumple-a-un-ano-desde-su-explosion-los-damnificados-salen-a-la-calle-y-le\/","title":{"rendered":"El M\u00e1rquezgate cumple a un a\u00f1o desde su explosi\u00f3n: los damnificados salen a la calle y le &#8230;"},"content":{"rendered":"<p>Reparaci\u00f3n <b>econ\u00f3mica<\/b>: los damnificados temen quedar \u00faltimos en la &#8230; Heroica pisa fuerte en La Docta y abre un nuevo local en <b>Nueva C\u00f3rdoba<\/b> (se&nbsp;&#8230; <\/p>\n","protected":false},"excerpt":{"rendered":"<p>Reparaci\u00f3n econ\u00f3mica: los damnificados temen quedar \u00faltimos en la &#8230; Heroica pisa fuerte en La Docta y abre un nuevo local en Nueva C\u00f3rdoba (se&nbsp;&#8230;<\/p>\n","protected":false},"author":1,"featured_media":0,"comment_status":"closed","ping_status":"closed","sticky":false,"template":"","format":"standard","meta":[],"categories":[23],"tags":[],"_links":{"self":[{"href":"http:\/\/cordobainforma.info\/index.php\/wp-json\/wp\/v2\/posts\/190918"}],"collection":[{"href":"http:\/\/cordobainforma.info\/index.php\/wp-json\/wp\/v2\/posts"}],"about":[{"href":"http:\/\/cordobainforma.info\/index.php\/wp-json\/wp\/v2\/types\/post"}],"author":[{"embeddable":true,"href":"http:\/\/cordobainforma.info\/index.php\/wp-json\/wp\/v2\/users\/1"}],"replies":[{"embeddable":true,"href":"http:\/\/cordobainforma.info\/index.php\/wp-json\/wp\/v2\/comments?post=190918"}],"version-history":[{"count":0,"href":"http:\/\/cordobainforma.info\/index.php\/wp-json\/wp\/v2\/posts\/190918\/revisions"}],"wp:attachment":[{"href":"http:\/\/cordobainforma.info\/index.php\/wp-json\/wp\/v2\/media?parent=190918"}],"wp:term":[{"taxonomy":"category","embeddable":true,"href":"http:\/\/cordobainforma.info\/index.php\/wp-json\/wp\/v2\/categories?post=190918"},{"taxonomy":"post_tag","embeddable":true,"href":"http:\/\/cordobainforma.info\/index.php\/wp-json\/wp\/v2\/tags?post=190918"}],"curies":[{"name":"wp","href":"https:\/\/api.w.org\/{rel}","templated":true}]}}