{"id":190915,"date":"2026-05-01T21:17:09","date_gmt":"2026-05-01T21:17:09","guid":{"rendered":"https:\/\/www.clarin.com\/deportes\/maestro-dio-leccion-alumno-mallorca-demichelis-vencio-girona-diablito-echeverri-escapa-descenso_0_0mj4nNawr4.html"},"modified":"2026-05-01T21:17:09","modified_gmt":"2026-05-01T21:17:09","slug":"el-maestro-le-dio-otra-leccion-al-alumno-el-mallorca-de-demichelis-vencio-al-girona-del-diablito-echeverri-y-le-escapa-al-descenso","status":"publish","type":"post","link":"http:\/\/cordobainforma.info\/index.php\/2026\/05\/01\/el-maestro-le-dio-otra-leccion-al-alumno-el-mallorca-de-demichelis-vencio-al-girona-del-diablito-echeverri-y-le-escapa-al-descenso\/","title":{"rendered":"El maestro le dio otra lecci\u00f3n al alumno: el Mallorca de Demichelis venci\u00f3 al Girona del Diablito Echeverri y le escapa al descenso"},"content":{"rendered":"<p><img src=\"http:\/\/cordobainforma.info\/wp-content\/uploads\/2026\/05\/el-maestro-le-dio-otra-leccion-al-alumno-el-mallorca-de-demichelis-vencio-al-girona-del-diablito-echeverri-y-le-escapa-al-descenso.jpg\"><\/p>\n<div><img src=\"http:\/\/cordobainforma.info\/wp-content\/uploads\/2026\/05\/el-maestro-le-dio-otra-leccion-al-alumno-el-mallorca-de-demichelis-vencio-al-girona-del-diablito-echeverri-y-le-escapa-al-descenso-2.jpg\" class=\"ff-og-image-inserted\"><\/div>\n<div id=\"element-body-0\" readability=\"66\">\n<p>El f\u00fatbol tiene esos gui\u00f1os que cruzan historias. En Montilivi, <strong>Mart\u00edn Demichelis y Claudio Echeverri<\/strong> volvieron a verse las caras, aunque esta vez desde veredas opuestas. El t\u00e9cnico del <strong>Mallorca<\/strong> se reencontr\u00f3 con el pibe al que hizo debutar en <strong>River Plate<\/strong>, en aquel recordado 3-1 frente a Instituto en junio de 2023, cuando el chaque\u00f1o, con apenas 17 a\u00f1os, dio su primer paso en Primera.<\/p>\n<\/div>\n<div id=\"element-body-1\" readability=\"62\">\n<p>Ahora, ya en el f\u00fatbol europeo, el <em>Diablito<\/em> fue protagonista en la ca\u00edda del Girona, que profundiz\u00f3 su crisis con la tercera derrota consecutiva. <strong>El Mallorca se impuso 1-0 con un gol de Samu Costa<\/strong> y dio un paso gigante hacia la permanencia en LaLiga.<\/p>\n<\/div>\n<div id=\"element-body-2\" readability=\"63\">\n<p>El equipo de Demichelis sali\u00f3 decidido, con presi\u00f3n alta e intensidad, y logr\u00f3 incomodar a un Girona que nunca pudo imponer su juego. En ese contexto, <strong>Echeverri tuvo la gran chance de abrir el marcador a los 20 minutos, pero fall\u00f3 en el mano a mano ante Leo Rom\u00e1n.<\/strong><\/p>\n<\/div>\n<div id=\"element-body-3\" readability=\"22.018348623853\">\n<blockquote class=\"twitter-tweet\" readability=\"4.8165137614679\">\n<p lang=\"es\" dir=\"ltr\">\u00a1GOOOL DE MALLORCA!<\/p>\n<p>Luego del centro del colombiano Johan Mojica, Sam\u00fa Costa entr\u00f3 de cabeza y anot\u00f3 el 1-0 ante Girona.<a href=\"https:\/\/twitter.com\/hashtag\/LaLigaEnDSPORTS?src=hash&amp;ref_src=twsrc%5Etfw\">#LaLigaEnDSPORTS<\/a> | <a href=\"https:\/\/twitter.com\/hashtag\/GironaMallorca?src=hash&amp;ref_src=twsrc%5Etfw\">#GironaMallorca<\/a> <a href=\"https:\/\/t.co\/jceUNyfL4G\">pic.twitter.com\/jceUNyfL4G<\/a><\/p>\n<p>\u2014 DSPORTS (@DSports) <a href=\"https:\/\/twitter.com\/DSports\/status\/2050301659155185988?ref_src=twsrc%5Etfw\">May 1, 2026<\/a><\/p><\/blockquote><\/div>\n<div id=\"element-body-4\" readability=\"60\">\n<p>El golpe lleg\u00f3 sobre el cierre del primer tiempo: <strong>Johan Mojica desbord\u00f3 y tir\u00f3 el centro para que Samu Costa<\/strong>, sin marcas, empujara de cabeza el 1-0.<\/p>\n<\/div>\n<div id=\"element-body-5\" readability=\"62\">\n<p>En el complemento, <strong>el Girona reaccion\u00f3 desde la necesidad.<\/strong> Empujado por su gente, gener\u00f3 varias situaciones claras: dos tiros al palo y un remate de Cristhian Stuani que exigi\u00f3 a Rom\u00e1n. Sin embargo, volvi\u00f3 a fallar en la definici\u00f3n y pag\u00f3 caro su falta de eficacia.<\/p>\n<\/div>\n<div id=\"element-body-6\" readability=\"62\">\n<p>El Mallorca, en cambio, se aferr\u00f3 a la ventaja y hasta pudo liquidarlo de contra. El triunfo le permite tomar aire y alejarse de la zona roja, mientras que el Girona qued\u00f3 comprometido en la pelea por no descender.<\/p>\n<\/div>\n<div id=\"element-body-7\" readability=\"60\">\n<p>Para Demichelis fue algo m\u00e1s que tres puntos: tambi\u00e9n fue un reencuentro con una de sus apuestas m\u00e1s fuertes en River, ese chico que ovacion\u00f3 el Monumental en su debut y que ahora empieza a escribir su historia en Europa.<\/p>\n<\/div>\n","protected":false},"excerpt":{"rendered":"<p>El f\u00fatbol tiene esos gui\u00f1os que cruzan historias. En Montilivi, Mart\u00edn Demichelis y Claudio Echeverri volvieron a verse las caras, aunque esta vez desde veredas opuestas. El t\u00e9cnico del Mallorca se reencontr\u00f3 con el pibe al que hizo debutar en River Plate, en aquel recordado 3-1 frente a Instituto en junio de 2023, cuando el [&hellip;]<\/p>\n","protected":false},"author":1,"featured_media":190916,"comment_status":"closed","ping_status":"closed","sticky":false,"template":"","format":"standard","meta":[],"categories":[20],"tags":[],"_links":{"self":[{"href":"http:\/\/cordobainforma.info\/index.php\/wp-json\/wp\/v2\/posts\/190915"}],"collection":[{"href":"http:\/\/cordobainforma.info\/index.php\/wp-json\/wp\/v2\/posts"}],"about":[{"href":"http:\/\/cordobainforma.info\/index.php\/wp-json\/wp\/v2\/types\/post"}],"author":[{"embeddable":true,"href":"http:\/\/cordobainforma.info\/index.php\/wp-json\/wp\/v2\/users\/1"}],"replies":[{"embeddable":true,"href":"http:\/\/cordobainforma.info\/index.php\/wp-json\/wp\/v2\/comments?post=190915"}],"version-history":[{"count":0,"href":"http:\/\/cordobainforma.info\/index.php\/wp-json\/wp\/v2\/posts\/190915\/revisions"}],"wp:featuredmedia":[{"embeddable":true,"href":"http:\/\/cordobainforma.info\/index.php\/wp-json\/wp\/v2\/media\/190916"}],"wp:attachment":[{"href":"http:\/\/cordobainforma.info\/index.php\/wp-json\/wp\/v2\/media?parent=190915"}],"wp:term":[{"taxonomy":"category","embeddable":true,"href":"http:\/\/cordobainforma.info\/index.php\/wp-json\/wp\/v2\/categories?post=190915"},{"taxonomy":"post_tag","embeddable":true,"href":"http:\/\/cordobainforma.info\/index.php\/wp-json\/wp\/v2\/tags?post=190915"}],"curies":[{"name":"wp","href":"https:\/\/api.w.org\/{rel}","templated":true}]}}