{"id":190913,"date":"2026-05-01T22:32:43","date_gmt":"2026-05-01T22:32:43","guid":{"rendered":"https:\/\/www.clarin.com\/deportes\/franco-colapinto-brillo-miami-impulso-buenos-aires-mejor-resto-logro-clasificacion-alta-alpine_0_6wRyj5R8vI.html"},"modified":"2026-05-01T22:32:43","modified_gmt":"2026-05-01T22:32:43","slug":"franco-colapinto-brillo-en-miami-tras-el-impulso-de-buenos-aires-fue-el-mejor-del-resto-y-logro-su-clasificacion-mas-alta-con-alpine","status":"publish","type":"post","link":"http:\/\/cordobainforma.info\/index.php\/2026\/05\/01\/franco-colapinto-brillo-en-miami-tras-el-impulso-de-buenos-aires-fue-el-mejor-del-resto-y-logro-su-clasificacion-mas-alta-con-alpine\/","title":{"rendered":"Franco Colapinto brill\u00f3 en Miami tras el impulso de Buenos Aires: fue el mejor \u00abdel resto\u00bb y logr\u00f3 su clasificaci\u00f3n m\u00e1s alta con Alpine"},"content":{"rendered":"<p><img src=\"http:\/\/cordobainforma.info\/wp-content\/uploads\/2026\/05\/franco-colapinto-brillo-en-miami-tras-el-impulso-de-buenos-aires-fue-el-mejor-del-resto-y-logro-su-clasificacion-mas-alta-con-alpine.jpg\"><\/p>\n<div class=\"sc-45461e9c-0 eqiBeF container-text text-embed \" id=\"element-body-0\" readability=\"61\">\n<p>La <strong>F\u00f3rmula 1<\/strong> tuvo un reinicio en Miami. Es cierto que la temporada hab\u00eda comenzado hace casi dos meses en Australia, pero el parate de cinco semanas por el conflicto b\u00e9lico en Medio Oriente -que oblig\u00f3 a suspender las carreras en Bahr\u00e9in y Arabia Saudita- cambi\u00f3 el escenario: los equipos volvieron a las f\u00e1bricas y <strong>regresaron con autos significativamente evolucionados<\/strong>.<\/p>\n<\/div>\n<div class=\"sc-45461e9c-0 eqiBeF container-text text-embed \" id=\"element-body-1\" readability=\"64\">\n<p>Pero no fue el \u00fanico reinicio. Para <strong>Franco Colapinto<\/strong>, el punto de quiebre hab\u00eda llegado una semana antes y a m\u00e1s de 7.000 kil\u00f3metros de distancia. En Buenos Aires, ante unas 600 mil personas, el argentino vivi\u00f3 un respaldo hist\u00f3rico para un deportista argentino, <strong>una inyecci\u00f3n an\u00edmica que -complementada con el trabajo de estos d\u00edas en Enstone- empez\u00f3 a traducirse en rendimiento en Miami.<\/strong><\/p>\n<\/div>\n<div class=\"sc-45461e9c-0 eqiBeF container-text text-embed \" id=\"element-body-2\" readability=\"59\">\n<p>Se reflej\u00f3 directamente en la pista: en un circuito donde nunca hab\u00eda corrido, <strong>Colapinto firm\u00f3 su mejor clasificaci\u00f3n en la F\u00f3rmula 1 y se consolid\u00f3 como \u00abel mejor del resto\u00bb<\/strong>.<\/p>\n<\/div>\n<div class=\"sc-45461e9c-0 eqiBeF container-text text-embed \" id=\"element-body-3\" readability=\"66\">\n<p>\u201cEstoy contento. Lo principal fue entender un poco por qu\u00e9 nos faltaba en las carreras anteriores. Fue un buen break para parar y volver a empezar. <strong>Estoy feliz despu\u00e9s de tanto laburo, esfuerzo y momentos dolorosos en las primeras carreras arrancar de cero y muy bien<\/strong>\u00ab, le dijo a ESPN tras ser octavo en la Sprint Qualy, que largar\u00e1 este s\u00e1bado a las 13 desde la cuarta fila, junto al heptacampe\u00f3n Lewis Hamilton (Ferrari), y con Lando Norris en la pole, en una muestra de que McLaren est\u00e1 de vuelta.<\/p>\n<\/div>\n<div class=\"sc-106e49c0-0 dcVumd freeHtml-embed undefined\" id=\"element-body-4\" readability=\"24.435185185185\">\n<blockquote class=\"twitter-tweet\" readability=\"6.0148148148148\">\n<p lang=\"es\" dir=\"ltr\">\u00abFELIZ\u00bb Franco Colapinto tras una GRAN QUALY rumbo a la Sprint del <a href=\"https:\/\/twitter.com\/hashtag\/MiamiGP?src=hash&amp;ref_src=twsrc%5Etfw\">#MiamiGP<\/a>. \u00abVa todo encamidado\u00bb dijo el argentino&#8230; \u00bfHay que creer?<\/p>\n<p>\ud83d\udcfa <a href=\"https:\/\/twitter.com\/hashtag\/MiamiGP?src=hash&amp;ref_src=twsrc%5Etfw\">#MiamiGP<\/a> | Toda la temporada de <a href=\"https:\/\/twitter.com\/hashtag\/F1?src=hash&amp;ref_src=twsrc%5Etfw\">#F1<\/a> por <a href=\"https:\/\/twitter.com\/hashtag\/DisneyPlus?src=hash&amp;ref_src=twsrc%5Etfw\">#DisneyPlus<\/a> Plan Premium <a href=\"https:\/\/t.co\/YmSmS4ePJR\">pic.twitter.com\/YmSmS4ePJR<\/a><\/p>\n<p>\u2014 SportsCenter (@SC_ESPN) <a href=\"https:\/\/twitter.com\/SC_ESPN\/status\/2050330943022416356?ref_src=twsrc%5Etfw\">May 1, 2026<\/a><\/p><\/blockquote><\/div>\n<div class=\"sc-45461e9c-0 eqiBeF container-text text-embed \" id=\"element-body-5\" readability=\"67\">\n<p>El reinicio de la F1 qued\u00f3 en evidencia en el documento t\u00e9cnico n\u00famero 8 de la FIA: <strong>25 p\u00e1ginas de actualizaciones que reflejan un salto generalizado en la grilla<\/strong>. Con excepci\u00f3n de Aston Martin -que no present\u00f3 mejoras, a\u00fan sufre con las vibraciones de la creaci\u00f3n de Adrian Newey y tuvo a sus pilotos en el fondo de la Sprint Qualy-, todos introdujeron cambios. Algunos, como Mercedes (el l\u00edder del campeonato y que menos necesitaba cambiar), Audi y Haas, tocaron entre una y dos piezas; otros llevaron paquetes mucho m\u00e1s agresivos, como Ferrari, que implement\u00f3 11 elementos.<\/p>\n<\/div>\n<div class=\"sc-45461e9c-0 eqiBeF container-text text-embed \" id=\"element-body-6\" readability=\"65\">\n<p>En ese contexto, Alpine tambi\u00e9n dio un paso adelante. El equipo, que en 2025 sufri\u00f3 la falta de actualizaciones porque hab\u00eda priorizado recursos para 2026, adelant\u00f3 parte de su desarrollo e introdujo nuevas piezas aerodin\u00e1micas. Entre ellas, <strong>un aler\u00f3n trasero que debut\u00f3 en el auto de Pierre Gasly y que llegar\u00e1 m\u00e1s adelante al de Franco Colapinto, quien s\u00ed estren\u00f3 un chasis m\u00e1s liviano<\/strong>.<\/p>\n<\/div>\n<div class=\"sc-45461e9c-0 eqiBeF container-text text-embed \" id=\"element-body-7\" readability=\"62\">\n<p>Ese nuevo paquete ya hab\u00eda dado se\u00f1ales en la \u00fanica pr\u00e1ctica libre. En su primer contacto con el Miami International Autodrome, el argentino tuvo un arranque l\u00f3gico, de reconocimiento, pero r\u00e1pidamente pas\u00f3 a algo m\u00e1s interesante: ritmo.<\/p>\n<\/div>\n<div class=\"sc-106e49c0-0 dcVumd freeHtml-embed undefined\" id=\"element-body-8\" readability=\"21.441666666667\">\n<blockquote class=\"twitter-tweet\" readability=\"3.4583333333333\">\n<p lang=\"en\" dir=\"ltr\">\ud83d\ude0e BOTH CARS IN THE TOP TEN \ud83d\ude0e <a href=\"https:\/\/t.co\/UUK0x9tyvZ\">pic.twitter.com\/UUK0x9tyvZ<\/a><\/p>\n<p>\u2014 BWT Alpine Formula One Team (@AlpineF1Team) <a href=\"https:\/\/twitter.com\/AlpineF1Team\/status\/2050329787302895789?ref_src=twsrc%5Etfw\">May 1, 2026<\/a><\/p><\/blockquote><\/div>\n<div class=\"sc-45461e9c-0 eqiBeF container-text text-embed \" id=\"element-body-9\" readability=\"64\">\n<p>La referencia inicial de 1m33s420 qued\u00f3 r\u00e1pidamente vieja. Con el correr de las vueltas, Colapinto empez\u00f3 a encontrar confianza y cerr\u00f3 un giro de 1m31s799 que lo meti\u00f3 en el top 10. Incluso, en uno de sus mejores stints, lleg\u00f3 a ser m\u00e1s veloz que Gasly y a ubicarse octavo, como l\u00edder del pelot\u00f3n medio.<\/p>\n<\/div>\n<div class=\"sc-45461e9c-0 eqiBeF container-text text-embed \" id=\"element-body-10\" readability=\"63\">\n<p><strong>La goma blanda termin\u00f3 de ordenar los tiempos de la FP1 y lo dej\u00f3 11\u00b0<\/strong>, a cuatro d\u00e9cimas de su compa\u00f1ero (8\u00b0). Ah\u00ed aparece uno de los matices del an\u00e1lisis: Gasly cuenta con una evoluci\u00f3n que podr\u00eda darle una diferencia cercana a las tres d\u00e9cimas \u2014aunque Briatore la minimiz\u00f3 a 0.079-. La telemetr\u00eda marc\u00f3 d\u00f3nde se dio esa distancia: pr\u00e1cticamente iguales en el primer sector (+0.036s) y levemente mejor en el tercero (-0.023s), pero con una p\u00e9rdida importante en el segundo tramo (+0.415s), el m\u00e1s t\u00e9cnico del circuito.<\/p>\n<\/div>\n<div class=\"sc-45461e9c-0 eqiBeF container-text text-embed \" id=\"element-body-11\" readability=\"64\">\n<p>En t\u00e9rminos generales, Alpine cerr\u00f3 una pr\u00e1ctica consistente, con 32 vueltas para Gasly y 33 para Colapinto, y un programa enfocado casi exclusivamente en neum\u00e1ticos duros -solo tres giros con blandos para cada uno-. El resultado dejaba una se\u00f1al positiva, pero la clasificaci\u00f3n Sprint fue la que transform\u00f3 esa tendencia en impacto real.<\/p>\n<\/div>\n<div class=\"sc-45461e9c-0 eqiBeF container-text text-embed \" id=\"element-body-12\" readability=\"62\">\n<p><strong>Colapinto dio un paso adelante cuando m\u00e1s importaba<\/strong>. En la SQ1 marc\u00f3 1m30s386 para ubicarse 11\u00b0, en una sesi\u00f3n condicionada por el tr\u00e1fico y las banderas amarillas. Pero el salto lleg\u00f3 en SQ2: con un giro de 1m29s527 se meti\u00f3 en el top 10 y fue m\u00e1s de cuatro d\u00e9cimas m\u00e1s r\u00e1pido que su compa\u00f1ero, que avanz\u00f3 al l\u00edmite.<\/p>\n<\/div>\n<div class=\"sc-45461e9c-0 eqiBeF container-text text-embed \" id=\"element-body-13\" readability=\"60\">\n<p>Ese rendimiento le permiti\u00f3 acceder por primera vez a una SQ3 con Alpine -la anterior hab\u00eda sido en Austin 2024- y confirmar su crecimiento dentro del equipo. En la definici\u00f3n volvi\u00f3 a marcar la diferencia: <strong>1m29s320, una d\u00e9cima y media m\u00e1s veloz que Gasly<\/strong>.<\/p>\n<\/div>\n<div class=\"sc-45461e9c-0 eqiBeF container-text text-embed \" id=\"element-body-14\" readability=\"66\">\n<p>Finalmente, el clasificador lo dej\u00f3 octavo, en parte por la estrategia: <strong>su vuelta fue con neum\u00e1ticos blandos usados<\/strong>, ya que el equipo decidi\u00f3 guardarle un juego nuevo para lo que resta del fin de semana. Aun as\u00ed, el resultado lo posicion\u00f3 como el mejor del resto, detr\u00e1s de los equipos de punta, e incluso por delante de Isack Hadjar (Red Bull).<\/p>\n<\/div>\n<div class=\"sc-106e49c0-0 dcVumd freeHtml-embed undefined\" id=\"element-body-15\" readability=\"25.1625\">\n<blockquote class=\"twitter-tweet\" readability=\"6.8625\">\n<p lang=\"en\" dir=\"ltr\">The results are in from Sprint Qualifying&#8230; \ud83d\udcaa<\/p>\n<p>Lando Norris will lead the field away in tomorrow&#8217;s <a href=\"https:\/\/twitter.com\/hashtag\/F1Sprint?src=hash&amp;ref_src=twsrc%5Etfw\">#F1Sprint<\/a>, ahead of Kimi Antonelli and team mate Oscar Piastri \u2b07\ufe0f<a href=\"https:\/\/twitter.com\/hashtag\/F1?src=hash&amp;ref_src=twsrc%5Etfw\">#F1<\/a> <a href=\"https:\/\/twitter.com\/hashtag\/MiamiGP?src=hash&amp;ref_src=twsrc%5Etfw\">#MiamiGP<\/a> <a href=\"https:\/\/t.co\/9gVeGUuq7i\">pic.twitter.com\/9gVeGUuq7i<\/a><\/p>\n<p>\u2014 Formula 1 (@F1) <a href=\"https:\/\/twitter.com\/F1\/status\/2050326425689804838?ref_src=twsrc%5Etfw\">May 1, 2026<\/a><\/p><\/blockquote><\/div>\n<div class=\"sc-45461e9c-0 eqiBeF container-text text-embed \" id=\"element-body-16\" readability=\"64\">\n<p>\u00abPista dif\u00edcil que no conoc\u00eda y fin de semana sprint, todo m\u00e1s complicado de lo normal. Feliz de haber encontrado un poco el rumbo\u00bb, resalt\u00f3 el pilarense, que tambi\u00e9n destac\u00f3 no haberse equivocado. \u00abFue un buen laburo que hizo el equipo y tambi\u00e9n que hice con los ingenieros. Fue un buen break para parar y volver a empezar\u00bb, agreg\u00f3.<\/p>\n<\/div>\n<div class=\"sc-45461e9c-0 eqiBeF container-text text-embed \" id=\"element-body-17\" readability=\"62\">\n<p>El contexto tambi\u00e9n ayuda a dimensionar el resultado. <strong>Alpine avanz\u00f3 casilleros y Racing Bulls, Haas y Audi parecen haber perdido terreno<\/strong>. Williams, en tanto, tambi\u00e9n mostr\u00f3 una mejora pero solo le alcanz\u00f3 para meter ambos autos en SQ2.<\/p>\n<\/div>\n<div class=\"sc-45461e9c-0 eqiBeF container-text text-embed \" id=\"element-body-18\" readability=\"64\">\n<p>Lo que pas\u00f3 en Miami, entonces, no fue un hecho aislado. Fue la continuidad de un impulso que empez\u00f3 lejos de la pista, en ese ba\u00f1o de multitud en Buenos Aires que lo volvi\u00f3 a poner en el centro de la escena. De alguna manera, <strong>Colapinto lleg\u00f3 a Estados Unidos con algo m\u00e1s que un auto evolucionado: lleg\u00f3 con confianza<\/strong>.<\/p>\n<\/div>\n<div class=\"sc-98b114a2-0 bkqiHH image-embed image-embed \" id=\"element-body-19\"><picture class=\"sc-98b114a2-1 jRUlDm\"><source media=\"(min-width: 975px)\" width=\"720\" height=\"480\" srcset=\"http:\/\/cordobainforma.info\/wp-content\/uploads\/2026\/05\/franco-colapinto-brillo-en-miami-tras-el-impulso-de-buenos-aires-fue-el-mejor-del-resto-y-logro-su-clasificacion-mas-alta-con-alpine-2.jpg\"><img alt=\"Colapinto recibi\u00f3 el cari\u00f1o de una manifestaci\u00f3n popular en Buenos Aires. FOTO Francisco Loureiro\" loading=\"eager\" width=\"720\" height=\"480\" decoding=\"async\" data-nimg=\"1\" src=\"http:\/\/cordobainforma.info\/wp-content\/uploads\/2026\/05\/franco-colapinto-brillo-en-miami-tras-el-impulso-de-buenos-aires-fue-el-mejor-del-resto-y-logro-su-clasificacion-mas-alta-con-alpine-2.jpg\"><span class=\"epigraphe\" aria-hidden=\"true\">Colapinto recibi\u00f3 el cari\u00f1o de una manifestaci\u00f3n popular en Buenos Aires. FOTO Francisco Loureiro<\/span><span class=\"picture-open\"><button class=\"open-image\" aria-label=\"Open Image\"><\/button><\/span><\/picture><\/div>\n<div class=\"sc-45461e9c-0 eqiBeF container-text text-embed \" id=\"element-body-20\" readability=\"63\">\n<p>En una F\u00f3rmula 1 que se reorden\u00f3 tras el descanso obligado, donde los equipos redefinen su lugar en la grilla, el argentino tambi\u00e9n empieza a encontrar el suyo. Ya no solo como promesa o proyecto, sino como <strong>un piloto capaz de marcar diferencias dentro de su propio equipo y de liderar el pelot\u00f3n medio<\/strong>.<\/p>\n<\/div>\n<div class=\"sc-45461e9c-0 eqiBeF container-text text-embed \" id=\"element-body-21\" readability=\"62\">\n<p>El desaf\u00edo, ahora, ser\u00e1 sostenerlo. Pero el punto de partida cambi\u00f3. Y en un campeonato donde cada detalle cuenta, haber convertido ese \u201creinicio\u201d en rendimiento concreto puede ser mucho m\u00e1s que un buen fin de semana: puede ser el comienzo de algo m\u00e1s grande. <\/p>\n<\/div>\n","protected":false},"excerpt":{"rendered":"<p>La F\u00f3rmula 1 tuvo un reinicio en Miami. Es cierto que la temporada hab\u00eda comenzado hace casi dos meses en Australia, pero el parate de cinco semanas por el conflicto b\u00e9lico en Medio Oriente -que oblig\u00f3 a suspender las carreras en Bahr\u00e9in y Arabia Saudita- cambi\u00f3 el escenario: los equipos volvieron a las f\u00e1bricas y [&hellip;]<\/p>\n","protected":false},"author":1,"featured_media":190914,"comment_status":"closed","ping_status":"closed","sticky":false,"template":"","format":"standard","meta":[],"categories":[20],"tags":[],"_links":{"self":[{"href":"http:\/\/cordobainforma.info\/index.php\/wp-json\/wp\/v2\/posts\/190913"}],"collection":[{"href":"http:\/\/cordobainforma.info\/index.php\/wp-json\/wp\/v2\/posts"}],"about":[{"href":"http:\/\/cordobainforma.info\/index.php\/wp-json\/wp\/v2\/types\/post"}],"author":[{"embeddable":true,"href":"http:\/\/cordobainforma.info\/index.php\/wp-json\/wp\/v2\/users\/1"}],"replies":[{"embeddable":true,"href":"http:\/\/cordobainforma.info\/index.php\/wp-json\/wp\/v2\/comments?post=190913"}],"version-history":[{"count":0,"href":"http:\/\/cordobainforma.info\/index.php\/wp-json\/wp\/v2\/posts\/190913\/revisions"}],"wp:featuredmedia":[{"embeddable":true,"href":"http:\/\/cordobainforma.info\/index.php\/wp-json\/wp\/v2\/media\/190914"}],"wp:attachment":[{"href":"http:\/\/cordobainforma.info\/index.php\/wp-json\/wp\/v2\/media?parent=190913"}],"wp:term":[{"taxonomy":"category","embeddable":true,"href":"http:\/\/cordobainforma.info\/index.php\/wp-json\/wp\/v2\/categories?post=190913"},{"taxonomy":"post_tag","embeddable":true,"href":"http:\/\/cordobainforma.info\/index.php\/wp-json\/wp\/v2\/tags?post=190913"}],"curies":[{"name":"wp","href":"https:\/\/api.w.org\/{rel}","templated":true}]}}