{"id":190907,"date":"2026-05-01T07:11:41","date_gmt":"2026-05-01T07:11:41","guid":{"rendered":"https:\/\/somoscordobeses.com\/2026\/05\/01\/gremios-estatales-marchan-centro-cordoba-previa-dia-del-trabajador\/"},"modified":"2026-05-01T07:11:41","modified_gmt":"2026-05-01T07:11:41","slug":"gremios-estatales-marchan-en-el-centro-de-cordoba-en-la-previa-del-dia-del-trabajador","status":"publish","type":"post","link":"http:\/\/cordobainforma.info\/index.php\/2026\/05\/01\/gremios-estatales-marchan-en-el-centro-de-cordoba-en-la-previa-del-dia-del-trabajador\/","title":{"rendered":"Gremios estatales marchan en el centro de C\u00f3rdoba en la previa del D\u00eda del Trabajador"},"content":{"rendered":"<div><img src=\"http:\/\/cordobainforma.info\/wp-content\/uploads\/2026\/05\/gremios-estatales-marchan-en-el-centro-de-cordoba-en-la-previa-del-dia-del-trabajador.jpg\" class=\"ff-og-image-inserted\"><\/div>\n<div class=\"tdb-block-inner td-fix-index\" readability=\"44\">\n<p><strong>Con reclamos salariales y en contra de reformas laborales, trabajadores estatales se movilizan este jueves por el microcentro cordob\u00e9s. La atenci\u00f3n en dependencias p\u00fablicas se ver\u00e1 afectada durante la ma\u00f1ana.<\/strong><\/p>\n<p>C\u00f3rdoba transcurre un jueves con complicaciones en la prestaci\u00f3n de servicios p\u00fablicos y una fuerte presencia de trabajadores en las calles. Bajo la consigna de visibilizar reclamos salariales y en la antesala del feriado por el D\u00eda del Trabajador, diversas organizaciones gremiales confirmaron una jornada de protesta con movilizaci\u00f3n que arranc\u00f3 pasadas las 11 de la ma\u00f1ana en Col\u00f3n y General Paz y se traslada hacia el Patio Olmos, donde se realizar\u00e1 un acto central.<\/p>\n<p>Bajo la consigna \u201cContra la Reforma Laboral y el ajuste de Milei. Contra la Reforma previsional del gobierno provincial. Por un D\u00eda del Trabajador y la Trabajadora en la calle y con unidad\u201d, desde las primeras horas de este jueves la atenci\u00f3n en las dependencias estatales se ver\u00e1 afectada por la realizaci\u00f3n de asambleas informativas. Se espera que en el Palacio 6 de Julio y en los Centros de Participaci\u00f3n Comunal (CPC) la actividad sea pr\u00e1cticamente nula durante gran parte de la ma\u00f1ana.<\/p>\n<p>Por su parte, los empleados de la administraci\u00f3n p\u00fablica provincial tambi\u00e9n adherir\u00e1n a la medida, lo que resentir\u00e1 la atenci\u00f3n en oficinas de Rentas, Catastro y el Centro C\u00edvico. \u201cEs una jornada de lucha para poner en agenda la situaci\u00f3n de nuestros salarios antes del 1\u00b0 de mayo\u201d, se\u00f1alaron desde los sectores sindicales.<\/p>\n<p>El punto de mayor conflicto en el tr\u00e1nsito se dar\u00e1 a media ma\u00f1ana, cuando las columnas de manifestantes comiencen a concentrarse en los puntos habituales del microcentro (Col\u00f3n y Ca\u00f1ada, y las inmediaciones de la Plaza Agust\u00edn Tosco). Se espera que la marcha confluya en un acto central donde se leer\u00e1 un documento conjunto. Se recomienda a los automovilistas evitar la zona c\u00e9ntrica debido a los cortes de calle previstos.<\/p>\n<p>En paralelo al conflicto, el Gobierno de la Provincia record\u00f3 que este jueves 30 de abril comienza el cronograma de pago de haberes correspondientes al mes en curso para los trabajadores activos y jubilados de la administraci\u00f3n p\u00fablica.<\/p>\n<\/div>\n","protected":false},"excerpt":{"rendered":"<p>Con reclamos salariales y en contra de reformas laborales, trabajadores estatales se movilizan este jueves por el microcentro cordob\u00e9s. La atenci\u00f3n en dependencias p\u00fablicas se ver\u00e1 afectada durante la ma\u00f1ana. C\u00f3rdoba transcurre un jueves con complicaciones en la prestaci\u00f3n de servicios p\u00fablicos y una fuerte presencia de trabajadores en las calles. Bajo la consigna de [&hellip;]<\/p>\n","protected":false},"author":1,"featured_media":190908,"comment_status":"closed","ping_status":"closed","sticky":false,"template":"","format":"standard","meta":[],"categories":[2],"tags":[],"_links":{"self":[{"href":"http:\/\/cordobainforma.info\/index.php\/wp-json\/wp\/v2\/posts\/190907"}],"collection":[{"href":"http:\/\/cordobainforma.info\/index.php\/wp-json\/wp\/v2\/posts"}],"about":[{"href":"http:\/\/cordobainforma.info\/index.php\/wp-json\/wp\/v2\/types\/post"}],"author":[{"embeddable":true,"href":"http:\/\/cordobainforma.info\/index.php\/wp-json\/wp\/v2\/users\/1"}],"replies":[{"embeddable":true,"href":"http:\/\/cordobainforma.info\/index.php\/wp-json\/wp\/v2\/comments?post=190907"}],"version-history":[{"count":0,"href":"http:\/\/cordobainforma.info\/index.php\/wp-json\/wp\/v2\/posts\/190907\/revisions"}],"wp:featuredmedia":[{"embeddable":true,"href":"http:\/\/cordobainforma.info\/index.php\/wp-json\/wp\/v2\/media\/190908"}],"wp:attachment":[{"href":"http:\/\/cordobainforma.info\/index.php\/wp-json\/wp\/v2\/media?parent=190907"}],"wp:term":[{"taxonomy":"category","embeddable":true,"href":"http:\/\/cordobainforma.info\/index.php\/wp-json\/wp\/v2\/categories?post=190907"},{"taxonomy":"post_tag","embeddable":true,"href":"http:\/\/cordobainforma.info\/index.php\/wp-json\/wp\/v2\/tags?post=190907"}],"curies":[{"name":"wp","href":"https:\/\/api.w.org\/{rel}","templated":true}]}}