{"id":190905,"date":"2026-05-01T08:00:01","date_gmt":"2026-05-01T08:00:01","guid":{"rendered":"https:\/\/somoscordobeses.com\/2026\/05\/01\/congreso-educacion-2026-participacion-virtual-actividades-presenciales-cordoba\/"},"modified":"2026-05-01T08:00:01","modified_gmt":"2026-05-01T08:00:01","slug":"congreso-de-educacion-2026-crece-la-participacion-virtual-y-se-suman-actividades-presenciales-en-toda-cordoba","status":"publish","type":"post","link":"http:\/\/cordobainforma.info\/index.php\/2026\/05\/01\/congreso-de-educacion-2026-crece-la-participacion-virtual-y-se-suman-actividades-presenciales-en-toda-cordoba\/","title":{"rendered":"Congreso de Educaci\u00f3n 2026: crece la participaci\u00f3n virtual y se suman actividades presenciales en toda C\u00f3rdoba"},"content":{"rendered":"<div><img src=\"http:\/\/cordobainforma.info\/wp-content\/uploads\/2026\/05\/congreso-de-educacion-2026-crece-la-participacion-virtual-y-se-suman-actividades-presenciales-en-toda-cordoba.jpg\" class=\"ff-og-image-inserted\"><\/div>\n<p><strong>El Congreso de Educaci\u00f3n 2026, organizado por el Ministerio de Educaci\u00f3n de la Provincia y la Secretar\u00eda de Educaci\u00f3n de la Municipalidad de C\u00f3rdoba, avanza con m\u00e1s de 13 mil visualizaciones en sus conferencias virtuales y una agenda presencial que ya alcanza a m\u00e1s de 40 localidades.<\/strong><\/p>\n<p>El Congreso de Educaci\u00f3n 2026, organizado por el Ministerio de Educaci\u00f3n de la Provincia de C\u00f3rdoba y la Secretar\u00eda de Educaci\u00f3n de la Municipalidad de C\u00f3rdoba, bajo el lema \u201cCompartir para Innovar\u201d, se consolida como uno de los principales espacios de reflexi\u00f3n y formaci\u00f3n docente del pa\u00eds. Con una creciente participaci\u00f3n tanto en su modalidad virtual como en las actividades presenciales que comienzan a desplegarse en todo el territorio, el evento busca fortalecer la capacitaci\u00f3n de los educadores cordobeses.<\/p>\n<p>A poco m\u00e1s de un mes de su inicio, las conferencias virtuales ya superan las 13 mil visualizaciones, reflejando el inter\u00e9s sostenido de la comunidad educativa por los contenidos propuestos. Entre ellas, se destaca la exposici\u00f3n de reconocidos especialistas como Mariana Maggio, Renato Opertti, Carlos Magro, Rebeca Anijovich, Eduardo Vi\u00f1ales, Marcos Griffa y Esteban Torre. Adem\u00e1s, m\u00e1s de 8.500 personas visitaron el sitio oficial del Congreso en este primer tramo del ciclo, que a\u00fan tiene por delante nuevas conferencias y espacios de intercambio.<\/p>\n<p>Al ser consultado, el ministro de Educaci\u00f3n, Horacio Ferreyra, destac\u00f3: \u201cEste Congreso es mucho m\u00e1s que una agenda de actividades: es una pol\u00edtica p\u00fablica que fortalece la formaci\u00f3n docente y nos permite construir, junto a nuestra comunidad educativa, la escuela que C\u00f3rdoba necesita para el presente y el futuro\u201d. Las propuestas desarrolladas hasta el momento abordan ejes estrat\u00e9gicos como la transformaci\u00f3n educativa, el bienestar, la formaci\u00f3n docente, el v\u00ednculo entre educaci\u00f3n, trabajo y producci\u00f3n, la innovaci\u00f3n pedag\u00f3gica y el desarrollo territorial, en l\u00ednea con el Plan de Desarrollo Educativo Provincial.<\/p>\n<h2>M\u00e1s territorio: comienzan las propuestas presenciales<\/h2>\n<p>En paralelo al crecimiento de la propuesta virtual, el Congreso avanza con una fuerte presencia territorial. \u201cCompartir para Innovar\u201d ya llega a m\u00e1s de 40 localidades de las distintas regiones educativas de la provincia. Durante abril comenzaron diversas acciones de formaci\u00f3n e intercambio, como rondas con familias, encuentros estudiantiles y propuestas vinculadas al bienestar educativo.<\/p>\n<p>Esta semana, adem\u00e1s, se suman nuevos cursos de formaci\u00f3n docente con puntaje, entre los que se destacan:<\/p>\n<ul>\n<li><strong>TecnoPresente:<\/strong> inteligencia artificial, automatizaci\u00f3n y rob\u00f3tica en el aula<\/li>\n<li><strong>Biodiversidad:<\/strong> construcci\u00f3n de aprendizajes desde el aula<\/li>\n<li><strong>Curr\u00edculum C\u00f3rdoba:<\/strong> progresiones de aprendizaje<\/li>\n<\/ul>\n<p>Estas instancias forman parte de una pol\u00edtica de formaci\u00f3n continua, opcional y con certificaci\u00f3n, destinada a docentes y equipos educivos, con el objetivo de fortalecer las pr\u00e1cticas pedag\u00f3gicas y mejorar la calidad educativa en las aulas, en el marco de una participaci\u00f3n voluntaria.<\/p>\n<p>Para conocer e inscribirte en las propuestas presenciales, pod\u00e9s ingresar aqu\u00ed: <a href=\"https:\/\/congresoeducacioncba.com.ar\/agenda-de-actividades-presenciales\/\" target=\"_blank\" rel=\"noopener noreferrer\">https:\/\/congresoeducacioncba.com.ar\/agenda-de-actividades-presenciales\/<\/a><\/p>\n<p>El Congreso continuar\u00e1 desarroll\u00e1ndose hasta el 30 de junio del presente a\u00f1o, combinando conferencias virtuales, experiencias educativas, dispositivos de debate y actividades presenciales, consolidando un espacio abierto de aprendizaje, participaci\u00f3n e innovaci\u00f3n para toda la comunidad educativa. M\u00e1s informaci\u00f3n en: <a href=\"https:\/\/congresoeducacioncba.com.ar\/\" target=\"_blank\" rel=\"noopener noreferrer\">https:\/\/congresoeducacioncba.com.ar\/<\/a><\/p>\n","protected":false},"excerpt":{"rendered":"<p>El Congreso de Educaci\u00f3n 2026, organizado por el Ministerio de Educaci\u00f3n de la Provincia y la Secretar\u00eda de Educaci\u00f3n de la Municipalidad de C\u00f3rdoba, avanza con m\u00e1s de 13 mil visualizaciones en sus conferencias virtuales y una agenda presencial que ya alcanza a m\u00e1s de 40 localidades. El Congreso de Educaci\u00f3n 2026, organizado por el [&hellip;]<\/p>\n","protected":false},"author":1,"featured_media":190906,"comment_status":"closed","ping_status":"closed","sticky":false,"template":"","format":"standard","meta":[],"categories":[2],"tags":[],"_links":{"self":[{"href":"http:\/\/cordobainforma.info\/index.php\/wp-json\/wp\/v2\/posts\/190905"}],"collection":[{"href":"http:\/\/cordobainforma.info\/index.php\/wp-json\/wp\/v2\/posts"}],"about":[{"href":"http:\/\/cordobainforma.info\/index.php\/wp-json\/wp\/v2\/types\/post"}],"author":[{"embeddable":true,"href":"http:\/\/cordobainforma.info\/index.php\/wp-json\/wp\/v2\/users\/1"}],"replies":[{"embeddable":true,"href":"http:\/\/cordobainforma.info\/index.php\/wp-json\/wp\/v2\/comments?post=190905"}],"version-history":[{"count":0,"href":"http:\/\/cordobainforma.info\/index.php\/wp-json\/wp\/v2\/posts\/190905\/revisions"}],"wp:featuredmedia":[{"embeddable":true,"href":"http:\/\/cordobainforma.info\/index.php\/wp-json\/wp\/v2\/media\/190906"}],"wp:attachment":[{"href":"http:\/\/cordobainforma.info\/index.php\/wp-json\/wp\/v2\/media?parent=190905"}],"wp:term":[{"taxonomy":"category","embeddable":true,"href":"http:\/\/cordobainforma.info\/index.php\/wp-json\/wp\/v2\/categories?post=190905"},{"taxonomy":"post_tag","embeddable":true,"href":"http:\/\/cordobainforma.info\/index.php\/wp-json\/wp\/v2\/tags?post=190905"}],"curies":[{"name":"wp","href":"https:\/\/api.w.org\/{rel}","templated":true}]}}