{"id":190901,"date":"2026-04-30T13:52:34","date_gmt":"2026-04-30T13:52:34","guid":{"rendered":"https:\/\/www.escribiendocine.com\/noticias\/2026\/04\/30\/22101-se-desarrollo-el-4-foro-hacia-la-reglamentacion-de-la-ley-audiovisual-bonaerense"},"modified":"2026-04-30T13:52:34","modified_gmt":"2026-04-30T13:52:34","slug":"se-desarrollo-el-4-foro-hacia-la-reglamentacion-de-la-ley-audiovisual-bonaerense","status":"publish","type":"post","link":"http:\/\/cordobainforma.info\/index.php\/2026\/04\/30\/se-desarrollo-el-4-foro-hacia-la-reglamentacion-de-la-ley-audiovisual-bonaerense\/","title":{"rendered":"Se desarroll\u00f3 el 4\u00b0 Foro hacia la reglamentaci\u00f3n de la Ley audiovisual bonaerense"},"content":{"rendered":"<div class=\"media_block\"><\/div>\n<div><img src=\"http:\/\/cordobainforma.info\/wp-content\/uploads\/2026\/05\/se-desarrollo-el-4-foro-hacia-la-reglamentacion-de-la-ley-audiovisual-bonaerense.jpg\" class=\"ff-og-image-inserted\"><\/div>\n<p>El Instituto Cultural bonaerense llev\u00f3 adelante en Merlo el 4\u00b0 Foro hacia la reglamentaci\u00f3n de la Ley 15.607 de Promoci\u00f3n y Desarrollo de la Industria Audiovisual de la Provincia de Buenos Aires.&nbsp;<\/p>\n<p>El encuentro, realizado en el Polo Audiovisual de esta localidad, cont\u00f3 con la presencia de la presidenta del Instituto Cultural, Florencia Saintout; y el intendente local Gustavo Men\u00e9ndez.&nbsp;<\/p>\n<p>Al tomar la palabra, Saintout expres\u00f3: \u201c<em>Hoy abrimos este Foro para que se proponga la mejor reglamentaci\u00f3n, porque no tiene que ser un consenso para abajo, con lo m\u00ednimo, sino al rev\u00e9s, llegar a consensos para arriba, con todo lo que podamos mejorar para lograr la mejor reglamentaci\u00f3n posible\u201d. &nbsp;<\/em><\/p>\n<p><em>\u201cEsta ley, en lo inmediato, tiene el prop\u00f3sito de &nbsp;cobijar la actividad de la cultura ligada a la producci\u00f3n audiovisual, del trabajo que genera, de proteger el hacer tanto en el territorio como en los niveles m\u00e1s desarrollados de la industria. Mientras que a largo plazo, esta ley tiene que adem\u00e1s profundizar la producci\u00f3n audiovisual de la provincia de Buenos Aires y por lo tanto la riqueza del pa\u00eds\u201d,<\/em> concluy\u00f3 la ministra.<\/p>\n<p>En tanto, Men\u00e9ndez destac\u00f3: \u201c<em>Hoy lo que se est\u00e1 debatiendo en la Rep\u00fablica Argentina realmente es una lucha cultural. Por eso la defensa de los espacios culturales hace que tengamos que estar todos muy muy atentos\u201d.<\/em><\/p>\n<p><em>\u201cEste foro permite conocer y debatir esta ley que defiende la soberan\u00eda cultural, que es la batalla del presente y del futuro\u201d<\/em>, concluy\u00f3 el intendente.&nbsp;<\/p>\n<p>Luego de los foros realizados en La Plata, Mar del Plata y Bah\u00eda Blanca, en este cuarto encuentro participaron autoridades provinciales y municipales, integrantes de sindicatos, gremios, asociaciones y c\u00e1maras del rubro, festivales independientes, distintos espacios multisectoriales, universidades, carreras de cine, medios p\u00fablicos, centros de estudiantes, redes de salas de la regi\u00f3n, entre otros.<\/p>\n<p>A lo largo de las intervenciones se debati\u00f3 acerca de la industria de los videojuegos, documentales y diversas producciones audiovisuales; el rol de las universidades y los centros culturales; la promoci\u00f3n de la formaci\u00f3n y capacitaci\u00f3n; el rol de los profesionales del cine; las nuevas plataformas y el streaming, los medios de comunicaci\u00f3n; el fomento, la accesibilidad, la diversidad e identidad de cada territorio; como as\u00ed tambi\u00e9n la actualidad de la actividad audiovisual en la Provincia.<\/p>\n<p><strong>Los puntos claves de la ley<\/strong><\/p>\n<p>La legislatura bonaerense sancion\u00f3 la Ley de Promoci\u00f3n y Desarrollo de la Industria Audiovisual de la Provincia de Buenos Aires. Se trata de una nueva normativa que busca estimular, fomentar y promover la creaci\u00f3n, producci\u00f3n y exhibici\u00f3n de contenidos audiovisuales bonaerenses. Adem\u00e1s, crea un fondo de fomento, un consejo de la producci\u00f3n audiovisual y un registro \u00fanico.<\/p>\n<p>El proyecto, que hab\u00eda sido enviado por el gobernador Axel Kicillof, fue aprobado en la c\u00e1mara de Diputados y en el Senado bonaerense, y designa al Instituto Cultural como autoridad de aplicaci\u00f3n. El organismo cultural tendr\u00e1 la funci\u00f3n de planificar, administrar e implementar un Plan Estrat\u00e9gico Anual con diversas acciones destinadas a la promoci\u00f3n y al fomento de la actividad; como as\u00ed tambi\u00e9n crear un Plan de Fomento a la Producci\u00f3n Audiovisual; y desarrollar programas de incentivos para la radicaci\u00f3n de inversiones nacionales y extranjeras en la Provincia.<\/p>\n<p>La Ley crea un Fondo de Fomento y Promoci\u00f3n Audiovisual que estar\u00e1 destinado a programas de desarrollo, promoci\u00f3n y a pol\u00edticas de est\u00edmulo a inversiones.<\/p>\n<p>Por otra parte, se constituir\u00e1 el Consejo Provincial de la Producci\u00f3n Audiovisual Bonaerense, para una implementaci\u00f3n transparente, inclusiva y equitativa. Tambi\u00e9n con el objeto de generar convenios y proyectos regionales. Estar\u00e1 compuesto por representantes del Instituto Cultural, de la actividad audiovisual, sindicatos y asociaciones gremiales, asociaciones de directores y productores, asociaci\u00f3n de gesti\u00f3n de derechos de autor y universidades estatales.&nbsp;<\/p>\n<p>Asimismo, se formar\u00e1 el Registro \u00danico de la Actividad Audiovisual Bonaerense, que ser\u00e1 uno de los requisitos necesarios para que los destinatarios de la ley puedan acceder a las diversas l\u00edneas de trabajo.<\/p>\n","protected":false},"excerpt":{"rendered":"<p>El Instituto Cultural bonaerense llev\u00f3 adelante en Merlo el 4\u00b0 Foro hacia la reglamentaci\u00f3n de la Ley 15.607 de Promoci\u00f3n y Desarrollo de la Industria Audiovisual de la Provincia de Buenos Aires.&nbsp; El encuentro, realizado en el Polo Audiovisual de esta localidad, cont\u00f3 con la presencia de la presidenta del Instituto Cultural, Florencia Saintout; y [&hellip;]<\/p>\n","protected":false},"author":1,"featured_media":190902,"comment_status":"open","ping_status":"closed","sticky":false,"template":"","format":"standard","meta":[],"categories":[21],"tags":[],"_links":{"self":[{"href":"http:\/\/cordobainforma.info\/index.php\/wp-json\/wp\/v2\/posts\/190901"}],"collection":[{"href":"http:\/\/cordobainforma.info\/index.php\/wp-json\/wp\/v2\/posts"}],"about":[{"href":"http:\/\/cordobainforma.info\/index.php\/wp-json\/wp\/v2\/types\/post"}],"author":[{"embeddable":true,"href":"http:\/\/cordobainforma.info\/index.php\/wp-json\/wp\/v2\/users\/1"}],"replies":[{"embeddable":true,"href":"http:\/\/cordobainforma.info\/index.php\/wp-json\/wp\/v2\/comments?post=190901"}],"version-history":[{"count":0,"href":"http:\/\/cordobainforma.info\/index.php\/wp-json\/wp\/v2\/posts\/190901\/revisions"}],"wp:featuredmedia":[{"embeddable":true,"href":"http:\/\/cordobainforma.info\/index.php\/wp-json\/wp\/v2\/media\/190902"}],"wp:attachment":[{"href":"http:\/\/cordobainforma.info\/index.php\/wp-json\/wp\/v2\/media?parent=190901"}],"wp:term":[{"taxonomy":"category","embeddable":true,"href":"http:\/\/cordobainforma.info\/index.php\/wp-json\/wp\/v2\/categories?post=190901"},{"taxonomy":"post_tag","embeddable":true,"href":"http:\/\/cordobainforma.info\/index.php\/wp-json\/wp\/v2\/tags?post=190901"}],"curies":[{"name":"wp","href":"https:\/\/api.w.org\/{rel}","templated":true}]}}