{"id":190899,"date":"2026-05-01T08:16:38","date_gmt":"2026-05-01T08:16:38","guid":{"rendered":"http:\/\/cordobainforma.info\/index.php\/2026\/05\/01\/se-suicida-hijo-de-diplomaticos-noruegos-que-heredo-5-millones-de-dolares-de-epstein\/"},"modified":"2026-05-01T08:16:38","modified_gmt":"2026-05-01T08:16:38","slug":"se-suicida-hijo-de-diplomaticos-noruegos-que-heredo-5-millones-de-dolares-de-epstein","status":"publish","type":"post","link":"http:\/\/cordobainforma.info\/index.php\/2026\/05\/01\/se-suicida-hijo-de-diplomaticos-noruegos-que-heredo-5-millones-de-dolares-de-epstein\/","title":{"rendered":"Se suicida hijo de diplom\u00e1ticos noruegos que hered\u00f3 5 millones de d\u00f3lares de Epstein"},"content":{"rendered":"<p><img src=\"http:\/\/cordobainforma.info\/wp-content\/uploads\/2026\/05\/se-suicida-hijo-de-diplomaticos-noruegos-que-heredo-5-millones-de-dolares-de-epstein.jpg\"><\/p>\n<p>El hijo de dos altos diplom\u00e1ticos noruegos investigados por sus v\u00ednculos con el fallecido delincuente sexual Jeffrey Epstein fue hallado muerto este mi\u00e9rcoles tras haberse suicidado, <a href=\"https:\/\/www.vg.no\/nyheter\/i\/XMoBax\/soennen-til-mona-juul-og-terje-roed-larsen-er-doed\" target=\"_blank\" rel=\"noopener noreferrer\">informan<\/a> medios locales.<\/p>\n<p><strong>Edward Juul Rod-Larsen<\/strong>, de 25 a\u00f1os, falleci\u00f3 tres d\u00edas despu\u00e9s de que las Polic\u00edas francesa y noruega <a href=\"https:\/\/www.thetimes.com\/world\/europe\/article\/son-diplomats-epstein-will-dead-0jfgqd7c8\" target=\"_blank\" rel=\"noopener noreferrer\">abrieran<\/a> una investigaci\u00f3n conjunta sobre sus padres, Mona Juul y Terje Rod-Larsen, por corrupci\u00f3n.<\/p>\n<p>Documentos del Departamento de Justicia de EE.UU. revelan que Epstein leg\u00f3 5 millones de d\u00f3lares a cada uno de sus hijos, incluido Edward, en su testamento. No obstante, nunca recibieron el dinero asignado.<\/p>\n<p>El joven hab\u00eda sido mencionado en diversas ocasiones en la prensa noruega en relaci\u00f3n con el esc\u00e1ndalo. Se informa que, en 2011, sus padres lo llevaron a la isla privada de Epstein cuando \u00e9l ten\u00eda aproximadamente diez a\u00f1os.<\/p>\n<p>En un comunicado emitido por los abogados de los diplom\u00e1ticos, se atribuy\u00f3 el suicidio de su hijo a las especulaciones sobre sus v\u00ednculos financieros con Epstein. Los representantes legales denunciaron \u00abmeses de atenci\u00f3n medi\u00e1tica que han dejado de ser cr\u00edticas y se han vuelto sospechosas, especulativas y, en ocasiones, ilimitadas\u00bb.<\/p>\n<h3>Matrimonio envuelto en el esc\u00e1ndalo<\/h3>\n<div class=\"ReadMore-root Section-root Section-is1to3-xs_is1to1\" data-widgets=\"ReadMore\">\n<div class=\"Section-container Section-isRow-isTop-isWrap\">\n<article class=\"Card-root Card-is1to1 Card-default\">\n<div class=\"Card-imageWrap\">\n<div class=\"Card-picture\"> <picture class=\"Picture-root Picture-default\"><!--[if IE 9]><video style=\"display: none;\"><![endif]--><source media=\"(-webkit-min-device-pixel-ratio: 2) and (min-resolution: 120dpi)\" srcset=\"http:\/\/cordobainforma.info\/wp-content\/uploads\/2026\/05\/se-suicida-hijo-de-diplomaticos-noruegos-que-heredo-5-millones-de-dolares-de-epstein-2.jpg 850w, http:\/\/cordobainforma.info\/wp-content\/uploads\/2026\/05\/se-suicida-hijo-de-diplomaticos-noruegos-que-heredo-5-millones-de-dolares-de-epstein-3.jpg 1960w\"><source srcset=\"http:\/\/cordobainforma.info\/wp-content\/uploads\/2026\/05\/se-suicida-hijo-de-diplomaticos-noruegos-que-heredo-5-millones-de-dolares-de-epstein-2.jpg, https:\/\/actualidad.rt.com\/actualidad\/460, http:\/\/cordobainforma.info\/wp-content\/uploads\/2026\/05\/se-suicida-hijo-de-diplomaticos-noruegos-que-heredo-5-millones-de-dolares-de-epstein-3.jpg 980w\"><!--[if IE 9]><\/video><![endif]--><img data-sizes=\"auto\" src=\"http:\/\/cordobainforma.info\/wp-content\/uploads\/2026\/05\/se-suicida-hijo-de-diplomaticos-noruegos-que-heredo-5-millones-de-dolares-de-epstein-2.jpg\" class=\"Picture-root Picture-default lazyload\" alt=\"Nuevo golpe de los archivos Epstein: renuncia embajadora de un pa\u00eds de la OTAN\"><\/picture><!-- noscript pattern --><noscript><img src=\"http:\/\/cordobainforma.info\/wp-content\/uploads\/2026\/05\/se-suicida-hijo-de-diplomaticos-noruegos-que-heredo-5-millones-de-dolares-de-epstein-3.jpg\" alt=\"Nuevo golpe de los archivos Epstein: renuncia embajadora de un pa\u00eds de la OTAN\"><\/noscript> <\/div><\/div>\n<\/article><\/div><\/div>\n<p>Mona Juul <a href=\"https:\/\/esrt.space\/actualidad\/586167-nuevo-golpe-epstein-renuncia-embajadora\" target=\"_blank\" rel=\"noopener noreferrer\">renunci\u00f3<\/a> a su cargo como embajadora de Noruega en Jordania e Irak en febrero, en medio del esc\u00e1ndalo, mientras que su esposo, quien fue presidente del Instituto Internacional de la Paz, tambi\u00e9n enfrenta acusaciones de grave corrupci\u00f3n. Ambos niegan haber cometido delitos, pero admiten haber tenido contacto extensivo con Epstein.<\/p>\n<p>Este no es el primer caso de figuras noruegas implicadas en la investigaci\u00f3n del delincuente sexual. Uno de los mayores da\u00f1os a la reputaci\u00f3n se ha visto en la familia real noruega, dado que la princesa heredera <a href=\"https:\/\/actualidad.rt.com\/actualidad\/585511-breve-lista-enfrentaron-consecuencias-nuevos-archivos-epstein\" target=\"_blank\" rel=\"noopener noreferrer\">Mette-Marit<\/a> mantuvo durante varios a\u00f1os correspondencia estrecha con el financista y visit\u00f3 sus propiedades en EE.UU.<\/p>\n<p><em><strong>PARA SABER M\u00c1S SOBRE ARCHIVOS&nbsp;EPSTEIN, LEA&nbsp;<a href=\"https:\/\/esrt.space\/actualidad\/585686-que-son-archivos-epstein\" target=\"_blank\" rel=\"noopener noreferrer\">ESTE ART\u00cdCULO<\/a><\/strong><\/em><\/p>\n","protected":false},"excerpt":{"rendered":"<p>El hijo de dos altos diplom\u00e1ticos noruegos investigados por sus v\u00ednculos con el fallecido delincuente sexual Jeffrey Epstein fue hallado muerto este mi\u00e9rcoles tras haberse suicidado, informan medios locales. Edward Juul Rod-Larsen, de 25 a\u00f1os, falleci\u00f3 tres d\u00edas despu\u00e9s de que las Polic\u00edas francesa y noruega abrieran una investigaci\u00f3n conjunta sobre sus padres, Mona Juul [&hellip;]<\/p>\n","protected":false},"author":1,"featured_media":190900,"comment_status":"closed","ping_status":"closed","sticky":false,"template":"","format":"standard","meta":[],"categories":[22],"tags":[],"_links":{"self":[{"href":"http:\/\/cordobainforma.info\/index.php\/wp-json\/wp\/v2\/posts\/190899"}],"collection":[{"href":"http:\/\/cordobainforma.info\/index.php\/wp-json\/wp\/v2\/posts"}],"about":[{"href":"http:\/\/cordobainforma.info\/index.php\/wp-json\/wp\/v2\/types\/post"}],"author":[{"embeddable":true,"href":"http:\/\/cordobainforma.info\/index.php\/wp-json\/wp\/v2\/users\/1"}],"replies":[{"embeddable":true,"href":"http:\/\/cordobainforma.info\/index.php\/wp-json\/wp\/v2\/comments?post=190899"}],"version-history":[{"count":0,"href":"http:\/\/cordobainforma.info\/index.php\/wp-json\/wp\/v2\/posts\/190899\/revisions"}],"wp:featuredmedia":[{"embeddable":true,"href":"http:\/\/cordobainforma.info\/index.php\/wp-json\/wp\/v2\/media\/190900"}],"wp:attachment":[{"href":"http:\/\/cordobainforma.info\/index.php\/wp-json\/wp\/v2\/media?parent=190899"}],"wp:term":[{"taxonomy":"category","embeddable":true,"href":"http:\/\/cordobainforma.info\/index.php\/wp-json\/wp\/v2\/categories?post=190899"},{"taxonomy":"post_tag","embeddable":true,"href":"http:\/\/cordobainforma.info\/index.php\/wp-json\/wp\/v2\/tags?post=190899"}],"curies":[{"name":"wp","href":"https:\/\/api.w.org\/{rel}","templated":true}]}}