{"id":190895,"date":"2026-05-01T06:55:34","date_gmt":"2026-05-01T06:55:34","guid":{"rendered":"https:\/\/www.mujerhoy.com\/vivir\/decoracion\/explicamos-diferencia-antiguedades-muebles-vintage-estilo-retro-20260501134027-nt.html"},"modified":"2026-05-01T06:55:34","modified_gmt":"2026-05-01T06:55:34","slug":"parece-lo-mismo-pero-no-lo-es-te-explicamos-la-diferencia-entre-antiguedades-vintage-y-retro","status":"publish","type":"post","link":"http:\/\/cordobainforma.info\/index.php\/2026\/05\/01\/parece-lo-mismo-pero-no-lo-es-te-explicamos-la-diferencia-entre-antiguedades-vintage-y-retro\/","title":{"rendered":"Parece lo mismo, pero no lo es: te explicamos la diferencia entre antig\u00fcedades, vintage y retro"},"content":{"rendered":"<div class=\"media_block\"><\/div>\n<p><!-- AUTHOR --><\/p>\n<div class=\"voc-author-timesocial \">\n<!-- AUTHOR --><\/p>\n<div class=\"voc-author-timesocial__signature \">\n<!-- IMAGE AUTHOR -->\n<picture class=\"voc-image-signature\">\n<img class=\"voc-image-signature__img\" src=\"http:\/\/cordobainforma.info\/wp-content\/uploads\/2026\/05\/parece-lo-mismo-pero-no-lo-es-te-explicamos-la-diferencia-entre-antiguedades-vintage-y-retro.jpg\" alt=\"Ana Calvo\">\n<\/picture>\n<!-- INFO AUTHOR --><\/p>\n<div class=\"voc-author-timesocial__info\" data-mrf-recirculation=\"Autor\">\n<div class=\"voc-author-info\">\n<author><br \/>\n<a class=\"voc-author\" href=\"https:\/\/www.mujerhoy.com\/autor\/ana-calvo-1186.html\">Ana Calvo<\/a><br \/>\n<\/author><br \/>\n<!-- TIME --><br \/>\n<time datetime=\"2026-05-01T06:55:34Z\" data-timestamp><br \/>\nPublicado \u00b7 <span data-voc-date-modified-short> 1 de mayo de 2026, 08:55 h <\/span><br \/>\n<\/time>\n<\/div>\n<\/div>\n<\/div><\/div>\n<p><!-- COMPONENTS --><\/p>\n<p class=\"voc-paragraph\">La corriente deco es clara: se llevan los espacios inspirados en \u00e9pocas pasadas. Las <a href=\"https:\/\/www.mujerhoy.com\/vivir\/decoracion\/mueble-favorito-abuela-tendencia-decoracion-camareras-bonitas-baratas-20250818140140-nt.html\" title=\"www.mujerhoy.com\" data-voc-vtm-id=\"in-text-traffic\" data-mrf-link=\"www.mujerhoy.com\">casas de nuestras abuelas est\u00e1n de plena tendencia<\/a> y su est\u00e9tica influye de forma poderosa en nuestros hogares. Pero, si queremos abrazar estos <a href=\"https:\/\/www.mujerhoy.com\/vivir\/decoracion\/tendencia-deco-bonita-verano-inspiracion-casa-abuela-vintage-20250807140002-nt.html\" title=\"www.mujerhoy.com\" data-voc-vtm-id=\"in-text-traffic\" data-mrf-link=\"www.mujerhoy.com\">estilos grandmacore<\/a>, lo primero que debemos hacer es diferenciar y tener claros tres conceptos clave que parecen lo mismo, pero en realidad no lo son: <strong>antig\u00fcedades, retro y vintage<\/strong>.<\/p>\n<p class=\"voc-paragraph\">No s\u00e9 si esta fiebre por la decoraci\u00f3n inspirada en elpasado es una tendencia c\u00edclica m\u00e1s (el eterno retorno de lo nuevo del que hablaba Walter Benjamin) o responde a una forma de mantenernos ligados a nuestras ra\u00edces, al origen, pero lo que est\u00e1 claro es que buscamos en <a href=\"https:\/\/www.mujerhoy.com\/vivir\/decoracion\/mercadillo-antiguedades-navacerrada-muebles-segunda-mano-baratos-donde-cuando-es-horario-20251004150330-nt.html\" data-voc-vtm-id=\"in-text-traffic\" title=\"mercadillos muebles\">mercadillos muebles<\/a> que parezcan sacados de <strong>la casa de nuestras abuelas<\/strong>, nuestras mesas se vuelven a vestir con vajillas de Duralex y arrasan los <a href=\"https:\/\/www.mujerhoy.com\/vivir\/decoracion\/deballage-mercadillo-antiguedades-pie-camion-madrid-muebles-vintage-baratos-20260219124422-nt.html\" data-voc-vtm-id=\"in-text-traffic\" title=\"d\u00e9ballages heredados de los pueblos franceses\">d\u00e9ballages heredados de los pueblos franceses<\/a>. <\/p>\n<div class=\"v-c-cmp v-c-cmp--t1 \">\n<div class=\"v-cmp-rld v-cmp-rld--2 \">\n<div class=\"v-cnt-m v-cnt-m--m\">\n<div class=\"v-cnt-m__c\">\n<div class=\"v-cnt-m__w v-cnt-m__w--1\">\n<p class=\"v-cnt-m__t\">\nTAMBI\u00c9N TE INTERESA\n<\/p>\n<\/div>\n<\/div>\n<\/div>\n<div class=\"v-g v-g--2-c v-g--bdr-min-xs\">\n<div class=\"v-g__c \">\n<article class=\"v-a v-a--cmp-rld v-a--cmp-rld-2 v-a--p-l\">\n<div class=\"v-a-img-c\">\n<figure class=\"v-a-fig\">\n<a href=\"https:\/\/www.mujerhoy.com\/vivir\/decoracion\/muebles-abuela-inesperada-tendencia-decoracion-arrasa-casas-bonitas-20260227160757-nt.html#vtm_modulosEngag=mod-rel:vivir:noticia:1:cmp:2-not\" class=\"v-a-link\" title=\"Muebles de abuela, la inesperada tendencia deco que arrasa en las casas m\u00e1s bonitas\"><br \/>\n<img loading=\"lazy\" class=\"v-a-img\" src=\"http:\/\/cordobainforma.info\/wp-content\/uploads\/2026\/05\/parece-lo-mismo-pero-no-lo-es-te-explicamos-la-diferencia-entre-antiguedades-vintage-y-retro-1.jpg\" alt=\"Muebles de abuela, la inesperada tendencia deco que arrasa en las casas m\u00e1s bonitas\"><br \/>\n<\/a><br \/>\n<\/figure>\n<\/div>\n<\/article>\n<\/div>\n<div class=\"v-g__c \">\n<article class=\"v-a v-a--cmp-rld v-a--cmp-rld-2 v-a--p-l\">\n<div class=\"v-a-img-c\">\n<figure class=\"v-a-fig\">\n<a href=\"https:\/\/www.mujerhoy.com\/vivir\/decoracion\/historia-sorprendente-ikea-gran-fracaso-sofa-inflable-reedicion-mueble-iconico-20260422130202-nt.html#vtm_modulosEngag=mod-rel:vivir:noticia:2:cmp:2-not\" class=\"v-a-link\" title=\"El sof\u00e1 inflable de IKEA se hace realidad: la historia con final feliz de un fracaso que dura m\u00e1s de 30 a\u00f1os\"><br \/>\n<img loading=\"lazy\" class=\"v-a-img\" src=\"http:\/\/cordobainforma.info\/wp-content\/uploads\/2026\/05\/parece-lo-mismo-pero-no-lo-es-te-explicamos-la-diferencia-entre-antiguedades-vintage-y-retro.png\" alt=\"El sof\u00e1 inflable de IKEA se hace realidad: la historia con final feliz de un fracaso que dura m\u00e1s de 30 a\u00f1os\"><br \/>\n<\/a><br \/>\n<\/figure>\n<\/div>\n<\/article>\n<\/div>\n<\/div>\n<\/div>\n<\/div>\n<p class=\"voc-paragraph\">Por eso, si eres de las que vas a rebuscar en el desv\u00e1n de los recuerdos para cambiar la decoraci\u00f3n de tu casa y sumarte a esta est\u00e9tica en auge, lo primero que debes saber es c\u00f3mo se llama lo que quieres. Porque s\u00ed, a menudo us\u00e1mos como sin\u00f3nimos en decoraci\u00f3n t\u00e9rminos como <strong>antig\u00fcedad, retro o vintage<\/strong>, pero hay matices que marcan una gran diferencia.<\/p>\n<div class=\"v-c-cmp v-c-cmp--s\">\n<div class=\"v-cmp-m \">\n<article class=\"v-a v-a--cmp-m v-c-cmp--m-z\">\n<div class=\"v-a-img-c \">\n<div class=\"v-a-fig\">\n<button class=\"v-a-link\" popovertarget=\"photo-223\"><br \/>\n<img loading=\"lazy\" src=\"http:\/\/cordobainforma.info\/wp-content\/uploads\/2026\/05\/parece-lo-mismo-pero-no-lo-es-te-explicamos-la-diferencia-entre-antiguedades-vintage-y-retro-2.jpg\" class=\"v-a-img\" width=\"650\" height=\"650\" alt=\"Silla Luis XV en terciopelo granate y madera de caoba.\" data-voc-vtm-id=\"in-text-traffic\"> <\/button><figcaption class=\"v-fc\">\n<span class=\"v-fc__t\"><br \/>\nSilla Luis XV en terciopelo granate y madera de caoba.<br \/>\n<\/span><br \/>\n<\/figcaption><\/div>\n<\/div>\n<div id=\"photo-223\" popover class=\"v-mdl v-mdl--fw\">\n<button class=\"v-x\" popovertarget=\"photo-223\" popovertargetaction=\"hide\"><br \/>\n<span class=\"v-i\"><br \/>\n<svg width=\"24\" height=\"23.996\" viewBox=\"0 0 24 23.996\">\n<path data-name=\"Uni\u00f3n 29\" d=\"M12,14.03,2.031,24,0,21.963,9.968,12,0,2.033,2.031,0,12,9.966,21.969,0,24,2.033,14.032,12,24,21.963,21.969,24Z\" \/>\n<\/svg><br \/>\n<\/span><br \/>\n<\/button><\/p>\n<div class=\"v-mdl__c\">\n<div class=\"v-mdl__w\">\n<img loading=\"lazy\" src=\"http:\/\/cordobainforma.info\/wp-content\/uploads\/2026\/05\/parece-lo-mismo-pero-no-lo-es-te-explicamos-la-diferencia-entre-antiguedades-vintage-y-retro-2.jpg\" class=\"v-mdl__img-z\" width=\"650\" height=\"650\" alt>\n<\/div>\n<\/div>\n<\/div>\n<p><span class=\"v-bdp\"><\/span><br \/>\n<\/article>\n<\/div>\n<\/div>\n<p><h3 class=\"v-cmp-suh\">\nQu\u00e9 son las antig\u00fcedades<br \/>\n<\/h3>\n<\/p>\n<p class=\"voc-paragraph\">Cuando hablamos de antig\u00fcedades nos referimos a piezas que, seg\u00fan la norma internacional y el rigor del mercado del arte y el interiorismo, deben tener, al menos, <strong>un siglo de vida<\/strong>. Y es ah\u00ed, precisamente, donde se encierra su esencia. En el campo de la decoraci\u00f3n, se trata de muebles u objetos cuyo atractivo recae no solo en su est\u00e9tica, sino en la historia que atesoran.<\/p>\n<p class=\"voc-paragraph\">Sillas Luis XV, c\u00f3modas isabelinas, escritorios de la Regencia, sillones victorianos&#8230; Las antig\u00fcedades son piezas que han sobrevivido al paso del tiempo y a lo largo de los a\u00f1os se han convertido en testigos de \u00e9pocas pasadas. Son historia viva hecha muebles y en esa exclusividad reside, precisamente, su gran valor, adem\u00e1s de la calidad de los materiales (muchos hoy casi imposibles de conseguir e, incluso, prohibidos, como el palo rosa o las caobas amaz\u00f3nicas ) y el incalculable trabajo artesanal que conllevan, ya que <strong>son piezas preindustriales<\/strong>.<\/p>\n<div class=\"v-c-cmp v-c-cmp--s\">\n<div class=\"v-cmp-m \">\n<article class=\"v-a v-a--cmp-m v-c-cmp--m-z\">\n<div class=\"v-a-img-c \">\n<div class=\"v-a-fig\">\n<button class=\"v-a-link\" popovertarget=\"photo-464\"><br \/>\n<img loading=\"lazy\" src=\"http:\/\/cordobainforma.info\/wp-content\/uploads\/2026\/05\/parece-lo-mismo-pero-no-lo-es-te-explicamos-la-diferencia-entre-antiguedades-vintage-y-retro-3.jpg\" class=\"v-a-img\" width=\"650\" height=\"650\" alt=\"Chaiselongue de Le Corbusier, una pieza vintage de 1928. En dos a\u00f1os, las piezas originales podr\u00edan considerarse ya antig\u00fcedades.\" data-voc-vtm-id=\"in-text-traffic\"> <\/button><figcaption class=\"v-fc\">\n<span class=\"v-fc__t\"><br \/>\nChaiselongue de Le Corbusier, una pieza vintage de 1928. En dos a\u00f1os, las piezas originales podr\u00edan considerarse ya antig\u00fcedades.<br \/>\n<\/span><br \/>\n<span class=\"v-fc__p\"><br \/>\nNaharro<br \/>\n<\/span><br \/>\n<\/figcaption><\/div>\n<\/div>\n<div id=\"photo-464\" popover class=\"v-mdl v-mdl--fw\">\n<button class=\"v-x\" popovertarget=\"photo-464\" popovertargetaction=\"hide\"><br \/>\n<span class=\"v-i\"><br \/>\n<svg width=\"24\" height=\"23.996\" viewBox=\"0 0 24 23.996\">\n<path data-name=\"Uni\u00f3n 29\" d=\"M12,14.03,2.031,24,0,21.963,9.968,12,0,2.033,2.031,0,12,9.966,21.969,0,24,2.033,14.032,12,24,21.963,21.969,24Z\" \/>\n<\/svg><br \/>\n<\/span><br \/>\n<\/button><\/p>\n<div class=\"v-mdl__c\">\n<div class=\"v-mdl__w\">\n<img loading=\"lazy\" src=\"http:\/\/cordobainforma.info\/wp-content\/uploads\/2026\/05\/parece-lo-mismo-pero-no-lo-es-te-explicamos-la-diferencia-entre-antiguedades-vintage-y-retro-3.jpg\" class=\"v-mdl__img-z\" width=\"650\" height=\"650\" alt>\n<\/div>\n<\/div>\n<\/div>\n<p><span class=\"v-bdp\"><\/span><br \/>\n<\/article>\n<\/div>\n<\/div>\n<p><h3 class=\"v-cmp-suh\">\nCu\u00e1ntos a\u00f1os tienen los muebles vintage<br \/>\n<\/h3>\n<\/p>\n<p class=\"voc-paragraph\">Si lo que buscamos son aut\u00e9nticos muebles Mid-Century Modern o piezas originales de la Bauhaus, de lo que estamos hablando es de decoraci\u00f3n vintage. Y es que aqu\u00ed es el tiempo el que manda: para ser considerado vintage <strong>debe tener m\u00e1s de veinte a\u00f1os<\/strong> pero sin llegar al siglo de vida, por lo que no podr\u00eda ser considerado al mismo tiempo una antig\u00fcedad. <\/p>\n<p class=\"voc-paragraph\">Es decir, cuando hablamos de <strong>muebles o piezas vintage<\/strong> nos referimos al mobiliario original dise\u00f1ado, producido y fabricado desde los a\u00f1os 20 del siglo XX hasta los albores del 2000. \u00bfSu encanto? Estos s\u00ed que nos recuerdan a la casa de nuestras abuelas y reflejan la est\u00e9tica de una \u00e9poca pasada, pero a la que estamos ligados de forma directa. Y s\u00ed, el Mid-Century (a\u00f1os 50 y 60) es el rey absoluto del coleccionismo vintage por su pureza de l\u00edneas y su atemporalidad.<\/p>\n<div class=\"v-c-cmp v-c-cmp--s\">\n<div class=\"v-cmp-m \">\n<article class=\"v-a v-a--cmp-m v-c-cmp--m-z\">\n<div class=\"v-a-img-c \">\n<div class=\"v-a-fig\">\n<button class=\"v-a-link\" popovertarget=\"photo-340\"><br \/>\n<img loading=\"lazy\" src=\"http:\/\/cordobainforma.info\/wp-content\/uploads\/2026\/05\/parece-lo-mismo-pero-no-lo-es-te-explicamos-la-diferencia-entre-antiguedades-vintage-y-retro-4.jpg\" class=\"v-a-img\" width=\"650\" height=\"650\" alt=\"Este aparador es una pieza de est\u00e9tica retro: est\u00e1 producido en la actualidad pero imita un estilo de d\u00e9cadas pasadas como el Mid Century Modern.\" data-voc-vtm-id=\"in-text-traffic\"> <\/button><figcaption class=\"v-fc\">\n<span class=\"v-fc__t\"><br \/>\nEste aparador es una pieza de est\u00e9tica retro: est\u00e1 producido en la actualidad pero imita un estilo de d\u00e9cadas pasadas como el Mid Century Modern.<br \/>\n<\/span><br \/>\n<span class=\"v-fc__p\"><br \/>\nMaisons du Monde<br \/>\n<\/span><br \/>\n<\/figcaption><\/div>\n<\/div>\n<div id=\"photo-340\" popover class=\"v-mdl v-mdl--fw\">\n<button class=\"v-x\" popovertarget=\"photo-340\" popovertargetaction=\"hide\"><br \/>\n<span class=\"v-i\"><br \/>\n<svg width=\"24\" height=\"23.996\" viewBox=\"0 0 24 23.996\">\n<path data-name=\"Uni\u00f3n 29\" d=\"M12,14.03,2.031,24,0,21.963,9.968,12,0,2.033,2.031,0,12,9.966,21.969,0,24,2.033,14.032,12,24,21.963,21.969,24Z\" \/>\n<\/svg><br \/>\n<\/span><br \/>\n<\/button><\/p>\n<div class=\"v-mdl__c\">\n<div class=\"v-mdl__w\">\n<img loading=\"lazy\" src=\"http:\/\/cordobainforma.info\/wp-content\/uploads\/2026\/05\/parece-lo-mismo-pero-no-lo-es-te-explicamos-la-diferencia-entre-antiguedades-vintage-y-retro-4.jpg\" class=\"v-mdl__img-z\" width=\"650\" height=\"650\" alt>\n<\/div>\n<\/div>\n<\/div>\n<p><span class=\"v-bdp\"><\/span><br \/>\n<\/article>\n<\/div>\n<\/div>\n<p><h3 class=\"v-cmp-suh\">\nQu\u00e9 es el estilo retro<br \/>\n<\/h3>\n<\/p>\n<p class=\"voc-paragraph\">Entonces, \u00bf<strong>a qu\u00e9 nos referimos cuando hablamos de algo \u00abretro\u00bb<\/strong>? En este caso, no atendemos a factores temporales sino a una est\u00e9tica: es una elecci\u00f3n de estilo, no una inversi\u00f3n hist\u00f3rica. Que algo sea retro no implica que tenga una determinada edad, sino que refleje o imite los c\u00f3digos visuales de esa \u00e9poca pasada. Un mueble que compras hoy en IKEA o en Zara Home puede ser de estilo retro, pero tendr\u00edan que pasar m\u00e1s de dos d\u00e9cadas para que fuera vintage.<\/p>\n<p class=\"voc-paragraph\">En este caso, al hablar de un estilo o una est\u00e9tica retro nos referimos, por tanto, a una <strong>pieza de fabricaci\u00f3n contempor\u00e1nea que evoca dise\u00f1os del pasado<\/strong>. Un dise\u00f1o actual que, como si de un homenaje se tratara, se inspira en las l\u00edneas, siluetas, colores y acabados de d\u00e9cadas anteriores, pero con la funcionalidad, la tecnolog\u00eda y la garant\u00eda de lo nuevo. .<\/p>\n<div class=\"v-c-cmp v-c-cmp--t1 \">\n<div class=\"v-cmp-rld v-cmp-rld--2 \">\n<div class=\"v-cnt-m v-cnt-m--m\">\n<div class=\"v-cnt-m__c\">\n<div class=\"v-cnt-m__w v-cnt-m__w--1\">\n<p class=\"v-cnt-m__t\">\nTAMBI\u00c9N TE INTERESA\n<\/p>\n<\/div>\n<\/div>\n<\/div>\n<div class=\"v-g v-g--2-c v-g--bdr-min-xs\">\n<div class=\"v-g__c \">\n<article class=\"v-a v-a--cmp-rld v-a--cmp-rld-2 v-a--p-l\">\n<div class=\"v-a-img-c\">\n<figure class=\"v-a-fig\">\n<a href=\"https:\/\/www.mujerhoy.com\/vivir\/decoracion\/tendencias-decoracion-primavera-muebles-colores-amazon-baratos-20260311162321-nt.html#vtm_modulosEngag=mod-rel:vivir:noticia:1:cmp:2-not\" class=\"v-a-link\" title=\"Los muebles de colores son tendencia esta primavera y estos siete arrasan en Amazon porque son preciosos y muy baratos\"><br \/>\n<img loading=\"lazy\" class=\"v-a-img\" src=\"http:\/\/cordobainforma.info\/wp-content\/uploads\/2026\/05\/parece-lo-mismo-pero-no-lo-es-te-explicamos-la-diferencia-entre-antiguedades-vintage-y-retro-5.jpg\" alt=\"Los muebles de colores son tendencia esta primavera y estos siete arrasan en Amazon porque son preciosos y muy baratos\"><br \/>\n<\/a><br \/>\n<\/figure>\n<\/div>\n<\/article>\n<\/div>\n<div class=\"v-g__c \">\n<article class=\"v-a v-a--cmp-rld v-a--cmp-rld-2 v-a--p-l\">\n<div class=\"v-a-img-c\">\n<figure class=\"v-a-fig\">\n<a href=\"https:\/\/www.mujerhoy.com\/vivir\/decoracion\/muebles-ikea-mas-bonitos-catalogo-1996-tendencia-despues-30-anos-20260304154303-nt.html#vtm_modulosEngag=mod-rel:vivir:noticia:2:cmp:2-not\" class=\"v-a-link\" title=\"IKEA se pone nost\u00e1lgica y recupera su cat\u00e1logo de 1996: estos muebles siguen siendo tendencia 30 a\u00f1os despu\u00e9s\"><br \/>\n<img loading=\"lazy\" class=\"v-a-img\" src=\"http:\/\/cordobainforma.info\/wp-content\/uploads\/2026\/05\/parece-lo-mismo-pero-no-lo-es-te-explicamos-la-diferencia-entre-antiguedades-vintage-y-retro-6.jpg\" alt=\"IKEA se pone nost\u00e1lgica y recupera su cat\u00e1logo de 1996: estos muebles siguen siendo tendencia 30 a\u00f1os despu\u00e9s\"><br \/>\n<\/a><br \/>\n<\/figure>\n<\/div>\n<\/article>\n<\/div>\n<\/div>\n<\/div>\n<\/div>\n","protected":false},"excerpt":{"rendered":"<p>Ana Calvo Publicado \u00b7 1 de mayo de 2026, 08:55 h La corriente deco es clara: se llevan los espacios inspirados en \u00e9pocas pasadas. Las casas de nuestras abuelas est\u00e1n de plena tendencia y su est\u00e9tica influye de forma poderosa en nuestros hogares. Pero, si queremos abrazar estos estilos grandmacore, lo primero que debemos hacer [&hellip;]<\/p>\n","protected":false},"author":1,"featured_media":190896,"comment_status":"open","ping_status":"closed","sticky":false,"template":"","format":"standard","meta":[],"categories":[18],"tags":[],"_links":{"self":[{"href":"http:\/\/cordobainforma.info\/index.php\/wp-json\/wp\/v2\/posts\/190895"}],"collection":[{"href":"http:\/\/cordobainforma.info\/index.php\/wp-json\/wp\/v2\/posts"}],"about":[{"href":"http:\/\/cordobainforma.info\/index.php\/wp-json\/wp\/v2\/types\/post"}],"author":[{"embeddable":true,"href":"http:\/\/cordobainforma.info\/index.php\/wp-json\/wp\/v2\/users\/1"}],"replies":[{"embeddable":true,"href":"http:\/\/cordobainforma.info\/index.php\/wp-json\/wp\/v2\/comments?post=190895"}],"version-history":[{"count":0,"href":"http:\/\/cordobainforma.info\/index.php\/wp-json\/wp\/v2\/posts\/190895\/revisions"}],"wp:featuredmedia":[{"embeddable":true,"href":"http:\/\/cordobainforma.info\/index.php\/wp-json\/wp\/v2\/media\/190896"}],"wp:attachment":[{"href":"http:\/\/cordobainforma.info\/index.php\/wp-json\/wp\/v2\/media?parent=190895"}],"wp:term":[{"taxonomy":"category","embeddable":true,"href":"http:\/\/cordobainforma.info\/index.php\/wp-json\/wp\/v2\/categories?post=190895"},{"taxonomy":"post_tag","embeddable":true,"href":"http:\/\/cordobainforma.info\/index.php\/wp-json\/wp\/v2\/tags?post=190895"}],"curies":[{"name":"wp","href":"https:\/\/api.w.org\/{rel}","templated":true}]}}