{"id":190891,"date":"2026-05-01T06:49:33","date_gmt":"2026-05-01T06:49:33","guid":{"rendered":"https:\/\/www.mujerhoy.com\/moda\/no-te-pierdas\/mejores-vestidos-minimalistas-para-dias-poca-inspiracion-20260501151427-nt.html"},"modified":"2026-05-01T06:49:33","modified_gmt":"2026-05-01T06:49:33","slug":"seis-vestidos-minimalistas-que-llevaras-cuando-no-sepas-que-ponerte","status":"publish","type":"post","link":"http:\/\/cordobainforma.info\/index.php\/2026\/05\/01\/seis-vestidos-minimalistas-que-llevaras-cuando-no-sepas-que-ponerte\/","title":{"rendered":"Seis vestidos minimalistas que llevar\u00e1s cuando no sepas qu\u00e9 ponerte"},"content":{"rendered":"<div class=\"media_block\"><\/div>\n<p><!-- AUTHOR --><\/p>\n<div class=\"voc-author-timesocial \">\n<!-- AUTHOR --><\/p>\n<div class=\"voc-author-timesocial__signature \">\n<!-- IMAGE AUTHOR -->\n<picture class=\"voc-image-signature\">\n<img class=\"voc-image-signature__img\" src=\"http:\/\/cordobainforma.info\/wp-content\/uploads\/2026\/05\/seis-vestidos-minimalistas-que-llevaras-cuando-no-sepas-que-ponerte.jpg\" alt=\"Lauren Izquierdo\">\n<\/picture>\n<!-- INFO AUTHOR --> <\/div><\/div>\n<p><!-- COMPONENTS --><\/p>\n<p class=\"voc-paragraph\">Hay d\u00edas en los que vestirse parece un <strong>aut\u00e9ntico sacrilegio<\/strong>. Te levantas, <strong>miras el armario<\/strong> y esperas que te <strong>ofrezca las respuestas<\/strong> que (claramente) no llegan. Sin embargo, algo que <strong>juega a favor del buen tiempo<\/strong> es que necesitas <a href=\"https:\/\/www.mujerhoy.com\/moda\/no-te-pierdas\/basicos-armario-entretiempo-recomendados-amigas-francesas-20260327210247-nt.html\" title=\"www.mujerhoy.com\" data-voc-vtm-id=\"in-text-traffic\" data-mrf-link=\"www.mujerhoy.com\">pocas prendas para salir a la calle<\/a>. Y mi mayor carta en los d\u00edas en los que <strong>no s\u00e9 qu\u00e9 ponerme<\/strong> son los <strong>vestidos minimalistas.<\/strong><\/p>\n<p class=\"voc-paragraph\">Primeramente, porque este <a href=\"https:\/\/www.mujerhoy.com\/moda\/no-te-pierdas\/vestido-viral-massimo-dutti-especial-primavera-verano-20260418175429-nt.html\" title=\"www.mujerhoy.com\" data-voc-vtm-id=\"in-text-traffic\" data-mrf-link=\"www.mujerhoy.com\">tipo de vestidos se adaptan a cualquier situaci\u00f3n<\/a> a la que te enfrentes, y da igual que sea una <strong>comida formal<\/strong> o un <strong>plan con amigas<\/strong>. Solo tienes que <strong>cambiar los accesorios<\/strong> y voil\u00e0, lograr\u00e1s un <strong>look completamente diferente<\/strong>. <\/p>\n<div class=\"v-c-cmp v-c-cmp--t1 \">\n<div class=\"v-cmp-rld v-cmp-rld--2 \">\n<div class=\"v-cnt-m v-cnt-m--m\">\n<div class=\"v-cnt-m__c\">\n<div class=\"v-cnt-m__w v-cnt-m__w--1\">\n<p class=\"v-cnt-m__t\">\nTAMBI\u00c9N TE INTERESA\n<\/p>\n<\/div>\n<\/div>\n<\/div>\n<div class=\"v-g v-g--2-c v-g--bdr-min-xs\">\n<div class=\"v-g__c \">\n<article class=\"v-a v-a--cmp-rld v-a--cmp-rld-2 v-a--p-l\">\n<div class=\"v-a-img-c\">\n<figure class=\"v-a-fig\">\n<a href=\"https:\/\/www.mujerhoy.com\/moda\/no-te-pierdas\/look-invitada-low-cost-cuatro-sfera-nueva-coleccion-20260422232440-nt.html#vtm_modulosEngag=mod-rel:moda:noticia:1:cmp:2-not\" class=\"v-a-link\" title=\"Invitada low cost: cuatro looks con los que puedes ir ideal a una boda sin gastar demasiado\"><br \/>\n<img loading=\"lazy\" class=\"v-a-img\" src=\"http:\/\/cordobainforma.info\/wp-content\/uploads\/2026\/05\/seis-vestidos-minimalistas-que-llevaras-cuando-no-sepas-que-ponerte-1.jpg\" alt=\"Invitada low cost: cuatro looks con los que puedes ir ideal a una boda sin gastar demasiado\"><br \/>\n<\/a><br \/>\n<\/figure>\n<\/div>\n<\/article>\n<\/div>\n<div class=\"v-g__c \">\n<article class=\"v-a v-a--cmp-rld v-a--cmp-rld-2 v-a--p-l\">\n<div class=\"v-a-img-c\">\n<figure class=\"v-a-fig\">\n<a href=\"https:\/\/www.mujerhoy.com\/moda\/no-te-pierdas\/mejores-vestidos-bordado-ingles-primavera-verano-20260422163316-nt.html#vtm_modulosEngag=mod-rel:moda:noticia:2:cmp:2-not\" class=\"v-a-link\" title=\"Estoy enamorada de estos vestidos con bordado ingl\u00e9s que favorecen a cualquier edad en verano\"><br \/>\n<img loading=\"lazy\" class=\"v-a-img\" src=\"http:\/\/cordobainforma.info\/wp-content\/uploads\/2026\/05\/seis-vestidos-minimalistas-que-llevaras-cuando-no-sepas-que-ponerte-2.jpg\" alt=\"Estoy enamorada de estos vestidos con bordado ingl\u00e9s que favorecen a cualquier edad en verano\"><br \/>\n<\/a><br \/>\n<\/figure>\n<\/div>\n<\/article>\n<\/div>\n<\/div>\n<\/div>\n<\/div>\n<p class=\"voc-paragraph\">Adem\u00e1s, no pasan de moda. Por lo que, podr\u00e1s usarlo durante a\u00f1os sin que eso te <strong>haga sentir desfasada<\/strong>. Encajan a la perfecci\u00f3n con cualquier estilo, edad y tipo de cuerpo; y su <strong>amplio abanico de opciones<\/strong> es m\u00e1s variado de lo que imaginas, ya que encontrar\u00e1s desde vestidos lisos en colores nuetros hasta otros con estampados discretos.<\/p>\n<p><h3 class=\"v-cmp-suh\">\nEn mi r\u00e1nking: vestidos minimalistas recomendados<br \/>\n<\/h3>\n<\/p>\n<div class=\"v-c-cmp v-c-cmp--s\">\n<div class=\"v-cmp-m \">\n<article class=\"v-a v-a--cmp-m v-c-cmp--m-z\">\n<div class=\"v-a-img-c \">\n<div class=\"v-a-fig\">\n<button class=\"v-a-link\" popovertarget=\"photo-653\"><br \/>\n<img loading=\"lazy\" src=\"http:\/\/cordobainforma.info\/wp-content\/uploads\/2026\/05\/seis-vestidos-minimalistas-que-llevaras-cuando-no-sepas-que-ponerte.png\" class=\"v-a-img\" width=\"650\" height=\"650\" alt=\"Vestido floral de Vogana, 235 euros.\" data-voc-vtm-id=\"in-text-traffic\"> <\/button><figcaption class=\"v-fc\">\n<span class=\"v-fc__t\"><br \/>\nVestido floral de Vogana, 235 euros.<br \/>\n<\/span><br \/>\n<\/figcaption><\/div>\n<\/div>\n<div id=\"photo-653\" popover class=\"v-mdl v-mdl--fw\">\n<button class=\"v-x\" popovertarget=\"photo-653\" popovertargetaction=\"hide\"><br \/>\n<span class=\"v-i\"><br \/>\n<svg width=\"24\" height=\"23.996\" viewBox=\"0 0 24 23.996\">\n<path data-name=\"Uni\u00f3n 29\" d=\"M12,14.03,2.031,24,0,21.963,9.968,12,0,2.033,2.031,0,12,9.966,21.969,0,24,2.033,14.032,12,24,21.963,21.969,24Z\" \/>\n<\/svg><br \/>\n<\/span><br \/>\n<\/button><\/p>\n<div class=\"v-mdl__c\">\n<div class=\"v-mdl__w\">\n<img loading=\"lazy\" src=\"http:\/\/cordobainforma.info\/wp-content\/uploads\/2026\/05\/seis-vestidos-minimalistas-que-llevaras-cuando-no-sepas-que-ponerte.png\" class=\"v-mdl__img-z\" width=\"650\" height=\"650\" alt>\n<\/div>\n<\/div>\n<\/div>\n<p><span class=\"v-bdp\"><\/span><br \/>\n<\/article>\n<\/div>\n<\/div>\n<p class=\"voc-paragraph\"><strong>Vestido floral de Vogana, 235 euros.<\/strong> Ha sido verlo y sentir el flechazo. Este vestido demuestra que el minimalismo no tiene por qu\u00e9 estar re\u00f1ido con el estampado. La silueta es sencilla, sin cortes complicados, y eso hace que el dise\u00f1o se vea equilibrado, bonito y elegant\u00edsimo. Ll\u00e9valo con unas cu\u00f1as y el resultado ser\u00e1 de diez.<\/p>\n<div class=\"v-c-cmp v-c-cmp--s\">\n<div class=\"v-cmp-m \">\n<article class=\"v-a v-a--cmp-m v-c-cmp--m-z\">\n<div class=\"v-a-img-c \">\n<div class=\"v-a-fig\">\n<button class=\"v-a-link\" popovertarget=\"photo-381\"><br \/>\n<img loading=\"lazy\" src=\"http:\/\/cordobainforma.info\/wp-content\/uploads\/2026\/05\/seis-vestidos-minimalistas-que-llevaras-cuando-no-sepas-que-ponerte-3.jpg\" class=\"v-a-img\" width=\"650\" height=\"650\" alt=\"Vestido de punto beige calado de S\u00e9zane, 185 euros.\" data-voc-vtm-id=\"in-text-traffic\"> <\/button><figcaption class=\"v-fc\">\n<span class=\"v-fc__t\"><br \/>\nVestido de punto beige calado de S\u00e9zane, 185 euros.<br \/>\n<\/span><br \/>\n<\/figcaption><\/div>\n<\/div>\n<div id=\"photo-381\" popover class=\"v-mdl v-mdl--fw\">\n<button class=\"v-x\" popovertarget=\"photo-381\" popovertargetaction=\"hide\"><br \/>\n<span class=\"v-i\"><br \/>\n<svg width=\"24\" height=\"23.996\" viewBox=\"0 0 24 23.996\">\n<path data-name=\"Uni\u00f3n 29\" d=\"M12,14.03,2.031,24,0,21.963,9.968,12,0,2.033,2.031,0,12,9.966,21.969,0,24,2.033,14.032,12,24,21.963,21.969,24Z\" \/>\n<\/svg><br \/>\n<\/span><br \/>\n<\/button><\/p>\n<div class=\"v-mdl__c\">\n<div class=\"v-mdl__w\">\n<img loading=\"lazy\" src=\"http:\/\/cordobainforma.info\/wp-content\/uploads\/2026\/05\/seis-vestidos-minimalistas-que-llevaras-cuando-no-sepas-que-ponerte-3.jpg\" class=\"v-mdl__img-z\" width=\"650\" height=\"650\" alt>\n<\/div>\n<\/div>\n<\/div>\n<p><span class=\"v-bdp\"><\/span><br \/>\n<\/article>\n<\/div>\n<\/div>\n<p class=\"voc-paragraph\"><strong>Vestido de punto beige calado de S\u00e9zane, 185 euros.<\/strong> Es sencillo y ah\u00ed precisamente reside su mayor secreto. Podr\u00e1s llevarlo con cu\u00f1as, con sandalias e incluso con alpargatas planas. Me encanta como queda con dorados, marinos y marrones co\u00f1ac. Lo mejor es que no pasan de moda.<\/p>\n<div class=\"v-c-cmp v-c-cmp--s\">\n<div class=\"v-cmp-m \">\n<article class=\"v-a v-a--cmp-m v-c-cmp--m-z\">\n<div class=\"v-a-img-c \">\n<div class=\"v-a-fig\">\n<button class=\"v-a-link\" popovertarget=\"photo-799\"><br \/>\n<img loading=\"lazy\" src=\"http:\/\/cordobainforma.info\/wp-content\/uploads\/2026\/05\/seis-vestidos-minimalistas-que-llevaras-cuando-no-sepas-que-ponerte-4.jpg\" class=\"v-a-img\" width=\"650\" height=\"650\" alt=\"Vestido lencero azul con encaje de Bimba y Lola 135 euros.\" data-voc-vtm-id=\"in-text-traffic\"> <\/button><figcaption class=\"v-fc\">\n<span class=\"v-fc__t\"><br \/>\nVestido lencero azul con encaje de Bimba y Lola 135 euros.<br \/>\n<\/span><br \/>\n<\/figcaption><\/div>\n<\/div>\n<div id=\"photo-799\" popover class=\"v-mdl v-mdl--fw\">\n<button class=\"v-x\" popovertarget=\"photo-799\" popovertargetaction=\"hide\"><br \/>\n<span class=\"v-i\"><br \/>\n<svg width=\"24\" height=\"23.996\" viewBox=\"0 0 24 23.996\">\n<path data-name=\"Uni\u00f3n 29\" d=\"M12,14.03,2.031,24,0,21.963,9.968,12,0,2.033,2.031,0,12,9.966,21.969,0,24,2.033,14.032,12,24,21.963,21.969,24Z\" \/>\n<\/svg><br \/>\n<\/span><br \/>\n<\/button><\/p>\n<div class=\"v-mdl__c\">\n<div class=\"v-mdl__w\">\n<img loading=\"lazy\" src=\"http:\/\/cordobainforma.info\/wp-content\/uploads\/2026\/05\/seis-vestidos-minimalistas-que-llevaras-cuando-no-sepas-que-ponerte-4.jpg\" class=\"v-mdl__img-z\" width=\"650\" height=\"650\" alt>\n<\/div>\n<\/div>\n<\/div>\n<p><span class=\"v-bdp\"><\/span><br \/>\n<\/article>\n<\/div>\n<\/div>\n<p class=\"voc-paragraph\"><strong>Vestido lencero azul con encaje de Bimba y Lola 135 euros.<\/strong> Parece un camis\u00f3n y nos fascina. Es un cl\u00e1sico de la marca que funciona temporada tras temporada. Es discreto, pero a la vez sexy y delicado. Si no sabes c\u00f3mo combinarlo, no te compliques: con sandalias planas para el d\u00eda o con un zapato m\u00e1s arreglado por la noche. <\/p>\n<div class=\"v-c-cmp v-c-cmp--s\">\n<div class=\"v-cmp-m \">\n<article class=\"v-a v-a--cmp-m v-c-cmp--m-z\">\n<div class=\"v-a-img-c \">\n<div class=\"v-a-fig\">\n<button class=\"v-a-link\" popovertarget=\"photo-794\"><br \/>\n<img loading=\"lazy\" src=\"http:\/\/cordobainforma.info\/wp-content\/uploads\/2026\/05\/seis-vestidos-minimalistas-que-llevaras-cuando-no-sepas-que-ponerte-1.png\" class=\"v-a-img\" width=\"650\" height=\"650\" alt=\"Vestido lencero azul con encaje de Bimba y Lola 135 euros.\" data-voc-vtm-id=\"in-text-traffic\"> <\/button><figcaption class=\"v-fc\">\n<span class=\"v-fc__t\"><br \/>\nVestido lencero azul con encaje de Bimba y Lola 135 euros.<br \/>\n<\/span><br \/>\n<\/figcaption><\/div>\n<\/div>\n<div id=\"photo-794\" popover class=\"v-mdl v-mdl--fw\">\n<button class=\"v-x\" popovertarget=\"photo-794\" popovertargetaction=\"hide\"><br \/>\n<span class=\"v-i\"><br \/>\n<svg width=\"24\" height=\"23.996\" viewBox=\"0 0 24 23.996\">\n<path data-name=\"Uni\u00f3n 29\" d=\"M12,14.03,2.031,24,0,21.963,9.968,12,0,2.033,2.031,0,12,9.966,21.969,0,24,2.033,14.032,12,24,21.963,21.969,24Z\" \/>\n<\/svg><br \/>\n<\/span><br \/>\n<\/button><\/p>\n<div class=\"v-mdl__c\">\n<div class=\"v-mdl__w\">\n<img loading=\"lazy\" src=\"http:\/\/cordobainforma.info\/wp-content\/uploads\/2026\/05\/seis-vestidos-minimalistas-que-llevaras-cuando-no-sepas-que-ponerte-1.png\" class=\"v-mdl__img-z\" width=\"650\" height=\"650\" alt>\n<\/div>\n<\/div>\n<\/div>\n<p><span class=\"v-bdp\"><\/span><br \/>\n<\/article>\n<\/div>\n<\/div>\n<p class=\"voc-paragraph\"><strong>Vestido cruzado en tono neutro de Anthropologie, 175 euros.<\/strong> Su corte es el verdadero protagonista. Es un dise\u00f1o que estiliza y que se adapta genial al cuerpo sin marcar demasiado. Es una opci\u00f3n muy c\u00f3moda para el d\u00eda a d\u00eda, incluso para trabajar. <\/p>\n<div class=\"v-c-cmp v-c-cmp--s\">\n<div class=\"v-cmp-m \">\n<article class=\"v-a v-a--cmp-m v-c-cmp--m-z\">\n<div class=\"v-a-img-c \">\n<div class=\"v-a-fig\">\n<button class=\"v-a-link\" popovertarget=\"photo-955\"><br \/>\n<img loading=\"lazy\" src=\"http:\/\/cordobainforma.info\/wp-content\/uploads\/2026\/05\/seis-vestidos-minimalistas-que-llevaras-cuando-no-sepas-que-ponerte-5.jpg\" class=\"v-a-img\" width=\"650\" height=\"650\" alt=\"Vestido midi en tono amarillo suave de &amp;Other Stories, 99 euros\" data-voc-vtm-id=\"in-text-traffic\"> <\/button><figcaption class=\"v-fc\">\n<span class=\"v-fc__t\"><br \/>\nVestido midi en tono amarillo suave de &amp;Other Stories, 99 euros<br \/>\n<\/span><br \/>\n<\/figcaption><\/div>\n<\/div>\n<div id=\"photo-955\" popover class=\"v-mdl v-mdl--fw\">\n<button class=\"v-x\" popovertarget=\"photo-955\" popovertargetaction=\"hide\"><br \/>\n<span class=\"v-i\"><br \/>\n<svg width=\"24\" height=\"23.996\" viewBox=\"0 0 24 23.996\">\n<path data-name=\"Uni\u00f3n 29\" d=\"M12,14.03,2.031,24,0,21.963,9.968,12,0,2.033,2.031,0,12,9.966,21.969,0,24,2.033,14.032,12,24,21.963,21.969,24Z\" \/>\n<\/svg><br \/>\n<\/span><br \/>\n<\/button><\/p>\n<div class=\"v-mdl__c\">\n<div class=\"v-mdl__w\">\n<img loading=\"lazy\" src=\"http:\/\/cordobainforma.info\/wp-content\/uploads\/2026\/05\/seis-vestidos-minimalistas-que-llevaras-cuando-no-sepas-que-ponerte-5.jpg\" class=\"v-mdl__img-z\" width=\"650\" height=\"650\" alt>\n<\/div>\n<\/div>\n<\/div>\n<p><span class=\"v-bdp\"><\/span><br \/>\n<\/article>\n<\/div>\n<\/div>\n<p class=\"voc-paragraph\"><strong>Vestido midi en tono amarillo suave de &amp;Other Stories, 99 euros<\/strong>. Es simple, y no hay estampados ni detalles innecesarios, solo un buen corte y un color que funciona muy bien en primavera y verano. El resultado es limpio y muy f\u00e1cil de llevar. A la hora de lucirlo en verano, con sandalias planas y un bolso de rafia por el d\u00eda, y con sandalias finas y clutch por la noche.<\/p>\n<div class=\"v-c-cmp v-c-cmp--s\">\n<div class=\"v-cmp-m \">\n<article class=\"v-a v-a--cmp-m v-c-cmp--m-z\">\n<div class=\"v-a-img-c \">\n<div class=\"v-a-fig\">\n<button class=\"v-a-link\" popovertarget=\"photo-373\"><br \/>\n<img loading=\"lazy\" src=\"http:\/\/cordobainforma.info\/wp-content\/uploads\/2026\/05\/seis-vestidos-minimalistas-que-llevaras-cuando-no-sepas-que-ponerte-6.jpg\" class=\"v-a-img\" width=\"650\" height=\"650\" alt=\"Vestido midi estructurado de Juan Avellaneda x See Io, 155 euros.\" data-voc-vtm-id=\"in-text-traffic\"> <\/button><figcaption class=\"v-fc\">\n<span class=\"v-fc__t\"><br \/>\nVestido midi estructurado de Juan Avellaneda x See Io, 155 euros.<br \/>\n<\/span><br \/>\n<\/figcaption><\/div>\n<\/div>\n<div id=\"photo-373\" popover class=\"v-mdl v-mdl--fw\">\n<button class=\"v-x\" popovertarget=\"photo-373\" popovertargetaction=\"hide\"><br \/>\n<span class=\"v-i\"><br \/>\n<svg width=\"24\" height=\"23.996\" viewBox=\"0 0 24 23.996\">\n<path data-name=\"Uni\u00f3n 29\" d=\"M12,14.03,2.031,24,0,21.963,9.968,12,0,2.033,2.031,0,12,9.966,21.969,0,24,2.033,14.032,12,24,21.963,21.969,24Z\" \/>\n<\/svg><br \/>\n<\/span><br \/>\n<\/button><\/p>\n<div class=\"v-mdl__c\">\n<div class=\"v-mdl__w\">\n<img loading=\"lazy\" src=\"http:\/\/cordobainforma.info\/wp-content\/uploads\/2026\/05\/seis-vestidos-minimalistas-que-llevaras-cuando-no-sepas-que-ponerte-6.jpg\" class=\"v-mdl__img-z\" width=\"650\" height=\"650\" alt>\n<\/div>\n<\/div>\n<\/div>\n<p><span class=\"v-bdp\"><\/span><br \/>\n<\/article>\n<\/div>\n<\/div>\n<p class=\"voc-paragraph\"><strong>Vestido midi estructurado de Juan Avellaneda x See Io, 155 euros.<\/strong> Nos encanta el color, la sensaci\u00f3n de ligereza y lo ponible que resulta. Es ideal para esas ocasiones en las que buscas ir un poco m\u00e1s elegante. Lo mejor es que no pasa de moda por mucho que lo hagan las temporadas.<\/p>\n<div class=\"v-c-cmp v-c-cmp--t1 \">\n<div class=\"v-cmp-rld v-cmp-rld--2 \">\n<div class=\"v-cnt-m v-cnt-m--m\">\n<div class=\"v-cnt-m__c\">\n<div class=\"v-cnt-m__w v-cnt-m__w--1\">\n<p class=\"v-cnt-m__t\">\nTAMBI\u00c9N TE INTERESA\n<\/p>\n<\/div>\n<\/div>\n<\/div>\n<div class=\"v-g v-g--2-c v-g--bdr-min-xs\">\n<div class=\"v-g__c \">\n<article class=\"v-a v-a--cmp-rld v-a--cmp-rld-2 v-a--p-l\">\n<div class=\"v-a-img-c\">\n<figure class=\"v-a-fig\">\n<a href=\"https:\/\/www.mujerhoy.com\/moda\/no-te-pierdas\/vestido-viral-massimo-dutti-especial-primavera-verano-20260418175429-nt.html#vtm_modulosEngag=mod-rel:moda:noticia:1:cmp:2-not\" class=\"v-a-link\" title=\"El vestido m\u00e1s viral de Massimo Dutti: qu\u00e9 tiene de especial\"><br \/>\n<img loading=\"lazy\" class=\"v-a-img\" src=\"http:\/\/cordobainforma.info\/wp-content\/uploads\/2026\/05\/seis-vestidos-minimalistas-que-llevaras-cuando-no-sepas-que-ponerte-7.jpg\" alt=\"El vestido m\u00e1s viral de Massimo Dutti: qu\u00e9 tiene de especial\"><br \/>\n<\/a><br \/>\n<\/figure>\n<\/div>\n<\/article>\n<\/div>\n<div class=\"v-g__c \">\n<article class=\"v-a v-a--cmp-rld v-a--cmp-rld-2 v-a--p-l\">\n<div class=\"v-a-img-c\">\n<figure class=\"v-a-fig\">\n<a href=\"https:\/\/www.mujerhoy.com\/moda\/no-te-pierdas\/nuevo-primark-camisa-blanca-nueva-temporada-primavera-20260418074837-nt.html#vtm_modulosEngag=mod-rel:moda:noticia:2:cmp:2-not\" class=\"v-a-link\" title=\"Las compras de Primark de la semana: vestidos de invitada, zapatos de fiesta y bolsos de colores\"><br \/>\n<img loading=\"lazy\" class=\"v-a-img\" src=\"http:\/\/cordobainforma.info\/wp-content\/uploads\/2026\/05\/seis-vestidos-minimalistas-que-llevaras-cuando-no-sepas-que-ponerte-8.jpg\" alt=\"Las compras de Primark de la semana: vestidos de invitada, zapatos de fiesta y bolsos de colores\"><br \/>\n<\/a><br \/>\n<\/figure>\n<\/div>\n<\/article>\n<\/div>\n<\/div>\n<\/div>\n<\/div>\n","protected":false},"excerpt":{"rendered":"<p>Hay d\u00edas en los que vestirse parece un aut\u00e9ntico sacrilegio. Te levantas, miras el armario y esperas que te ofrezca las respuestas que (claramente) no llegan. Sin embargo, algo que juega a favor del buen tiempo es que necesitas pocas prendas para salir a la calle. Y mi mayor carta en los d\u00edas en los [&hellip;]<\/p>\n","protected":false},"author":1,"featured_media":190892,"comment_status":"closed","ping_status":"closed","sticky":false,"template":"","format":"standard","meta":[],"categories":[24],"tags":[],"_links":{"self":[{"href":"http:\/\/cordobainforma.info\/index.php\/wp-json\/wp\/v2\/posts\/190891"}],"collection":[{"href":"http:\/\/cordobainforma.info\/index.php\/wp-json\/wp\/v2\/posts"}],"about":[{"href":"http:\/\/cordobainforma.info\/index.php\/wp-json\/wp\/v2\/types\/post"}],"author":[{"embeddable":true,"href":"http:\/\/cordobainforma.info\/index.php\/wp-json\/wp\/v2\/users\/1"}],"replies":[{"embeddable":true,"href":"http:\/\/cordobainforma.info\/index.php\/wp-json\/wp\/v2\/comments?post=190891"}],"version-history":[{"count":0,"href":"http:\/\/cordobainforma.info\/index.php\/wp-json\/wp\/v2\/posts\/190891\/revisions"}],"wp:featuredmedia":[{"embeddable":true,"href":"http:\/\/cordobainforma.info\/index.php\/wp-json\/wp\/v2\/media\/190892"}],"wp:attachment":[{"href":"http:\/\/cordobainforma.info\/index.php\/wp-json\/wp\/v2\/media?parent=190891"}],"wp:term":[{"taxonomy":"category","embeddable":true,"href":"http:\/\/cordobainforma.info\/index.php\/wp-json\/wp\/v2\/categories?post=190891"},{"taxonomy":"post_tag","embeddable":true,"href":"http:\/\/cordobainforma.info\/index.php\/wp-json\/wp\/v2\/tags?post=190891"}],"curies":[{"name":"wp","href":"https:\/\/api.w.org\/{rel}","templated":true}]}}