{"id":190879,"date":"2026-05-01T04:09:00","date_gmt":"2026-05-01T04:09:00","guid":{"rendered":"http:\/\/cordobainforma.info\/index.php\/2026\/05\/01\/es-una-bestialidad-hugo-yasky-cuestiono-en-qr-las-politicas-del-gobierno-sobre-salarios-y-servicios\/"},"modified":"2026-05-01T04:09:00","modified_gmt":"2026-05-01T04:09:00","slug":"es-una-bestialidad-hugo-yasky-cuestiono-en-qr-las-politicas-del-gobierno-sobre-salarios-y-servicios","status":"publish","type":"post","link":"http:\/\/cordobainforma.info\/index.php\/2026\/05\/01\/es-una-bestialidad-hugo-yasky-cuestiono-en-qr-las-politicas-del-gobierno-sobre-salarios-y-servicios\/","title":{"rendered":"\u201cEs una bestialidad\u201d, Hugo Yasky cuestion\u00f3 en \u201cQR!\u201d las pol\u00edticas del Gobierno sobre salarios y servicios"},"content":{"rendered":"<div class=\"media_block\"><\/div>\n<div><img src=\"http:\/\/cordobainforma.info\/wp-content\/uploads\/2026\/05\/es-una-bestialidad-hugo-yasky-cuestiono-en-qr-las-politicas-del-gobierno-sobre-salarios-y-servicios.jpg\" class=\"ff-og-image-inserted\"><\/div>\n<p>En el programa \u00ab<strong>QR!<\/strong>\u00ab, emitido por <strong>Canal E<\/strong>, el conductor <strong>Pablo Caruso<\/strong> entrevist\u00f3 al diputado nacional y secretario general de la CTA, <strong>Hugo Yasky<\/strong>, quien realiz\u00f3 un duro an\u00e1lisis sobre la situaci\u00f3n salarial, el rol de los sindicatos y las <a target=\"_blank\" href=\"https:\/\/www.perfil.com\/noticias\/politica\/adorni-en-el-congreso-las-10-claves-de-una-jornada-que-definira-el-destino-politico-del-gobierno.phtml\" rel=\"noopener noreferrer\"><strong>pol\u00edticas del Gobierno<\/strong><\/a>.<\/p>\n<p>Durante la charla, Yasky cuestion\u00f3 medidas recientes vinculadas a servicios b\u00e1sicos y lanz\u00f3 una cr\u00edtica contundente: <strong>\u201cEs una bestialidad\u201d<\/strong>, en referencia a la posibilidad de cortar el suministro de agua a usuarios con deudas.<\/p>\n<h2>Cr\u00edticas por tarifas y derechos b\u00e1sicos<\/h2>\n<p>El dirigente sindical advirti\u00f3 que se establecieron condiciones que permitir\u00edan interrumpir el servicio de agua a quienes acumulen m\u00e1s de dos meses de deuda. Seg\u00fan plante\u00f3, se trata de una decisi\u00f3n que vulnera derechos esenciales.<\/p>\n<p>\u201c<strong>En ninguna parte del mundo civilizado el acceso al agua est\u00e1 sujeto a este tipo de discontinuidad<\/strong>\u201d, afirm\u00f3, y remarc\u00f3 que se trata de un derecho humano reconocido a nivel internacional.<\/p>\n<p>En ese sentido, vincul\u00f3 estas pol\u00edticas con una l\u00f3gica \u201ceconomicista\u201d que, seg\u00fan dijo, no contempla las consecuencias sociales ni sanitarias.<\/p>\n<p class=\"destacadoNota\"><a target=\"_blank\" href=\"https:\/\/www.perfil.com\/noticias\/politica\/una-parte-del-sindicalismo-apuesta-a-kicillof-2027-los-motivos.phtml\" rel=\"noopener noreferrer\">Una parte del sindicalismo apuesta a Kicillof 2027: los motivos<\/a><\/p>\n<p>Yasky tambi\u00e9n denunci\u00f3 la aplicaci\u00f3n de multas millonarias contra gremios que realizaron medidas de fuerza. Puso como ejemplo el caso de sindicatos que, tras convocar paros, debieron afrontar sanciones econ\u00f3micas que afectaron su funcionamiento.<\/p>\n<p>Seg\u00fan explic\u00f3, estas penalizaciones impactan directamente en los recursos de las organizaciones y en los salarios de sus trabajadores. \u201cTuvieron que endeudarse y hasta discontinuar pagos para poder sostenerse\u201d, asegur\u00f3.<\/p>\n<p>Adem\u00e1s, advirti\u00f3 que estas medidas se enmarcan en un contexto m\u00e1s amplio de reformas laborales que, a su entender, restringen el derecho a huelga y debilitan la capacidad de acci\u00f3n sindical.<\/p>\n<h2>Salarios y malestar creciente<\/h2>\n<p>El diputado se\u00f1al\u00f3 que el deterioro del poder adquisitivo es uno de los principales problemas que enfrentan los trabajadores. En ese marco, sostuvo que el ajuste econ\u00f3mico profundiza las dificultades en la vida cotidiana.<\/p>\n<p>Tambi\u00e9n anticip\u00f3 que la situaci\u00f3n ser\u00e1 evaluada a nivel internacional, ya que Argentina deber\u00e1 presentarse ante la Organizaci\u00f3n Internacional del Trabajo junto a otros pa\u00edses de la regi\u00f3n por cuestionamientos a su normativa laboral.<\/p>\n<p class=\"destacadoNota\"><a target=\"_blank\" href=\"https:\/\/www.perfil.com\/noticias\/politica\/el-gobierno-le-arrebato-la-causa-de-la-reforma-laboral-al-fuero-del-trabajo-y-se-anoto-otra-victoria-ante-la-cgt.phtml\" rel=\"noopener noreferrer\">El Gobierno le arrebat\u00f3 la causa de la reforma laboral al fuero del Trabajo y se anot\u00f3 otra victoria ante la CGT<\/a><\/p>\n<p>En la antesala del D\u00eda del Trabajador, Yasky destac\u00f3 la necesidad de fortalecer la unidad entre las distintas centrales obreras y llam\u00f3 a intensificar las medidas de protesta.<\/p>\n<p>En ese sentido, mencion\u00f3 la convocatoria a movilizaciones y plante\u00f3 la importancia de construir un frente com\u00fan para enfrentar las pol\u00edticas oficiales. \u201c<strong>Tenemos que poner en la calle la fuerza de los trabajadores para confrontar este modelo<\/strong>\u201d, cerr\u00f3.<\/p>\n<p>LB<\/p>\n<div class=\"article__tags\">\n<p>En esta Nota<\/p>\n<\/p><\/div>\n","protected":false},"excerpt":{"rendered":"<p>En el programa \u00abQR!\u00ab, emitido por Canal E, el conductor Pablo Caruso entrevist\u00f3 al diputado nacional y secretario general de la CTA, Hugo Yasky, quien realiz\u00f3 un duro an\u00e1lisis sobre la situaci\u00f3n salarial, el rol de los sindicatos y las pol\u00edticas del Gobierno. Durante la charla, Yasky cuestion\u00f3 medidas recientes vinculadas a servicios b\u00e1sicos y [&hellip;]<\/p>\n","protected":false},"author":1,"featured_media":190880,"comment_status":"closed","ping_status":"closed","sticky":false,"template":"","format":"standard","meta":[],"categories":[2],"tags":[],"_links":{"self":[{"href":"http:\/\/cordobainforma.info\/index.php\/wp-json\/wp\/v2\/posts\/190879"}],"collection":[{"href":"http:\/\/cordobainforma.info\/index.php\/wp-json\/wp\/v2\/posts"}],"about":[{"href":"http:\/\/cordobainforma.info\/index.php\/wp-json\/wp\/v2\/types\/post"}],"author":[{"embeddable":true,"href":"http:\/\/cordobainforma.info\/index.php\/wp-json\/wp\/v2\/users\/1"}],"replies":[{"embeddable":true,"href":"http:\/\/cordobainforma.info\/index.php\/wp-json\/wp\/v2\/comments?post=190879"}],"version-history":[{"count":0,"href":"http:\/\/cordobainforma.info\/index.php\/wp-json\/wp\/v2\/posts\/190879\/revisions"}],"wp:featuredmedia":[{"embeddable":true,"href":"http:\/\/cordobainforma.info\/index.php\/wp-json\/wp\/v2\/media\/190880"}],"wp:attachment":[{"href":"http:\/\/cordobainforma.info\/index.php\/wp-json\/wp\/v2\/media?parent=190879"}],"wp:term":[{"taxonomy":"category","embeddable":true,"href":"http:\/\/cordobainforma.info\/index.php\/wp-json\/wp\/v2\/categories?post=190879"},{"taxonomy":"post_tag","embeddable":true,"href":"http:\/\/cordobainforma.info\/index.php\/wp-json\/wp\/v2\/tags?post=190879"}],"curies":[{"name":"wp","href":"https:\/\/api.w.org\/{rel}","templated":true}]}}