{"id":190854,"date":"2026-05-01T04:26:46","date_gmt":"2026-05-01T04:26:46","guid":{"rendered":"http:\/\/cordobainforma.info\/index.php\/2026\/05\/01\/carlos-paz-nuevos-horarios-de-colectivos-en-mayo-linea-por-linea\/"},"modified":"2026-05-01T04:26:46","modified_gmt":"2026-05-01T04:26:46","slug":"carlos-paz-nuevos-horarios-de-colectivos-en-mayo-linea-por-linea","status":"publish","type":"post","link":"http:\/\/cordobainforma.info\/index.php\/2026\/05\/01\/carlos-paz-nuevos-horarios-de-colectivos-en-mayo-linea-por-linea\/","title":{"rendered":"Carlos Paz: nuevos horarios de colectivos en mayo, l\u00ednea por l\u00ednea"},"content":{"rendered":"<p>Carlos Paz: nuevos horarios de colectivos en mayo, l\u00ednea por l\u00ednea. El &#8230; <b>C\u00f3rdoba<\/b>&nbsp;&#8230; <\/p>\n","protected":false},"excerpt":{"rendered":"<p>Carlos Paz: nuevos horarios de colectivos en mayo, l\u00ednea por l\u00ednea. El &#8230; C\u00f3rdoba&nbsp;&#8230;<\/p>\n","protected":false},"author":1,"featured_media":0,"comment_status":"closed","ping_status":"closed","sticky":false,"template":"","format":"standard","meta":[],"categories":[23],"tags":[],"_links":{"self":[{"href":"http:\/\/cordobainforma.info\/index.php\/wp-json\/wp\/v2\/posts\/190854"}],"collection":[{"href":"http:\/\/cordobainforma.info\/index.php\/wp-json\/wp\/v2\/posts"}],"about":[{"href":"http:\/\/cordobainforma.info\/index.php\/wp-json\/wp\/v2\/types\/post"}],"author":[{"embeddable":true,"href":"http:\/\/cordobainforma.info\/index.php\/wp-json\/wp\/v2\/users\/1"}],"replies":[{"embeddable":true,"href":"http:\/\/cordobainforma.info\/index.php\/wp-json\/wp\/v2\/comments?post=190854"}],"version-history":[{"count":0,"href":"http:\/\/cordobainforma.info\/index.php\/wp-json\/wp\/v2\/posts\/190854\/revisions"}],"wp:attachment":[{"href":"http:\/\/cordobainforma.info\/index.php\/wp-json\/wp\/v2\/media?parent=190854"}],"wp:term":[{"taxonomy":"category","embeddable":true,"href":"http:\/\/cordobainforma.info\/index.php\/wp-json\/wp\/v2\/categories?post=190854"},{"taxonomy":"post_tag","embeddable":true,"href":"http:\/\/cordobainforma.info\/index.php\/wp-json\/wp\/v2\/tags?post=190854"}],"curies":[{"name":"wp","href":"https:\/\/api.w.org\/{rel}","templated":true}]}}