{"id":190851,"date":"2026-04-30T23:36:53","date_gmt":"2026-04-30T23:36:53","guid":{"rendered":"https:\/\/www.clarin.com\/deportes\/cristiano-ronaldo-quedo-30-goles-1000-sorprendio-hablar-retiro-final-cerca_0_QZXifn6wtq.html"},"modified":"2026-04-30T23:36:53","modified_gmt":"2026-04-30T23:36:53","slug":"cristiano-ronaldo-quedo-a-30-goles-de-los-1000-y-sorprendio-al-hablar-de-su-retiro-el-final-esta-cerca","status":"publish","type":"post","link":"http:\/\/cordobainforma.info\/index.php\/2026\/04\/30\/cristiano-ronaldo-quedo-a-30-goles-de-los-1000-y-sorprendio-al-hablar-de-su-retiro-el-final-esta-cerca\/","title":{"rendered":"Cristiano Ronaldo qued\u00f3 a 30 goles de los 1000 y sorprendi\u00f3 al hablar de su retiro: \u201cEl final est\u00e1 cerca\u201d"},"content":{"rendered":"<p><img src=\"http:\/\/cordobainforma.info\/wp-content\/uploads\/2026\/05\/cristiano-ronaldo-quedo-a-30-goles-de-los-1000-y-sorprendio-al-hablar-de-su-retiro-el-final-esta-cerca.jpg\"><\/p>\n<div><img src=\"http:\/\/cordobainforma.info\/wp-content\/uploads\/2026\/05\/cristiano-ronaldo-quedo-a-30-goles-de-los-1000-y-sorprendio-al-hablar-de-su-retiro-el-final-esta-cerca-2.jpg\" class=\"ff-og-image-inserted\"><\/div>\n<div id=\"element-body-0\" readability=\"62\">\n<p>Despu\u00e9s del <strong>triunfo 2-0 de Al Nassr ante Al Ahli<\/strong>, en el que volvi\u00f3 a convertir, <strong>Cristiano Ronaldo<\/strong> dej\u00f3 varias definiciones fuertes que repercuten tambi\u00e9n en Sudam\u00e9rica, donde su figura sigue generando admiraci\u00f3n y debate.<\/p>\n<\/div>\n<div id=\"element-body-1\" readability=\"64\">\n<p>En di\u00e1logo con <strong><em>CanalGOATBR<\/em><\/strong>, el delantero portugu\u00e9s fue directo sobre una realidad que ya no esquiva: el final de su carrera est\u00e1 m\u00e1s cerca.<strong> \u201cSe acerca\u2026 hay que disfrutar cada partido\u201d<\/strong>, reconoci\u00f3. Sin embargo, lejos de mostrarse en retirada, dej\u00f3 claro que su mentalidad sigue siendo la misma que lo llev\u00f3 a la cima del f\u00fatbol mundial: <strong>\u201cMi carrera ha sido brillante y quiero que siga si\u00e9ndolo. Sigo disfrutando y sigo haciendo goles\u201d.<\/strong><\/p>\n<\/div>\n<div id=\"element-body-2\" readability=\"62\">\n<p>M\u00e1s all\u00e1 de sus n\u00fameros personales, puso el foco en lo colectivo. Con Al Nassr como protagonista en la Saudi Pro League, el objetivo es claro: levantar el t\u00edtulo. <strong>\u201cLo m\u00e1s importante es ganar. Tenemos muchas ganas de quedarnos con la liga\u201d<\/strong>, asegur\u00f3.<\/p>\n<\/div>\n<div id=\"element-body-3\" readability=\"30.237451737452\">\n<blockquote class=\"twitter-tweet\" readability=\"10.517374517375\">\n<p lang=\"ar\" dir=\"rtl\">\u00ab\u0628\u0639\u0636 \u0627\u0644\u0623\u0646\u062f\u064a\u0629 \u0644\u062f\u064a\u0647\u0627 \u0646\u0641\u0648\u0630 \u062e\u0627\u0631\u062c \u0627\u0644\u0645\u0644\u0639\u0628\u060c \u0644\u0643\u0646\u0646\u064a \u0644\u0627 \u0623\u0631\u064a\u062f \u0627\u0644\u062d\u062f\u064a\u062b \u0639\u0646 \u0630\u0644\u0643 \u0627\u0644\u0622\u0646\u060c \u0633\u0623\u062a\u062d\u062f\u062b \u0641\u064a \u0646\u0647\u0627\u064a\u0629 \u0627\u0644\u0645\u0648\u0633\u0645 \u0639\u0646 \u0623\u0645\u0648\u0631 \u0643\u062b\u064a\u0631\u0629 \u062d\u0642\u064a\u0642\u064a\u0629!\u00bb \u2014 \ud83d\udfe1<\/p>\n<p>\u062d\u062f\u064a\u062b \u0643\u0631\u064a\u0633\u062a\u064a\u0627\u0646\u0648 \u0631\u0648\u0646\u0627\u0644\u062f\u0648 \u0645\u0639 \u0631\u064a\u0648 \u0641\u0631\u062f\u064a\u0646\u0627\u0646\u062f <a href=\"https:\/\/twitter.com\/rioferdy5?ref_src=twsrc%5Etfw\">@rioferdy5<\/a> \u0641\u064a \u0623\u062d\u062f\u062b \u062d\u0644\u0642\u0627\u062a \u0628\u0631\u0646\u0627\u0645\u062c \u2067<a href=\"https:\/\/twitter.com\/hashtag\/%D8%B1%D9%8A%D9%88_%D8%AC%D8%A7%D9%8A?src=hash&amp;ref_src=twsrc%5Etfw\">#\u0631\u064a\u0648_\u062c\u0627\u064a<\/a> \ud83c\udf99\ufe0f<\/p>\n<p>\u0627\u0646\u062a\u0638\u0631\u0648\u0627 \u062d\u0644\u0642\u0629 \u062e\u0627\u0635\u0629 \u0639\u0644\u0649 \u00ab\u062b\u0645\u0627\u0646\u064a\u0629\u00bb \ud83d\udcf2\ud83d\udca5 <a href=\"https:\/\/t.co\/5qu4vzXo7T\">pic.twitter.com\/5qu4vzXo7T<\/a><\/p>\n<p>\u2014 \u0631\u064a\u0627\u0636\u0629 \u062b\u0645\u0627\u0646\u064a\u0629 (@thmanyahsports) <a href=\"https:\/\/twitter.com\/thmanyahsports\/status\/2049870832504082721?ref_src=twsrc%5Etfw\">April 30, 2026<\/a><\/p><\/blockquote><\/div>\n<div id=\"element-body-4\" readability=\"63\">\n<p>A los 41 a\u00f1os, el ex Real Madrid tambi\u00e9n reflexion\u00f3 sobre su legado.<strong> \u201cJuego para esta generaci\u00f3n, pero tambi\u00e9n para la anterior y la que viene\u201d<\/strong>, explic\u00f3, consciente del impacto que tuvo en distintas \u00e9pocas del f\u00fatbol.<\/p>\n<\/div>\n<div id=\"element-body-5\" readability=\"62\">\n<p>El retiro aparece en el horizonte, pero mientras siga en la cancha, Cristiano mantiene su sello: competir al m\u00e1ximo, marcar diferencias y seguir alimentando una historia que todav\u00eda no quiere cerrar.<\/p>\n<\/div>\n<div id=\"element-body-6\" readability=\"21.676691729323\">\n<blockquote class=\"twitter-tweet\" readability=\"3.4962406015038\">\n<p lang=\"en\" dir=\"ltr\">YALLA!! WE ARE AL NASSR!! \u2708\ufe0f\ud83e\udd37\ud83c\udffd\u200d\u2642\ufe0f\ud83d\udcaa\ud83c\udffd <a href=\"https:\/\/t.co\/Ww4Ew01w4y\">pic.twitter.com\/Ww4Ew01w4y<\/a><\/p>\n<p>\u2014 Cristiano Ronaldo (@Cristiano) <a href=\"https:\/\/twitter.com\/Cristiano\/status\/2049584263155024225?ref_src=twsrc%5Etfw\">April 29, 2026<\/a><\/p><\/blockquote><\/div>\n","protected":false},"excerpt":{"rendered":"<p>Despu\u00e9s del triunfo 2-0 de Al Nassr ante Al Ahli, en el que volvi\u00f3 a convertir, Cristiano Ronaldo dej\u00f3 varias definiciones fuertes que repercuten tambi\u00e9n en Sudam\u00e9rica, donde su figura sigue generando admiraci\u00f3n y debate. En di\u00e1logo con CanalGOATBR, el delantero portugu\u00e9s fue directo sobre una realidad que ya no esquiva: el final de su [&hellip;]<\/p>\n","protected":false},"author":1,"featured_media":190852,"comment_status":"closed","ping_status":"closed","sticky":false,"template":"","format":"standard","meta":[],"categories":[20],"tags":[],"_links":{"self":[{"href":"http:\/\/cordobainforma.info\/index.php\/wp-json\/wp\/v2\/posts\/190851"}],"collection":[{"href":"http:\/\/cordobainforma.info\/index.php\/wp-json\/wp\/v2\/posts"}],"about":[{"href":"http:\/\/cordobainforma.info\/index.php\/wp-json\/wp\/v2\/types\/post"}],"author":[{"embeddable":true,"href":"http:\/\/cordobainforma.info\/index.php\/wp-json\/wp\/v2\/users\/1"}],"replies":[{"embeddable":true,"href":"http:\/\/cordobainforma.info\/index.php\/wp-json\/wp\/v2\/comments?post=190851"}],"version-history":[{"count":0,"href":"http:\/\/cordobainforma.info\/index.php\/wp-json\/wp\/v2\/posts\/190851\/revisions"}],"wp:featuredmedia":[{"embeddable":true,"href":"http:\/\/cordobainforma.info\/index.php\/wp-json\/wp\/v2\/media\/190852"}],"wp:attachment":[{"href":"http:\/\/cordobainforma.info\/index.php\/wp-json\/wp\/v2\/media?parent=190851"}],"wp:term":[{"taxonomy":"category","embeddable":true,"href":"http:\/\/cordobainforma.info\/index.php\/wp-json\/wp\/v2\/categories?post=190851"},{"taxonomy":"post_tag","embeddable":true,"href":"http:\/\/cordobainforma.info\/index.php\/wp-json\/wp\/v2\/tags?post=190851"}],"curies":[{"name":"wp","href":"https:\/\/api.w.org\/{rel}","templated":true}]}}