{"id":190847,"date":"2026-04-30T17:37:54","date_gmt":"2026-04-30T17:37:54","guid":{"rendered":"https:\/\/somoscordobeses.com\/2026\/04\/30\/daran-de-alta-policias-baleados-bajo-pueyrredon\/"},"modified":"2026-04-30T17:37:54","modified_gmt":"2026-04-30T17:37:54","slug":"daran-de-alta-a-los-policias-baleados-en-bajo-pueyrredon","status":"publish","type":"post","link":"http:\/\/cordobainforma.info\/index.php\/2026\/04\/30\/daran-de-alta-a-los-policias-baleados-en-bajo-pueyrredon\/","title":{"rendered":"Dar\u00e1n de alta a los polic\u00edas baleados en Bajo Pueyrred\u00f3n"},"content":{"rendered":"<div><img src=\"http:\/\/cordobainforma.info\/wp-content\/uploads\/2026\/04\/daran-de-alta-a-los-policias-baleados-en-bajo-pueyrredon.jpg\" class=\"ff-og-image-inserted\"><\/div>\n<div class=\"tdb-block-inner td-fix-index\" readability=\"35\">\n<p><strong>Los dos efectivos heridos durante los incidentes en el barrio Bajo Pueyrred\u00f3n recibir\u00e1n el alta m\u00e9dica este jueves. Las autoridades confirmaron que las lesiones fueron leves y que se encuentran fuera de peligro.<\/strong><\/p>\n<p>Luego de los graves incidentes ocurridos en el barrio Bajo Pueyrred\u00f3n, tras la muerte de Tom\u00e1s Orihuela, este jueves dar\u00e1n de alta a los dos polic\u00edas que resultaron baleados. Los manifestantes protagonizaron un violento enfrentamiento con los efectivos sobre la ruta, dejando un saldo de dos agentes heridos de bala que ingresaron al Hospital de Urgencias.<\/p>\n<p>Las autoridades de seguridad intervinieron para dispersar la protesta y detuvieron a seis personas por su participaci\u00f3n en los cortes de calle. En ese marco, el director de Sanidad de la fuerza, Gabriel Bosque, detall\u00f3 el cuadro cl\u00ednico de los agentes a Canal 10: \u201cEst\u00e1n fuera de peligro, las heridas fueron leves\u201d, indic\u00f3 el profesional. Los directivos del nosocomio municipal anunciaron el alta m\u00e9dica para las horas de esta tarde.<\/p>\n<p>Por otra parte, el ministro de Seguridad provincial, Juan Pablo Quinteros, lanz\u00f3 un reclamo directo hacia el \u00e1mbito legislativo: \u201cNecesitamos una ley que imponga penas de prisi\u00f3n efectiva a los que porten armas ilegales\u201d, remarc\u00f3 el funcionario.<\/p>\n<\/div>\n","protected":false},"excerpt":{"rendered":"<p>Los dos efectivos heridos durante los incidentes en el barrio Bajo Pueyrred\u00f3n recibir\u00e1n el alta m\u00e9dica este jueves. Las autoridades confirmaron que las lesiones fueron leves y que se encuentran fuera de peligro. Luego de los graves incidentes ocurridos en el barrio Bajo Pueyrred\u00f3n, tras la muerte de Tom\u00e1s Orihuela, este jueves dar\u00e1n de alta [&hellip;]<\/p>\n","protected":false},"author":1,"featured_media":190848,"comment_status":"closed","ping_status":"closed","sticky":false,"template":"","format":"standard","meta":[],"categories":[2],"tags":[],"_links":{"self":[{"href":"http:\/\/cordobainforma.info\/index.php\/wp-json\/wp\/v2\/posts\/190847"}],"collection":[{"href":"http:\/\/cordobainforma.info\/index.php\/wp-json\/wp\/v2\/posts"}],"about":[{"href":"http:\/\/cordobainforma.info\/index.php\/wp-json\/wp\/v2\/types\/post"}],"author":[{"embeddable":true,"href":"http:\/\/cordobainforma.info\/index.php\/wp-json\/wp\/v2\/users\/1"}],"replies":[{"embeddable":true,"href":"http:\/\/cordobainforma.info\/index.php\/wp-json\/wp\/v2\/comments?post=190847"}],"version-history":[{"count":0,"href":"http:\/\/cordobainforma.info\/index.php\/wp-json\/wp\/v2\/posts\/190847\/revisions"}],"wp:featuredmedia":[{"embeddable":true,"href":"http:\/\/cordobainforma.info\/index.php\/wp-json\/wp\/v2\/media\/190848"}],"wp:attachment":[{"href":"http:\/\/cordobainforma.info\/index.php\/wp-json\/wp\/v2\/media?parent=190847"}],"wp:term":[{"taxonomy":"category","embeddable":true,"href":"http:\/\/cordobainforma.info\/index.php\/wp-json\/wp\/v2\/categories?post=190847"},{"taxonomy":"post_tag","embeddable":true,"href":"http:\/\/cordobainforma.info\/index.php\/wp-json\/wp\/v2\/tags?post=190847"}],"curies":[{"name":"wp","href":"https:\/\/api.w.org\/{rel}","templated":true}]}}