{"id":190841,"date":"2026-04-30T07:36:57","date_gmt":"2026-04-30T07:36:57","guid":{"rendered":"http:\/\/cordobainforma.info\/index.php\/2026\/04\/30\/iran-el-bloqueo-maritimo-de-ee-uu-amenaza-a-la-estabilidad-mundial\/"},"modified":"2026-04-30T07:36:57","modified_gmt":"2026-04-30T07:36:57","slug":"iran-el-bloqueo-maritimo-de-ee-uu-amenaza-a-la-estabilidad-mundial","status":"publish","type":"post","link":"http:\/\/cordobainforma.info\/index.php\/2026\/04\/30\/iran-el-bloqueo-maritimo-de-ee-uu-amenaza-a-la-estabilidad-mundial\/","title":{"rendered":"Ir\u00e1n: El bloqueo mar\u00edtimo de EE.UU. amenaza a la estabilidad mundial"},"content":{"rendered":"<p><img src=\"http:\/\/cordobainforma.info\/wp-content\/uploads\/2026\/04\/iran-el-bloqueo-maritimo-de-ee-uu-amenaza-a-la-estabilidad-mundial.jpg\"><\/p>\n<p>El presidente de Ir\u00e1n, <strong>Masoud Pezeshkian<\/strong>, afirm\u00f3 este jueves que el bloqueo impuesto por EE.UU. en el estrecho de Ormuz representa una amenaza a nivel internacional.&nbsp;<\/p>\n<p>\u00abHoy en d\u00eda, nuestros enemigos, tras haber cambiado su enfoque, han incluido en su agenda <strong>la estrategia de un bloqueo mar\u00edtimo y la imposici\u00f3n de restricciones a las rutas comerciales mar\u00edtimas<\/strong> como nueva herramienta de presi\u00f3n contra el Gobierno y el pueblo de Ir\u00e1n\u00bb, <a href=\"https:\/\/t.me\/Tasnimnews\/411799\" target=\"_blank\" rel=\"noopener noreferrer\">declar\u00f3<\/a> el mandatario.<\/p>\n<div class=\"ReadMore-root Section-root Section-is1to3-xs_is1to1\" data-widgets=\"ReadMore\">\n<div class=\"Section-container Section-isRow-isTop-isWrap\">\n<article class=\"Card-root Card-is1to1 Card-default\">\n<div class=\"Card-imageWrap\">\n<div class=\"Card-picture\"> <picture class=\"Picture-root Picture-default\"><!--[if IE 9]><video style=\"display: none;\"><![endif]--><source media=\"(-webkit-min-device-pixel-ratio: 2) and (min-resolution: 120dpi)\" srcset=\"http:\/\/cordobainforma.info\/wp-content\/uploads\/2026\/04\/iran-el-bloqueo-maritimo-de-ee-uu-amenaza-a-la-estabilidad-mundial-2.jpg 850w, http:\/\/cordobainforma.info\/wp-content\/uploads\/2026\/04\/iran-el-bloqueo-maritimo-de-ee-uu-amenaza-a-la-estabilidad-mundial-3.jpg 1960w\"><source srcset=\"http:\/\/cordobainforma.info\/wp-content\/uploads\/2026\/04\/iran-el-bloqueo-maritimo-de-ee-uu-amenaza-a-la-estabilidad-mundial-2.jpg, https:\/\/actualidad.rt.com\/actualidad\/460, http:\/\/cordobainforma.info\/wp-content\/uploads\/2026\/04\/iran-el-bloqueo-maritimo-de-ee-uu-amenaza-a-la-estabilidad-mundial-3.jpg 980w\"><!--[if IE 9]><\/video><![endif]--><img data-sizes=\"auto\" src=\"http:\/\/cordobainforma.info\/wp-content\/uploads\/2026\/04\/iran-el-bloqueo-maritimo-de-ee-uu-amenaza-a-la-estabilidad-mundial-2.jpg\" class=\"Picture-root Picture-default lazyload\" alt=\"Ir\u00e1n advierte de consecuencias &quot;catastr\u00f3ficas&quot; si EE.UU. decide continuar el conflicto\"><\/picture><!-- noscript pattern --><noscript><img src=\"http:\/\/cordobainforma.info\/wp-content\/uploads\/2026\/04\/iran-el-bloqueo-maritimo-de-ee-uu-amenaza-a-la-estabilidad-mundial-3.jpg\" alt=\"Ir\u00e1n advierte de consecuencias &quot;catastr\u00f3ficas&quot; si EE.UU. decide continuar el conflicto\"><\/noscript> <\/div><\/div>\n<\/article><\/div><\/div>\n<p>En este contexto, indic\u00f3 que \u00ab<strong>cualquier intento de imponer un bloqueo mar\u00edtimo<\/strong> y restricciones es <strong>contrario al derecho internacional<\/strong>, va en <strong>contra de los intereses de las naciones de la regi\u00f3n y de la paz y la estabilidad mundiales<\/strong>, y est\u00e1 condenado al fracaso\u00bb.&nbsp;<\/p>\n<p>Adem\u00e1s, Pezeshkian acus\u00f3 a <strong>Estados Unidos&nbsp;e Israel de ser los&nbsp;\u00abresponsables de cualquier situaci\u00f3n de inseguridad en el golfo P\u00e9rsico\u00bb<\/strong>. \u00abEl golfo P\u00e9rsico <strong>no es un escenario para la imposici\u00f3n de voluntades extranjeras unilaterales<\/strong>, y la seguridad de esta regi\u00f3n estrat\u00e9gica solo puede garantizarse mediante la cooperaci\u00f3n de los Estados ribere\u00f1os\u00bb, destac\u00f3.<\/p>\n<p>En sus declaraciones, el presidente iran\u00ed&nbsp;calific\u00f3&nbsp;el estrecho de Ormuz de una&nbsp;\u00abv\u00eda navegable estrat\u00e9gica\u00bb que forma \u00ab<strong>parte integrante de la identidad nacional del pueblo iran\u00ed y un s\u00edmbolo de la soberan\u00eda de la Rep\u00fablica Isl\u00e1mica de Ir\u00e1n<\/strong>\u00ab.<\/p>\n<p><em><strong>El bloqueo de Trump en Ormuz: \u00bfun&nbsp;<a href=\"https:\/\/esrt.space\/actualidad\/599039-bloqueo-trump-ormuz-disparo-pie-eeuu-aliados\" target=\"_blank\" rel=\"noopener noreferrer\">disparo en el pie<\/a>&nbsp;para EE.UU. y sus aliados?<\/strong><\/em><\/p>\n<ul>\n<li>El 21 de abril, Donald Trump&nbsp;<a href=\"https:\/\/actualidad.rt.com\/actualidad\/600632-trump-anuncia-prolongacion-tregua-iran\" target=\"_blank\" rel=\"noopener noreferrer\">anunci\u00f3<\/a>&nbsp;la pr\u00f3rroga del alto el fuego con Ir\u00e1n establecido el 7 de abril. Explic\u00f3 que la decisi\u00f3n se deb\u00eda a que supuestamente el Gobierno iran\u00ed&nbsp;est\u00e1&nbsp;<strong>\u00abgravemente dividido\u00bb<\/strong>&nbsp;y a que Pakist\u00e1n solicit\u00f3 a Washington que suspendiera sus ataques contra la Rep\u00fablica Isl\u00e1mica \u00abhasta que sus l\u00edderes y representantes puedan presentar una propuesta unificada\u00bb.<\/li>\n<\/ul>\n<ul>\n<li>Trump tambi\u00e9n inform\u00f3 que hab\u00eda&nbsp;<a href=\"https:\/\/actualidad.rt.com\/actualidad\/600630-trump-ordena-continue-bloqueo-naval\" target=\"_blank\" rel=\"noopener noreferrer\">ordenado<\/a>&nbsp;a las Fuerzas Armadas&nbsp;mantener&nbsp;el&nbsp;<strong>bloqueo naval<\/strong>&nbsp;en el estrecho de Ormuz y permanecer en estado de alerta y operativas.<\/li>\n<\/ul>\n<ul>\n<li>El 18 de abril, el Cuerpo de la Guardia Revolucionaria Isl\u00e1mica&nbsp;<a href=\"https:\/\/esrt.space\/actualidad\/600036-iran-cierra-estrecho-ormuz-levante\" target=\"_blank\" rel=\"noopener noreferrer\">declar\u00f3<\/a>&nbsp;que el&nbsp;<a href=\"https:\/\/actualidad.rt.com\/a-fondo\/554476-estrecho-ormuz-verdadera-arma-nuclear-iran\" target=\"_blank\" rel=\"noopener noreferrer\">estrecho de Ormuz<\/a>&nbsp;<strong>permanecer\u00e1 cerrado<\/strong>&nbsp;hasta que Washington levante por completo el bloqueo naval. \u00abAcercarse al estrecho de Ormuz ser\u00e1 considerado una cooperaci\u00f3n con el enemigo y el buque infractor ser\u00e1 atacado\u00bb, subray\u00f3.<\/li>\n<\/ul>\n<p><em><strong><a href=\"https:\/\/actualidad.rt.com\/actualidad\/602222-trump-lanza-ultimatum-iran-promete-sorpresa\" target=\"_blank\" rel=\"noopener noreferrer\">MINUTO A MINUTO<\/a>:&nbsp;Trump lanza un ultim\u00e1tum a Ir\u00e1n y este promete una \u00abnueva sorpresa\u00bb para EE.UU.<\/strong><\/em><\/p>\n","protected":false},"excerpt":{"rendered":"<p>El presidente de Ir\u00e1n, Masoud Pezeshkian, afirm\u00f3 este jueves que el bloqueo impuesto por EE.UU. en el estrecho de Ormuz representa una amenaza a nivel internacional.&nbsp; \u00abHoy en d\u00eda, nuestros enemigos, tras haber cambiado su enfoque, han incluido en su agenda la estrategia de un bloqueo mar\u00edtimo y la imposici\u00f3n de restricciones a las rutas [&hellip;]<\/p>\n","protected":false},"author":1,"featured_media":190842,"comment_status":"closed","ping_status":"closed","sticky":false,"template":"","format":"standard","meta":[],"categories":[22],"tags":[],"_links":{"self":[{"href":"http:\/\/cordobainforma.info\/index.php\/wp-json\/wp\/v2\/posts\/190841"}],"collection":[{"href":"http:\/\/cordobainforma.info\/index.php\/wp-json\/wp\/v2\/posts"}],"about":[{"href":"http:\/\/cordobainforma.info\/index.php\/wp-json\/wp\/v2\/types\/post"}],"author":[{"embeddable":true,"href":"http:\/\/cordobainforma.info\/index.php\/wp-json\/wp\/v2\/users\/1"}],"replies":[{"embeddable":true,"href":"http:\/\/cordobainforma.info\/index.php\/wp-json\/wp\/v2\/comments?post=190841"}],"version-history":[{"count":0,"href":"http:\/\/cordobainforma.info\/index.php\/wp-json\/wp\/v2\/posts\/190841\/revisions"}],"wp:featuredmedia":[{"embeddable":true,"href":"http:\/\/cordobainforma.info\/index.php\/wp-json\/wp\/v2\/media\/190842"}],"wp:attachment":[{"href":"http:\/\/cordobainforma.info\/index.php\/wp-json\/wp\/v2\/media?parent=190841"}],"wp:term":[{"taxonomy":"category","embeddable":true,"href":"http:\/\/cordobainforma.info\/index.php\/wp-json\/wp\/v2\/categories?post=190841"},{"taxonomy":"post_tag","embeddable":true,"href":"http:\/\/cordobainforma.info\/index.php\/wp-json\/wp\/v2\/tags?post=190841"}],"curies":[{"name":"wp","href":"https:\/\/api.w.org\/{rel}","templated":true}]}}