{"id":190839,"date":"2026-04-30T07:37:20","date_gmt":"2026-04-30T07:37:20","guid":{"rendered":"http:\/\/cordobainforma.info\/index.php\/2026\/04\/30\/israel-detiene-a-175-activistas-de-la-flotilla-humanitaria-que-se-dirige-a-gaza\/"},"modified":"2026-04-30T07:37:20","modified_gmt":"2026-04-30T07:37:20","slug":"israel-detiene-a-175-activistas-de-la-flotilla-humanitaria-que-se-dirige-a-gaza","status":"publish","type":"post","link":"http:\/\/cordobainforma.info\/index.php\/2026\/04\/30\/israel-detiene-a-175-activistas-de-la-flotilla-humanitaria-que-se-dirige-a-gaza\/","title":{"rendered":"Israel detiene a 175 activistas de la flotilla humanitaria que se dirige a Gaza"},"content":{"rendered":"<div><img src=\"http:\/\/cordobainforma.info\/wp-content\/uploads\/2026\/04\/israel-detiene-a-175-activistas-de-la-flotilla-humanitaria-que-se-dirige-a-gaza.jpg\" class=\"ff-og-image-inserted\"><\/div>\n<div class=\"Text-root Text-type_5 ArticleView-text ViewText-root \">\n<p>La Armada israel\u00ed <strong>ha detenido a unos 175 activistas<\/strong> de la Flotilla Global Sumud, que se dirige a la Franja de Gaza para entregar ayuda humanitaria a los palestinos, intentando romper el bloqueo israel\u00ed, <a href=\"https:\/\/www.timesofisrael.com\/liveblog_entry\/israeli-navy-detains-around-175-activists-aboard-gaza-flotilla\/\" target=\"_blank\" rel=\"noopener noreferrer\">inform\u00f3<\/a> The Times of Israel.&nbsp;<\/p>\n<p>Las fuerzas del pa\u00eds hebreo i<strong>nterceptaron 21 de las 58 embarcaciones<\/strong> de la flotilla durante la noche del mi\u00e9rcoles al jueves cerca de la isla griega de Creta, a cientos de millas n\u00e1uticas de Israel. Mientras tanto, las dem\u00e1s embarcaciones fueron advertidas de que cambien de rumbo o tambi\u00e9n ser\u00e1n interceptadas.<\/p>\n<div class=\"EmbedBlock-root EmbedBlock-twitter\">\n<div class=\"TwitterEmbed\">\n<blockquote class=\"twitter-tweet\" data-twitter=\"twitter-tweet\" data-media-max-width=\"560\">\n<p lang=\"tr\" dir=\"ltr\">\ud83d\udea8Global Sumud Filosu Yunanistan a\u00e7\u0131klar\u0131nda tehdit ediliyor! \ud83d\udd34Filoya ait gemilere sinyal karartma operasyonu d\u00fczenleniyor, filo yak\u0131n\u0131nda ise kimli\u011fi tespit edilemeyen donanma gemileri mevcut.Global Sumud Filosu&#8217;nu g\u00fcndeme ta\u015f\u0131, duyur, payla\u015f\u203c\ufe0f <a href=\"https:\/\/t.co\/DsHk0btBvA\">pic.twitter.com\/DsHk0btBvA<\/a><\/p>\n<p>\u2014 Global Sumud Filosu T\u00fcrkiye (@globalsumudtr) <a href=\"https:\/\/twitter.com\/globalsumudtr\/status\/2049578815341421053?ref_src=twsrc%5Etfw\">April 29, 2026<\/a><\/p><\/blockquote>\n<\/div>\n<\/div>\n<\/div>\n","protected":false},"excerpt":{"rendered":"<p>La Armada israel\u00ed ha detenido a unos 175 activistas de la Flotilla Global Sumud, que se dirige a la Franja de Gaza para entregar ayuda humanitaria a los palestinos, intentando romper el bloqueo israel\u00ed, inform\u00f3 The Times of Israel.&nbsp; Las fuerzas del pa\u00eds hebreo interceptaron 21 de las 58 embarcaciones de la flotilla durante la [&hellip;]<\/p>\n","protected":false},"author":1,"featured_media":190840,"comment_status":"closed","ping_status":"closed","sticky":false,"template":"","format":"standard","meta":[],"categories":[22],"tags":[],"_links":{"self":[{"href":"http:\/\/cordobainforma.info\/index.php\/wp-json\/wp\/v2\/posts\/190839"}],"collection":[{"href":"http:\/\/cordobainforma.info\/index.php\/wp-json\/wp\/v2\/posts"}],"about":[{"href":"http:\/\/cordobainforma.info\/index.php\/wp-json\/wp\/v2\/types\/post"}],"author":[{"embeddable":true,"href":"http:\/\/cordobainforma.info\/index.php\/wp-json\/wp\/v2\/users\/1"}],"replies":[{"embeddable":true,"href":"http:\/\/cordobainforma.info\/index.php\/wp-json\/wp\/v2\/comments?post=190839"}],"version-history":[{"count":0,"href":"http:\/\/cordobainforma.info\/index.php\/wp-json\/wp\/v2\/posts\/190839\/revisions"}],"wp:featuredmedia":[{"embeddable":true,"href":"http:\/\/cordobainforma.info\/index.php\/wp-json\/wp\/v2\/media\/190840"}],"wp:attachment":[{"href":"http:\/\/cordobainforma.info\/index.php\/wp-json\/wp\/v2\/media?parent=190839"}],"wp:term":[{"taxonomy":"category","embeddable":true,"href":"http:\/\/cordobainforma.info\/index.php\/wp-json\/wp\/v2\/categories?post=190839"},{"taxonomy":"post_tag","embeddable":true,"href":"http:\/\/cordobainforma.info\/index.php\/wp-json\/wp\/v2\/tags?post=190839"}],"curies":[{"name":"wp","href":"https:\/\/api.w.org\/{rel}","templated":true}]}}