{"id":190832,"date":"2026-04-30T05:57:43","date_gmt":"2026-04-30T05:57:43","guid":{"rendered":"https:\/\/www.mujerhoy.com\/moda\/no-te-pierdas\/como-vestir-bien-look-invitada-temporada-bodas-experta-vestidos-20260430201010-nt.html"},"modified":"2026-04-30T05:57:43","modified_gmt":"2026-04-30T05:57:43","slug":"la-guia-definitiva-para-acertar-con-tu-look-de-invitada-esta-temporada-segun-una-experta","status":"publish","type":"post","link":"http:\/\/cordobainforma.info\/index.php\/2026\/04\/30\/la-guia-definitiva-para-acertar-con-tu-look-de-invitada-esta-temporada-segun-una-experta\/","title":{"rendered":"La gu\u00eda definitiva para acertar con tu look de invitada esta temporada, seg\u00fan una experta"},"content":{"rendered":"<div class=\"media_block\"><\/div>\n<p><!-- AUTHOR --><\/p>\n<div class=\"voc-author-timesocial \">\n<!-- AUTHOR --><\/p>\n<div class=\"voc-author-timesocial__signature \">\n<!-- IMAGE AUTHOR -->\n<picture class=\"voc-image-signature\">\n<img class=\"voc-image-signature__img\" src=\"http:\/\/cordobainforma.info\/wp-content\/uploads\/2026\/04\/la-guia-definitiva-para-acertar-con-tu-look-de-invitada-esta-temporada-segun-una-experta.jpg\" alt=\"Carla Dom\u00ednguez\">\n<\/picture>\n<!-- INFO AUTHOR --> <\/div><\/div>\n<p><!-- COMPONENTS --><\/p>\n<p class=\"voc-paragraph\">Acertar con <a href=\"https:\/\/www.mujerhoy.com\/moda\/no-te-pierdas\/mejores-looks-semana-santa-20260323101833-nt.html\" data-voc-vtm-id=\"in-text-traffic\" title=\"un look de invitada\" data-mrf-link=\"www.mujerhoy.com\">un look de invitada<\/a> no depende solo de encontrar un vestido bonito. Cada temporada surgen nuevas tendencias, colores y siluetas apetecibles, pero lo que realmente marca la diferencia es saber interpretarlas bien. <a href=\"https:\/\/www.mujerhoy.com\/moda\/tendencias\/basicos-bordado-floral-tendencia-primavera-2026-20260324200300-nt.html\" data-voc-vtm-id=\"in-text-traffic\" title=\"Esta primavera-verano 2026,\" data-mrf-link=\"www.mujerhoy.com\">Esta primavera-verano 2026,<\/a> la invitada ya no busca \u00fanicamente un estilismo impactante, sino una f\u00f3rmula m\u00e1s completa: elegancia, comodidad y personalidad.<\/p>\n<p class=\"voc-paragraph\">M\u00e1s all\u00e1 de lo que dicte la moda en cada momento, lo interesante es c\u00f3mo esas tendencias se traducen en looks favorecedores de verdad. Ya no se trata solo de llevar algo especial, sino de <strong>construir un estilismo que funcione<\/strong> durante horas, que se adapte al tipo de evento y que, adem\u00e1s, refleje cierta autenticidad. La clave est\u00e1 en encontrar ese equilibrio entre presencia, naturalidad y sentido pr\u00e1ctico que hace que un look no solo se vea bien, sino que tambi\u00e9n se sienta bien.<\/p>\n<div class=\"v-c-cmp v-c-cmp--t1 \">\n<div class=\"v-cmp-rld v-cmp-rld--2 \">\n<div class=\"v-cnt-m v-cnt-m--m\">\n<div class=\"v-cnt-m__c\">\n<div class=\"v-cnt-m__w v-cnt-m__w--1\">\n<p class=\"v-cnt-m__t\">\nTAMBI\u00c9N TE INTERESA\n<\/p>\n<\/div>\n<\/div>\n<\/div>\n<div class=\"v-g v-g--2-c v-g--bdr-min-xs\">\n<div class=\"v-g__c \">\n<article class=\"v-a v-a--cmp-rld v-a--cmp-rld-2 v-a--p-l\">\n<div class=\"v-a-img-c\">\n<figure class=\"v-a-fig\">\n<a href=\"https:\/\/www.mujerhoy.com\/moda\/no-te-pierdas\/zara-revoluciona-mundo-invitadas-dos-sombreros-casquete-20260326100952-nt.html#vtm_modulosEngag=mod-rel:moda:noticia:1:cmp:2-not\" class=\"v-a-link\" title=\"Zara revoluciona el mundo de las invitadas con estos dos sombreros que agota en horas\"><br \/>\n<img loading=\"lazy\" class=\"v-a-img\" src=\"http:\/\/cordobainforma.info\/wp-content\/uploads\/2026\/04\/la-guia-definitiva-para-acertar-con-tu-look-de-invitada-esta-temporada-segun-una-experta-1.jpg\" alt=\"Zara revoluciona el mundo de las invitadas con estos dos sombreros que agota en horas\"><br \/>\n<\/a><br \/>\n<\/figure>\n<\/div>\n<\/article>\n<\/div>\n<div class=\"v-g__c \">\n<article class=\"v-a v-a--cmp-rld v-a--cmp-rld-2 v-a--p-l\">\n<div class=\"v-a-img-c\">\n<figure class=\"v-a-fig\">\n<a href=\"https:\/\/www.mujerhoy.com\/moda\/no-te-pierdas\/vestidos-primavera-toques-florales-sezane-miphai-baymo-20260326102603-nt.html#vtm_modulosEngag=mod-rel:moda:noticia:2:cmp:2-not\" class=\"v-a-link\" title=\"10 vestidos de primavera con toques florales que son pura inspiraci\u00f3n\"><br \/>\n<img loading=\"lazy\" class=\"v-a-img\" src=\"http:\/\/cordobainforma.info\/wp-content\/uploads\/2026\/04\/la-guia-definitiva-para-acertar-con-tu-look-de-invitada-esta-temporada-segun-una-experta-2.jpg\" alt=\"10 vestidos de primavera con toques florales que son pura inspiraci\u00f3n\"><br \/>\n<\/a><br \/>\n<\/figure>\n<\/div>\n<\/article>\n<\/div>\n<\/div>\n<\/div>\n<\/div>\n<p><h3 class=\"v-cmp-suh\">\nGu\u00eda para un look de invitada perfecto<br \/>\n<\/h3>\n<\/p>\n<p class=\"voc-paragraph\">Desde Miphai, <strong>Alicia D\u00e1vila, socia y fundadora de la firma<\/strong>, resume muy bien ese cambio de enfoque al explicar que \u00abla invitada busca, ante todo, elegancia y comodidad\u00bb. Y esa idea se nota especialmente en los tejidos que protagonizan la temporada. <\/p>\n<p class=\"voc-paragraph\">\u00abLos tejidos ligeros se convierten en los grandes protagonistas, aportando movimiento y frescura sin perder sofisticaci\u00f3n\u00bb, se\u00f1ala. Frente a propuestas m\u00e1s r\u00edgidas o excesivamente estructuradas, <strong>ganan terreno las prendas fluidas<\/strong>, pensadas para acompa\u00f1ar el cuerpo con naturalidad y aportar un resultado refinado sin esfuerzo aparente.<\/p>\n<p class=\"voc-paragraph\">Junto a esos tejidos m\u00e1s livianos, tambi\u00e9n destacan los vol\u00famenes sutiles, las faldas con ca\u00edda y <strong>los cortes asim\u00e9tricos.<\/strong> Son detalles que actualizan el estilismo sin volverlo excesivo y que encajan especialmente bien con una invitada que quiere verse elegante, pero tambi\u00e9n actual.<\/p>\n<p><h3 class=\"v-cmp-suh\">\nLas tendencias de invitada para primavera-verano<br \/>\n<\/h3>\n<\/p>\n<p class=\"voc-paragraph\">Como explica Alicia D\u00e1vila, esta temporada veremos \u00abvol\u00famenes muy sutiles, faldas con ca\u00edda y cortes asim\u00e9tricos que elevan el look de manera natural y moderna, sin excesos\u00bb. Y probablemente esa \u00faltima idea sea una de las claves que mejor explican hacia d\u00f3nde se mueve ahora <strong>la moda de invitada<\/strong>.<\/p>\n<p class=\"voc-paragraph\">Triunfan, por tanto, los dise\u00f1os que combinan presencia y facilidad, piezas especiales pero c\u00f3modas, capaces de funcionar en <strong>una boda, una fiesta o una celebraci\u00f3n<\/strong> sin que el look se vuelva inc\u00f3modo o demasiado r\u00edgido. La invitada de esta temporada no busca disfrazarse, sino encontrar una versi\u00f3n m\u00e1s pulida y festiva de su propio estilo.<\/p>\n<p class=\"voc-paragraph\">En cuanto a las formas, hay una f\u00f3rmula que sigue funcionando temporada tras temporada. \u00abLas siluetas que marcan la cintura combinada con faldas midi o larga siguen siendo un acierto seguro, ya que estilizan y aportan elegancia a cualquier figura\u00bb, explica Alicia D\u00e1vila. Es una de esas combinaciones que rara vez falla porque consigue equilibrio, feminidad y una silueta muy agradecida, adem\u00e1s de adaptarse con facilidad a distintos tipos de evento seg\u00fan <strong>el tejido o los complementos.<\/strong><\/p>\n<p class=\"voc-paragraph\">En color, la temporada se mueve entre dos registros muy claros. Por un lado, los tonos suaves y luminosos; por otro, <strong>los colores intensos<\/strong> con personalidad. Desde Miphai destacan \u00ablos tonos pastel junto a colores vibrantes como p\u00farpura, fucsia y verde esmeralda\u00bb. A eso se suman tambi\u00e9n los estampados florales, que, seg\u00fan apunta la firma, \u00abse reinterpretan con un enfoque m\u00e1s art\u00edstico, aportando personalidad al look sin resultar excesivos\u00bb.<\/p>\n<p class=\"voc-paragraph\">Los tonos pastel siguen funcionando muy bien en bodas de d\u00eda, celebraciones al aire libre o estilismos que buscan un punto delicado y rom\u00e1ntico. <strong>Los colores vibrantes<\/strong>, en cambio, son perfectos para invitadas que quieren m\u00e1s presencia visual y un resultado m\u00e1s rotundo. En ambos casos, la clave no est\u00e1 tanto en seguir una paleta concreta como en elegir la que mejor encaje con el momento del evento y con el propio estilo.<\/p>\n<p class=\"voc-paragraph\">Ahora bien, por muy bonita que sea una tendencia, hay un fallo que se repite cada temporada. Alicia D\u00e1vila lo resume de forma muy clara: <strong>\u00abEl error m\u00e1s habitual<\/strong> es centrarse \u00fanicamente en la tendencia y olvidar el contexto del evento: el clima, el horario o el tipo de celebraci\u00f3n\u00bb. Y ah\u00ed est\u00e1, probablemente, una de las diferencias entre un look simplemente bonito y uno realmente bien resuelto.<\/p>\n<p><h3 class=\"v-cmp-suh\">\nIdeas de vestidos de invitada que sientan muy bien<br \/>\n<\/h3>\n<\/p>\n<div class=\"v-c-cmp \">\n<div class=\"v-cmp-m v-cmp-m--t1\">\n<article class=\"v-a v-a--cmp-m v-c-cmp--m-p\">\n<div class=\"v-a-img-c v-a-img-c--fw-xs\">\n<div class=\"v-a-fig\">\n<div class=\"v-a-link\">\n<img loading=\"lazy\" src=\"http:\/\/cordobainforma.info\/wp-content\/uploads\/2026\/04\/la-guia-definitiva-para-acertar-con-tu-look-de-invitada-esta-temporada-segun-una-experta-3.jpg\" class=\"v-a-img\" width=\"650\" height=\"975\" alt=\"Vestido marr\u00f3n Tempo de Miphai\" data-voc-vtm-id=\"in-text-traffic\">\n<\/div><figcaption class=\"v-fc\">\n<span class=\"v-fc__t\"><br \/>\nVestido marr\u00f3n Tempo de Miphai<br \/>\n<\/span><br \/>\n<span class=\"v-fc__p\"><br \/>\nMiphai.<br \/>\n<\/span><br \/>\n<\/figcaption><\/div>\n<\/div>\n<\/article>\n<\/div>\n<\/div>\n<p><h3 class=\"v-cmp-suh\">\nVestido marr\u00f3n Tempo de Miphai<br \/>\n<\/h3>\n<\/p>\n<p class=\"voc-paragraph\">Uno de los nuevos vestidos de Miphai es este modelo en color marr\u00f3n. Es un dise\u00f1o confeccionado en un exquisita gasa con relieve. Se trata de un vestido de invitada que destaca por su dise\u00f1o estructurado.<\/p>\n<div class=\"v-c-cmp \">\n<div class=\"v-cmp-m v-cmp-m--t1\">\n<article class=\"v-a v-a--cmp-m v-c-cmp--m-p\">\n<div class=\"v-a-img-c v-a-img-c--fw-xs\">\n<div class=\"v-a-fig\">\n<div class=\"v-a-link\">\n<img loading=\"lazy\" src=\"http:\/\/cordobainforma.info\/wp-content\/uploads\/2026\/04\/la-guia-definitiva-para-acertar-con-tu-look-de-invitada-esta-temporada-segun-una-experta-4.jpg\" class=\"v-a-img\" width=\"650\" height=\"975\" alt=\"Vestido largo con estampado de flores de Lady Pipa.\" data-voc-vtm-id=\"in-text-traffic\">\n<\/div><figcaption class=\"v-fc\">\n<span class=\"v-fc__t\"><br \/>\nVestido largo con estampado de flores de Lady Pipa.<br \/>\n<\/span><br \/>\n<span class=\"v-fc__p\"><br \/>\nLady Pipa<br \/>\n<\/span><br \/>\n<\/figcaption><\/div>\n<\/div>\n<\/article>\n<\/div>\n<\/div>\n<p><h3 class=\"v-cmp-suh\">\nVestido largo con estampado de flores de Lady Pipa<br \/>\n<\/h3>\n<\/p>\n<p class=\"voc-paragraph\">Otro dise\u00f1o ideal es este modelo de la firma Lady Pipa. Se trata de un vestido con estampado de flores. Es un vestido con escote palabra de honor que lleva goma en el escote delantero y trasero. Un vestido con movimiento y mucha personalidad para tus pr\u00f3ximos eventos.<\/p>\n<div class=\"v-c-cmp \">\n<div class=\"v-cmp-m v-cmp-m--t1\">\n<article class=\"v-a v-a--cmp-m v-c-cmp--m-p\">\n<div class=\"v-a-img-c v-a-img-c--fw-xs\">\n<div class=\"v-a-fig\">\n<div class=\"v-a-link\">\n<img loading=\"lazy\" src=\"http:\/\/cordobainforma.info\/wp-content\/uploads\/2026\/04\/la-guia-definitiva-para-acertar-con-tu-look-de-invitada-esta-temporada-segun-una-experta-5.jpg\" class=\"v-a-img\" width=\"650\" height=\"975\" alt=\"Vestido cruzado con tejido en rosa de Polin et Moi.\" data-voc-vtm-id=\"in-text-traffic\">\n<\/div><figcaption class=\"v-fc\">\n<span class=\"v-fc__t\"><br \/>\nVestido cruzado con tejido en rosa de Polin et Moi.<br \/>\n<\/span><br \/>\n<span class=\"v-fc__p\"><br \/>\nPolin et Moi.<br \/>\n<\/span><br \/>\n<\/figcaption><\/div>\n<\/div>\n<\/article>\n<\/div>\n<\/div>\n<p><h3 class=\"v-cmp-suh\">\nVestido cruzado con tejido en rosa de Polin et Moi<br \/>\n<\/h3>\n<\/p>\n<p class=\"voc-paragraph\">Uno de los vestidos m\u00e1s exitosos de la firma es este dise\u00f1o con manga corta y escote cruzado en V. Est\u00e1 fabricado en un tejido con textura y fluido que aporta comodidad y un toque femenino.<\/p>\n<div class=\"v-c-cmp v-c-cmp--t1 \">\n<div class=\"v-cmp-rld v-cmp-rld--2 \">\n<div class=\"v-cnt-m v-cnt-m--m\">\n<div class=\"v-cnt-m__c\">\n<div class=\"v-cnt-m__w v-cnt-m__w--1\">\n<p class=\"v-cnt-m__t\">\nTAMBI\u00c9N TE INTERESA\n<\/p>\n<\/div>\n<\/div>\n<\/div>\n<div class=\"v-g v-g--2-c v-g--bdr-min-xs\">\n<div class=\"v-g__c \">\n<article class=\"v-a v-a--cmp-rld v-a--cmp-rld-2 v-a--p-l\">\n<div class=\"v-a-img-c\">\n<figure class=\"v-a-fig\">\n<a href=\"https:\/\/www.mujerhoy.com\/moda\/no-te-pierdas\/kate-middleton-vestido-gris-anos-50-look-presidente-nigeria-20260318160632-nt.html#vtm_modulosEngag=mod-rel:moda:noticia:1:cmp:2-not\" class=\"v-a-link\" title=\"El original look de Kate Middleton para recibir al presidente de Nigeria: inspiraci\u00f3n de los a\u00f1os 50 y con un detalle oculto\"><br \/>\n<img loading=\"lazy\" class=\"v-a-img\" src=\"http:\/\/cordobainforma.info\/wp-content\/uploads\/2026\/04\/la-guia-definitiva-para-acertar-con-tu-look-de-invitada-esta-temporada-segun-una-experta-6.jpg\" alt=\"El original look de Kate Middleton para recibir al presidente de Nigeria: inspiraci\u00f3n de los a\u00f1os 50 y con un detalle oculto\"><br \/>\n<\/a><br \/>\n<\/figure>\n<\/div>\n<\/article>\n<\/div>\n<div class=\"v-g__c \">\n<article class=\"v-a v-a--cmp-rld v-a--cmp-rld-2 v-a--p-l\">\n<div class=\"v-a-img-c\">\n<figure class=\"v-a-fig\">\n<a href=\"https:\/\/www.mujerhoy.com\/moda\/no-te-pierdas\/futuras-invitadas-inspiraran-vestido-grace-kelly-jessie-buckley-oscars-20260316122110-nt.html#vtm_modulosEngag=mod-rel:moda:noticia:2:cmp:2-not\" class=\"v-a-link\" title=\"Las futuras invitadas se inspirar\u00e1n en el vestido Grace Kelly de Jessie Buckley esta temporada\"><br \/>\n<img loading=\"lazy\" class=\"v-a-img\" src=\"http:\/\/cordobainforma.info\/wp-content\/uploads\/2026\/04\/la-guia-definitiva-para-acertar-con-tu-look-de-invitada-esta-temporada-segun-una-experta-7.jpg\" alt=\"Las futuras invitadas se inspirar\u00e1n en el vestido Grace Kelly de Jessie Buckley esta temporada\"><br \/>\n<\/a><br \/>\n<\/figure>\n<\/div>\n<\/article>\n<\/div>\n<\/div>\n<\/div>\n<\/div>\n","protected":false},"excerpt":{"rendered":"<p>Acertar con un look de invitada no depende solo de encontrar un vestido bonito. Cada temporada surgen nuevas tendencias, colores y siluetas apetecibles, pero lo que realmente marca la diferencia es saber interpretarlas bien. Esta primavera-verano 2026, la invitada ya no busca \u00fanicamente un estilismo impactante, sino una f\u00f3rmula m\u00e1s completa: elegancia, comodidad y personalidad. [&hellip;]<\/p>\n","protected":false},"author":1,"featured_media":190833,"comment_status":"closed","ping_status":"closed","sticky":false,"template":"","format":"standard","meta":[],"categories":[24],"tags":[],"_links":{"self":[{"href":"http:\/\/cordobainforma.info\/index.php\/wp-json\/wp\/v2\/posts\/190832"}],"collection":[{"href":"http:\/\/cordobainforma.info\/index.php\/wp-json\/wp\/v2\/posts"}],"about":[{"href":"http:\/\/cordobainforma.info\/index.php\/wp-json\/wp\/v2\/types\/post"}],"author":[{"embeddable":true,"href":"http:\/\/cordobainforma.info\/index.php\/wp-json\/wp\/v2\/users\/1"}],"replies":[{"embeddable":true,"href":"http:\/\/cordobainforma.info\/index.php\/wp-json\/wp\/v2\/comments?post=190832"}],"version-history":[{"count":0,"href":"http:\/\/cordobainforma.info\/index.php\/wp-json\/wp\/v2\/posts\/190832\/revisions"}],"wp:featuredmedia":[{"embeddable":true,"href":"http:\/\/cordobainforma.info\/index.php\/wp-json\/wp\/v2\/media\/190833"}],"wp:attachment":[{"href":"http:\/\/cordobainforma.info\/index.php\/wp-json\/wp\/v2\/media?parent=190832"}],"wp:term":[{"taxonomy":"category","embeddable":true,"href":"http:\/\/cordobainforma.info\/index.php\/wp-json\/wp\/v2\/categories?post=190832"},{"taxonomy":"post_tag","embeddable":true,"href":"http:\/\/cordobainforma.info\/index.php\/wp-json\/wp\/v2\/tags?post=190832"}],"curies":[{"name":"wp","href":"https:\/\/api.w.org\/{rel}","templated":true}]}}