{"id":190820,"date":"2026-04-30T06:27:00","date_gmt":"2026-04-30T06:27:00","guid":{"rendered":"http:\/\/cordobainforma.info\/index.php\/2026\/04\/30\/fondos-buitre-el-senado-avalo-un-acuerdo-por-usd-171-millones-y-el-gobierno-gano-tiempo-hasta-mayo\/"},"modified":"2026-04-30T06:27:00","modified_gmt":"2026-04-30T06:27:00","slug":"fondos-buitre-el-senado-avalo-un-acuerdo-por-usd-171-millones-y-el-gobierno-gano-tiempo-hasta-mayo","status":"publish","type":"post","link":"http:\/\/cordobainforma.info\/index.php\/2026\/04\/30\/fondos-buitre-el-senado-avalo-un-acuerdo-por-usd-171-millones-y-el-gobierno-gano-tiempo-hasta-mayo\/","title":{"rendered":"Fondos buitre: el Senado aval\u00f3 un acuerdo por USD 171 millones y el Gobierno gan\u00f3 tiempo hasta mayo"},"content":{"rendered":"<div class=\"media_block\"><\/div>\n<div><img src=\"http:\/\/cordobainforma.info\/wp-content\/uploads\/2026\/04\/fondos-buitre-el-senado-avalo-un-acuerdo-por-usd-171-millones-y-el-gobierno-gano-tiempo-hasta-mayo.jpg\" class=\"ff-og-image-inserted\"><\/div>\n<p>El <a target=\"_blank\" href=\"https:\/\/www.perfil.com\/noticias\/politica\/la-aplanadora-de-bullrich-el-blindaje-del-gobierno-para-aprobar-sus-tres-reformas-mas-controvertidas.phtml\" rel=\"noopener noreferrer\"><strong>Gobierno<\/strong><\/a> consigui\u00f3 este martes un dictamen clave en el <a target=\"_blank\" href=\"https:\/\/www.perfil.com\/noticias\/politica\/milei-activa-la-reforma-electoral-bullrich-coto-y-menem-los-apellidos-alrededor-del-proyecto.phtml\" rel=\"noopener noreferrer\"><strong>Senado<\/strong><\/a> para avanzar con el acuerdo con dos fondos buitre por <strong>USD 171 millones<\/strong>. Las comisiones de Presupuesto y Hacienda y de Econom\u00eda Nacional e Inversi\u00f3n respaldaron el entendimiento con <strong>Bainbridge Ltd.<\/strong> y <strong>Attestor Value Master Fund LP<\/strong>.<\/p>\n<p>El proyecto lleg\u00f3 al <a target=\"_blank\" href=\"https:\/\/www.perfil.com\/noticias\/cordoba\/cordoba-tiene-al-mejor-y-al-peor-senador-del-pais-segun-un-nuevo-ranking-de-imagen.phtml\" rel=\"noopener noreferrer\">Congreso<\/a> con una advertencia de la <a target=\"_blank\" href=\"https:\/\/www.perfil.com\/noticias\/nea\/la-ucr-se-divide-por-las-paso-vischi-y-abad-exponen-diferencias-clave-en-el-senado.phtml\" rel=\"noopener noreferrer\">Casa Rosada<\/a>: el <strong>30 de abril<\/strong> figuraba como fecha l\u00edmite para evitar que el litigio volviera a activarse bajo condiciones financieras m\u00e1s costosas para el pa\u00eds. Durante el plenario, el oficialismo inform\u00f3 que el procurador del Tesoro, <strong>Sebasti\u00e1n Amerio<\/strong>, comunic\u00f3 una pr\u00f3rroga hasta el <strong>31 de mayo<\/strong>.<\/p>\n<p>El entendimiento contempla una <strong>quita superior al 30% sobre los montos reclamados por los acreedores<\/strong> en sentencias firmes dictadas bajo jurisdicci\u00f3n estadounidense. Si el Congreso lo aprueba, el Estado argentino pagar\u00e1 <strong>USD 67 millones a Bainbridge y USD 104 millones a Attestor<\/strong>.<\/p>\n<div class=\"subscription\" readability=\"6.683257918552\">\n<p> Esto no les gusta a los autoritarios <\/p>\n<div class=\"subscription__container\" readability=\"6.1467391304348\">\n<div class=\"subscription__text-wrapper\" readability=\"31.20652173913\">\n<p> El ejercicio del periodismo profesional y cr\u00edtico es un pilar fundamental de la democracia. Por eso molesta a quienes creen ser los due\u00f1os de la verdad. <\/p>\n<\/p><\/div><\/div><\/div>\n<p class=\"destacadoNota\"><a target=\"_blank\" href=\"https:\/\/www.perfil.com\/noticias\/canal-e\/reforma-de-salud-mental-que-cambia-con-el-nuevo-proyecto.phtml\" rel=\"noopener noreferrer\">Reforma de salud mental: qu\u00e9 cambia con el nuevo proyecto<\/a><\/p>\n<p>La operaci\u00f3n se har\u00e1 bajo el mecanismo internacional de \u00ab<strong>entrega contra pago\u00bb<\/strong>. Ese formato establece que los fondos se liberar\u00e1n al mismo tiempo que se cancelen los bonos. Los acreedores, adem\u00e1s, asumir\u00e1n los costos legales generados por el litigio. El texto incorpora una cl\u00e1usula \u00ab<strong>standstill\u00bb<\/strong>, que impide a los fondos iniciar nuevas acciones judiciales o interferir en operaciones financieras argentinas mientras se completa la operaci\u00f3n.<\/p>\n<h2>Estrategia libertaria<\/h2>\n<p>La Casa Rosada tambi\u00e9n busca cerrar los procesos de <strong>discovery<\/strong> sobre bienes argentinos en el exterior. Esas investigaciones incluyen pedidos de informaci\u00f3n sobre cuentas bancarias, finanzas, privatizaciones y otros activos del pa\u00eds. En el mensaje enviado al Congreso, con las firmas de <strong>Javier Milei<\/strong>, el ministro de Justicia, <strong>Juan Bautista Mahiques<\/strong>, y el jefe de Gabinete, <strong>Manuel Adorni<\/strong>, el Ejecutivo sostuvo que la aprobaci\u00f3n del acuerdo permitir\u00eda dar por terminada esa b\u00fasqueda de activos.<\/p>\n<p>Para el Gobierno, ese cierre ayudar\u00eda a reducir el margen de acci\u00f3n judicial de los acreedores en Estados Unidos, limitar riesgos sobre activos argentinos y reforzar el mensaje de cumplimiento frente a sentencias firmes.<\/p>\n<h2>El kirchnerismo vot\u00f3 en contra<\/h2>\n<p>El dictamen fue acompa\u00f1ado por libertarios y bloques dialoguistas. Uni\u00f3n por la Patria present\u00f3 un dictamen de minor\u00eda para rechazar el acuerdo.<\/p>\n<p>El senador <strong>Agust\u00edn Monteverde<\/strong>, presidente de la comisi\u00f3n de Presupuesto y Hacienda, defendi\u00f3 el avance del proyecto y afirm\u00f3 que el entendimiento permite terminar el litigio con los principales acreedores holdouts. Desde el PRO, <strong>Mart\u00edn Goerling Lara<\/strong>, titular de Econom\u00eda Nacional e Inversi\u00f3n, sostuvo que la aprobaci\u00f3n ayudar\u00eda a dejar atr\u00e1s una etapa marcada por embargos y riesgos sobre activos estrat\u00e9gicos.<\/p>\n<p class=\"destacadoNota\"><a target=\"_blank\" href=\"https:\/\/www.perfil.com\/noticias\/politica\/la-pelea-por-43-ascensos-de-diplomaticos-desato-una-interna-en-cancilleria.phtml\" rel=\"noopener noreferrer\">La pelea por 43 ascensos de diplom\u00e1ticos desat\u00f3 una interna en Canciller\u00eda<\/a><\/p>\n<p>El rechazo opositor lo argument\u00f3 <strong>Jorge Capitanich<\/strong>. El exgobernador chaque\u00f1o <strong>advirti\u00f3 que el acuerdo puede generar efectos institucionales, fiscales y jur\u00eddicos<\/strong>, y cuestion\u00f3 que se trate de negociaciones individuales con acreedores litigantes. Tambi\u00e9n sostuvo que una decisi\u00f3n de este tipo podr\u00eda debilitar la posici\u00f3n del Estado frente a futuros reclamos.<\/p>\n<h2>La Casa Rosada quiere llevarlo r\u00e1pido al recinto<\/h2>\n<p>Desde La Libertad Avanza (LLA) respondieron que el pago forma parte de una<strong> deuda heredada<\/strong> que es, de hecho, de la<strong> crisis del 2001<\/strong>. <strong>Bartolom\u00e9 Abdala<\/strong> record\u00f3 que existe una sentencia firme desde hace a\u00f1os y defendi\u00f3 la necesidad de cumplir con esos compromisos. <strong>Ezequiel Atauche<\/strong> sostuvo que el acuerdo puede ayudar a \u00abrecuperar confianza, bajar el riesgo pa\u00eds y mejorar las condiciones de financiamiento\u00bb.<\/p>\n<p>Tambi\u00e9n intervino <strong>Patricia Bullrich<\/strong>, jefa del bloque libertario, que cuestion\u00f3 al kirchnerismo por rechazar una negociaci\u00f3n que el oficialismo considera necesaria para cerrar otro litigio en Estados Unidos.<\/p>\n<p>El dictamen deber\u00e1 ser tratado ahora en el recinto del Senado. Si consigue aprobaci\u00f3n, pasar\u00e1 a Diputados. La pr\u00f3rroga hasta el 31 de mayo le dio al Gobierno m\u00e1s margen, aunque la Casa Rosada quiere cerrar el expediente antes de que el conflicto vuelva a tomar fuerza en tribunales estadounidenses.<\/p>\n<p><em>DCQ<\/em><\/p>\n","protected":false},"excerpt":{"rendered":"<p>El Gobierno consigui\u00f3 este martes un dictamen clave en el Senado para avanzar con el acuerdo con dos fondos buitre por USD 171 millones. Las comisiones de Presupuesto y Hacienda y de Econom\u00eda Nacional e Inversi\u00f3n respaldaron el entendimiento con Bainbridge Ltd. y Attestor Value Master Fund LP. El proyecto lleg\u00f3 al Congreso con una [&hellip;]<\/p>\n","protected":false},"author":1,"featured_media":190821,"comment_status":"closed","ping_status":"closed","sticky":false,"template":"","format":"standard","meta":[],"categories":[2],"tags":[],"_links":{"self":[{"href":"http:\/\/cordobainforma.info\/index.php\/wp-json\/wp\/v2\/posts\/190820"}],"collection":[{"href":"http:\/\/cordobainforma.info\/index.php\/wp-json\/wp\/v2\/posts"}],"about":[{"href":"http:\/\/cordobainforma.info\/index.php\/wp-json\/wp\/v2\/types\/post"}],"author":[{"embeddable":true,"href":"http:\/\/cordobainforma.info\/index.php\/wp-json\/wp\/v2\/users\/1"}],"replies":[{"embeddable":true,"href":"http:\/\/cordobainforma.info\/index.php\/wp-json\/wp\/v2\/comments?post=190820"}],"version-history":[{"count":0,"href":"http:\/\/cordobainforma.info\/index.php\/wp-json\/wp\/v2\/posts\/190820\/revisions"}],"wp:featuredmedia":[{"embeddable":true,"href":"http:\/\/cordobainforma.info\/index.php\/wp-json\/wp\/v2\/media\/190821"}],"wp:attachment":[{"href":"http:\/\/cordobainforma.info\/index.php\/wp-json\/wp\/v2\/media?parent=190820"}],"wp:term":[{"taxonomy":"category","embeddable":true,"href":"http:\/\/cordobainforma.info\/index.php\/wp-json\/wp\/v2\/categories?post=190820"},{"taxonomy":"post_tag","embeddable":true,"href":"http:\/\/cordobainforma.info\/index.php\/wp-json\/wp\/v2\/tags?post=190820"}],"curies":[{"name":"wp","href":"https:\/\/api.w.org\/{rel}","templated":true}]}}